{"id":488099,"date":"2025-10-25T02:31:13","date_gmt":"2025-10-25T02:31:13","guid":{"rendered":"https:\/\/www.europesays.com\/fr\/488099\/"},"modified":"2025-10-25T02:31:13","modified_gmt":"2025-10-25T02:31:13","slug":"la-victime-blessee-par-une-balle-perdue-de-kalachnikov","status":"publish","type":"post","link":"https:\/\/www.europesays.com\/fr\/488099\/","title":{"rendered":"la victime bless\u00e9e par une balle perdue de kalachnikov"},"content":{"rendered":"<p>Il \u00e9tait 20h10, ce soir du 23\u00a0octobre lorsqu\u2019une voiture s\u2019est arr\u00eat\u00e9e devant le O\u2019central, un bar du quartier de Saint-Mauront aux portes de la <a href=\"https:\/\/www.laprovence.com\/article\/faits-divers-justice\/887064207310114\/marseille-un-homme-poignarde-au-thorax-se-presente-au-commissariat-de-felix-pyat\" target=\"_blank\" rel=\"noopener\">cit\u00e9 Felix-Pyat<\/a>, dans le 3e arrondissement de Marseille. Un homme arm\u00e9 d\u2019une kalachnikov s\u2019est alors pr\u00e9cipit\u00e9 dans l\u2019\u00e9tablissement provoquant un vent de panique parmi les clients qui s\u2019y trouvaient.<\/p>\n<p>L\u2019assaillant a fini par ouvrir le feu avant de prendre la fuite \u00e0 bord d\u2019une Peugeot 3008. Parmi les neuf \u00e9l\u00e9ments de munition d\u00e9couverts sur les lieux, une balle de calibre 7.62mm a \u00e9t\u00e9 d\u00e9couverte intacte, laissant penser que l&rsquo;arme s&rsquo;\u00e9tait peut-\u00eatre enray\u00e9e. Le commando a n\u00e9anmoins laiss\u00e9 derri\u00e8re lui un bless\u00e9, un homme de 37 ans qui venait de faire des courses dans une \u00e9picerie du quartier. Mais selon les premiers \u00e9l\u00e9ments de l\u2019enqu\u00eate, confi\u00e9e \u00e0 la brigade criminelle de la PJ, il s\u2019agirait d\u2019une victime collat\u00e9rale, atteint \u00e0 l\u2019abdomen et au bras par une balle perdue de calibre 7,62 mm ou un fragment de munition. Par chance le pronostic vital du passant n\u2019\u00e9tait pas engag\u00e9 lorsqu\u2019il a \u00e9t\u00e9 pris en charge par les marins-pompiers et transport\u00e9 \u00e0 l\u2019h\u00f4pital.<\/p>\n<p>Peu apr\u00e8s les faits, le v\u00e9hicule de guerre utilis\u00e9 par le tireur, une Peugeot 3008 d\u00e9clar&#8230;<\/p>\n","protected":false},"excerpt":{"rendered":"Il \u00e9tait 20h10, ce soir du 23\u00a0octobre lorsqu\u2019une voiture s\u2019est arr\u00eat\u00e9e devant le O\u2019central, un bar du quartier&hellip;\n","protected":false},"author":2,"featured_media":488100,"comment_status":"","ping_status":"","sticky":false,"template":"","format":"standard","meta":{"footnotes":""},"categories":[2814],"tags":[17,1111,11,10620,1777,674,274,16700,1011,27,3832,884,12,5912,882,25,96,9418],"class_list":{"0":"post-488099","1":"post","2":"type-post","3":"status-publish","4":"format-standard","5":"has-post-thumbnail","7":"category-marseille","8":"tag-17","9":"tag-actu","10":"tag-actualites","11":"tag-blessee","12":"tag-eu","13":"tag-europe","14":"tag-faits-divers-justice","15":"tag-felix-pyat","16":"tag-fr","17":"tag-france","18":"tag-fusillade","19":"tag-marseille","20":"tag-news","21":"tag-par","22":"tag-provence-alpes-cote-dazur","23":"tag-republique-francaise","24":"tag-une","25":"tag-victime"},"share_on_mastodon":{"url":"https:\/\/pubeurope.com\/@fr\/115432461730047163","error":""},"_links":{"self":[{"href":"https:\/\/www.europesays.com\/fr\/wp-json\/wp\/v2\/posts\/488099","targetHints":{"allow":["GET"]}}],"collection":[{"href":"https:\/\/www.europesays.com\/fr\/wp-json\/wp\/v2\/posts"}],"about":[{"href":"https:\/\/www.europesays.com\/fr\/wp-json\/wp\/v2\/types\/post"}],"author":[{"embeddable":true,"href":"https:\/\/www.europesays.com\/fr\/wp-json\/wp\/v2\/users\/2"}],"replies":[{"embeddable":true,"href":"https:\/\/www.europesays.com\/fr\/wp-json\/wp\/v2\/comments?post=488099"}],"version-history":[{"count":0,"href":"https:\/\/www.europesays.com\/fr\/wp-json\/wp\/v2\/posts\/488099\/revisions"}],"wp:featuredmedia":[{"embeddable":true,"href":"https:\/\/www.europesays.com\/fr\/wp-json\/wp\/v2\/media\/488100"}],"wp:attachment":[{"href":"https:\/\/www.europesays.com\/fr\/wp-json\/wp\/v2\/media?parent=488099"}],"wp:term":[{"taxonomy":"category","embeddable":true,"href":"https:\/\/www.europesays.com\/fr\/wp-json\/wp\/v2\/categories?post=488099"},{"taxonomy":"post_tag","embeddable":true,"href":"https:\/\/www.europesays.com\/fr\/wp-json\/wp\/v2\/tags?post=488099"}],"curies":[{"name":"wp","href":"https:\/\/api.w.org\/{rel}","templated":true}]}}