{"id":488101,"date":"2025-10-25T02:32:15","date_gmt":"2025-10-25T02:32:15","guid":{"rendered":"https:\/\/www.europesays.com\/fr\/488101\/"},"modified":"2025-10-25T02:32:15","modified_gmt":"2025-10-25T02:32:15","slug":"previsions-du-samedi-25-octobre-2025-11","status":"publish","type":"post","link":"https:\/\/www.europesays.com\/fr\/488101\/","title":{"rendered":"pr\u00e9visions du samedi 25 octobre 2025"},"content":{"rendered":"<p class=\"mb-4 text-lg md:leading-8 break-words\"><strong>M\u00e9t\u00e9o &#8211; La ville profitera de quelques \u00e9claircies aujourd&rsquo;hui. Les temp\u00e9ratures seront de 15\u00b0C le matin et de 17\u00b0C l&rsquo;apr\u00e8s-midi&#8230;<\/strong><\/p>\n<p class=\"mb-4 text-lg md:leading-8 break-words\">Une am\u00e9lioration est annonc\u00e9e dans la journ\u00e9e \u00e0 Marseille, o\u00f9 les nuages vont se dissiper. Les valeurs seront comprises entre 14\u00b0C et 18\u00b0C. Un vent de nord-ouest soufflera doucement. Dans la matin\u00e9e, les temp\u00e9ratures seront de 15\u00b0C. Les valeurs afficheront entre 17 et 18\u00b0C durant l&rsquo;apr\u00e8s-midi. On annonce des \u00e9claircies pour cette soir\u00e9e. On pr\u00e9voit des valeurs d&rsquo;environ 17\u00b0C. Entre samedi et dimanche, la nuit sera claire.<\/p>\n<p class=\"mb-4 text-lg md:leading-8 break-words\">Une chute des temp\u00e9ratures est attendue \u00e0 Marseille, demain. Il fera en moyenne 14\u00b0C. Le temps va progressivement s&rsquo;am\u00e9liorer dans la matin\u00e9e et laisser place \u00e0 des \u00e9claircies. Il va faire 14\u00b0C en moyenne. Demain apr\u00e8s-midi, un grand soleil brillera. Les maximales atteindront les 16\u00b0C alors que les minimales seront de 14\u00b0C. Un vent de nord-ouest soufflera \u00e0 45 km\/h. Apr\u00e8s un petit passage nuageux, le ciel va s&rsquo;\u00e9claircir dans la soir\u00e9e. Les temp\u00e9ratures seront de 13\u00b0C. Un vent de nord-ouest soufflera \u00e0 48 km\/h.<\/p>\n<p class=\"mb-4 text-lg md:leading-8 break-words\">Les jours suivants s&rsquo;annoncent similaires. Une m\u00e9t\u00e9o ensoleill\u00e9e, pour des temp\u00e9ratures de 16\u00b0C environ, est \u00e0 pr\u00e9voir.<\/p>\n<p class=\"mb-4 text-lg md:leading-8 break-words\"><a href=\"https:\/\/www.20minutes.fr\/planete\/previsions-meteo\/4181528-20251025-meteo-marseille-previsions-samedi-25-octobre-2025?at_medium=RSS%20feed&amp;at_campaign=ynews&amp;utm_source=yahoo&amp;utm_medium=rss&amp;utm_campaign=news_feed&amp;utm_content=read_more_link&quot;\" rel=\"nofollow noopener\" target=\"_blank\" data-ylk=\"slk:Lire la suite sur 20minutes;elm:context_link;itc:0;sec:content-canvas\" class=\"link \">Lire la suite sur 20minutes<\/a><\/p>\n","protected":false},"excerpt":{"rendered":"M\u00e9t\u00e9o &#8211; La ville profitera de quelques \u00e9claircies aujourd&rsquo;hui. Les temp\u00e9ratures seront de 15\u00b0C le matin et de&hellip;\n","protected":false},"author":2,"featured_media":488102,"comment_status":"","ping_status":"","sticky":false,"template":"","format":"standard","meta":{"footnotes":""},"categories":[2814],"tags":[1111,11,1777,674,1011,27,51394,884,2487,12,882,25],"class_list":{"0":"post-488101","1":"post","2":"type-post","3":"status-publish","4":"format-standard","5":"has-post-thumbnail","7":"category-marseille","8":"tag-actu","9":"tag-actualites","10":"tag-eu","11":"tag-europe","12":"tag-fr","13":"tag-france","14":"tag-la-matinee","15":"tag-marseille","16":"tag-meteo","17":"tag-news","18":"tag-provence-alpes-cote-dazur","19":"tag-republique-francaise"},"share_on_mastodon":{"url":"https:\/\/pubeurope.com\/@fr\/115432465655630235","error":""},"_links":{"self":[{"href":"https:\/\/www.europesays.com\/fr\/wp-json\/wp\/v2\/posts\/488101","targetHints":{"allow":["GET"]}}],"collection":[{"href":"https:\/\/www.europesays.com\/fr\/wp-json\/wp\/v2\/posts"}],"about":[{"href":"https:\/\/www.europesays.com\/fr\/wp-json\/wp\/v2\/types\/post"}],"author":[{"embeddable":true,"href":"https:\/\/www.europesays.com\/fr\/wp-json\/wp\/v2\/users\/2"}],"replies":[{"embeddable":true,"href":"https:\/\/www.europesays.com\/fr\/wp-json\/wp\/v2\/comments?post=488101"}],"version-history":[{"count":0,"href":"https:\/\/www.europesays.com\/fr\/wp-json\/wp\/v2\/posts\/488101\/revisions"}],"wp:featuredmedia":[{"embeddable":true,"href":"https:\/\/www.europesays.com\/fr\/wp-json\/wp\/v2\/media\/488102"}],"wp:attachment":[{"href":"https:\/\/www.europesays.com\/fr\/wp-json\/wp\/v2\/media?parent=488101"}],"wp:term":[{"taxonomy":"category","embeddable":true,"href":"https:\/\/www.europesays.com\/fr\/wp-json\/wp\/v2\/categories?post=488101"},{"taxonomy":"post_tag","embeddable":true,"href":"https:\/\/www.europesays.com\/fr\/wp-json\/wp\/v2\/tags?post=488101"}],"curies":[{"name":"wp","href":"https:\/\/api.w.org\/{rel}","templated":true}]}}