{"id":488107,"date":"2025-10-25T02:37:34","date_gmt":"2025-10-25T02:37:34","guid":{"rendered":"https:\/\/www.europesays.com\/fr\/488107\/"},"modified":"2025-10-25T02:37:34","modified_gmt":"2025-10-25T02:37:34","slug":"navigo-remi-trajets-revolutionnes-entre-le-centre-val-de-loire-et-lile-de-france","status":"publish","type":"post","link":"https:\/\/www.europesays.com\/fr\/488107\/","title":{"rendered":"Navigo-R\u00e9mi : trajets r\u00e9volutionn\u00e9s entre le Centre-Val de Loire et l&rsquo;\u00cele-de-France"},"content":{"rendered":"<p><strong>D\u00e8s le 3 novembre 2025, les voyageurs reliant le Centre-Val de Loire et l\u2019\u00cele-de-France verront leur quotidien consid\u00e9rablement simplifi\u00e9.<\/strong><\/p>\n<p>Le Passe <a href=\"https:\/\/www.iledefrance-mobilites.fr\/actualites\/partenariat-remi-passe-navigo-annuel\" target=\"_blank\" rel=\"noopener\">Navigo\u2013R\u00e9mi<\/a>, premier support <a href=\"https:\/\/mobiwisy.fr\/categorie\/transports-collectifs\/transports-en-commun\" target=\"_blank\" rel=\"noopener\">commun de transport<\/a> entre les deux r\u00e9gions, entrera en service sur les axes Paris\u2013Dreux et Paris\u2013Montargis\u2013Gien\u2013Briare.<\/p>\n<p>Jusqu\u2019\u00e0 pr\u00e9sent, pr\u00e8s de 7 000 usagers de ces lignes de train devaient jongler avec deux abonnements distincts : <a href=\"https:\/\/www.remi-centrevaldeloire.fr\/tarifsetachats\/choisirmontitre\/abonnement-remi-zen\/\" target=\"_blank\" rel=\"noopener\">R\u00e9mi Zen<\/a> pour la partie Centre-Val de Loire et <a href=\"https:\/\/www.iledefrance-mobilites.fr\/titres-et-tarifs\" target=\"_blank\" rel=\"noopener\">Navigo<\/a> pour la portion francilienne. Une contrainte co\u00fbteuse et peu pratique pour les nombreux actifs qui effectuent chaque jour le trajet domicile-travail entre ces deux territoires.<\/p>\n<p>Le nouveau Passe Navigo-R\u00e9mi met fin \u00e0 cette complexit\u00e9. Concr\u00e8tement, les abonn\u00e9s annuels b\u00e9n\u00e9ficieront d\u00e9sormais d\u2019un support unique valable sur les deux r\u00e9seaux, d\u2019une seule attestation pour le remboursement employeur, et d\u2019une validation simplifi\u00e9e gr\u00e2ce \u00e0 un sticker holographique appos\u00e9 sur la carte Navigo existante. Le tout sans changement de tarif ni r\u00e9siliation n\u00e9cessaire.<\/p>\n<p class=\"cross-article__title\">\n        Cet article pourraitvous int\u00e9resser :    <\/p>\n<p>            <img decoding=\"async\" src=\"https:\/\/www.europesays.com\/fr\/wp-content\/uploads\/2025\/10\/AA-TLM-VIG-EXT-250627-2.jpg\"   alt=\"\"\/><\/p>\n<p>            <a href=\"https:\/\/mobiwisy.fr\/transports-collectifs\/transports-en-commun\/un-telepherique-urbain-neutre-en-energie-senvole-a-la-reunion\" target=\"_blank\" rel=\"noopener\"><br \/>\n                Un t\u00e9l\u00e9ph\u00e9rique urbain neutre en \u00e9nergie s\u2019envole \u00e0 La R\u00e9union            <\/a><\/p>\n<p><strong>Un passe pleinement int\u00e9gr\u00e9 au r\u00e9seau francilien<\/strong><\/p>\n<p>Un courrier d\u00e9taillant les modalit\u00e9s d\u2019inscription et d\u2019utilisation sera adress\u00e9 aux abonn\u00e9s d\u2019ici la fin octobre 2025.<\/p>\n<p>Ce nouveau titre de transport fonctionnera exactement comme un passe Navigo classique dans toute l\u2019\u00cele-de-France. Il permettra l\u2019acc\u00e8s \u00e0 750 gares, 15 lignes de tramway, 10 500 bus et \u00e0 l\u2019ensemble du r\u00e9seau RER et m\u00e9tro. C\u00f4t\u00e9 Centre-Val de Loire, il sera reconnu sur les gares concern\u00e9es par les deux axes cit\u00e9s, de Dreux \u00e0 Briare.<\/p>\n<p>Fruit d\u2019un partenariat in\u00e9dit entre la R\u00e9gion Centre-Val de Loire et \u00cele-de-France Mobilit\u00e9s, le dispositif traduit la volont\u00e9 commune de Fran\u00e7ois Bonneau, pr\u00e9sident de la R\u00e9gion Centre-Val de Loire, et de Val\u00e9rie P\u00e9cresse, pr\u00e9sidente de la R\u00e9gion \u00cele-de-France et d\u2019\u00cele-de-France Mobilit\u00e9s, de rendre les d\u00e9placements interr\u00e9gionaux plus simples et plus coh\u00e9rents.<\/p>\n<p>\u00ab Ce passe marque une premi\u00e8re \u00e9tape vers une mobilit\u00e9 sans couture entre nos deux r\u00e9gions \u00bb, soulignent les deux institutions, qui pr\u00e9voient d\u00e9j\u00e0 d\u2019\u00e9largir le dispositif dans les prochains mois \u00e0 d\u2019autres trajets et \u00e0 un public plus large.<\/p>\n<p>Les abonn\u00e9s R\u00e9mi Zen annuel d\u00e9tenteurs d\u2019un Navigo annuel pourront s\u2019inscrire d\u00e8s la fin octobre via un formulaire en ligne. Ils recevront leur nouveau passe par courrier, accompagn\u00e9 du sticker hologramm\u00e9 et d\u2019un guide d\u2019utilisation.<\/p>\n<p><strong>\u00c0 LIRE AUSSI : <a href=\"https:\/\/mobiwisy.fr\/transports-collectifs\/transports-en-commun\/train\/le-tgv-debarque-aux-etats-unis-et-bat-des-records-de-vitesse\" target=\"_blank\" rel=\"noopener\">Le TGV d\u00e9barque aux \u00c9tats-Unis et bat des records de vitesse<\/a><\/strong><\/p>\n","protected":false},"excerpt":{"rendered":"D\u00e8s le 3 novembre 2025, les voyageurs reliant le Centre-Val de Loire et l\u2019\u00cele-de-France verront leur quotidien consid\u00e9rablement&hellip;\n","protected":false},"author":2,"featured_media":488108,"comment_status":"","ping_status":"","sticky":false,"template":"","format":"standard","meta":{"footnotes":""},"categories":[1592],"tags":[1111,11,1777,674,1011,27,662,10883,12,626,50960,25,926],"class_list":{"0":"post-488107","1":"post","2":"type-post","3":"status-publish","4":"format-standard","5":"has-post-thumbnail","7":"category-ile-de-france","8":"tag-actu","9":"tag-actualites","10":"tag-eu","11":"tag-europe","12":"tag-fr","13":"tag-france","14":"tag-ile-de-france","15":"tag-ile-de-france-mobilites","16":"tag-news","17":"tag-paris","18":"tag-remi","19":"tag-republique-francaise","20":"tag-train"},"share_on_mastodon":{"url":"https:\/\/pubeurope.com\/@fr\/115432485944306808","error":""},"_links":{"self":[{"href":"https:\/\/www.europesays.com\/fr\/wp-json\/wp\/v2\/posts\/488107","targetHints":{"allow":["GET"]}}],"collection":[{"href":"https:\/\/www.europesays.com\/fr\/wp-json\/wp\/v2\/posts"}],"about":[{"href":"https:\/\/www.europesays.com\/fr\/wp-json\/wp\/v2\/types\/post"}],"author":[{"embeddable":true,"href":"https:\/\/www.europesays.com\/fr\/wp-json\/wp\/v2\/users\/2"}],"replies":[{"embeddable":true,"href":"https:\/\/www.europesays.com\/fr\/wp-json\/wp\/v2\/comments?post=488107"}],"version-history":[{"count":0,"href":"https:\/\/www.europesays.com\/fr\/wp-json\/wp\/v2\/posts\/488107\/revisions"}],"wp:featuredmedia":[{"embeddable":true,"href":"https:\/\/www.europesays.com\/fr\/wp-json\/wp\/v2\/media\/488108"}],"wp:attachment":[{"href":"https:\/\/www.europesays.com\/fr\/wp-json\/wp\/v2\/media?parent=488107"}],"wp:term":[{"taxonomy":"category","embeddable":true,"href":"https:\/\/www.europesays.com\/fr\/wp-json\/wp\/v2\/categories?post=488107"},{"taxonomy":"post_tag","embeddable":true,"href":"https:\/\/www.europesays.com\/fr\/wp-json\/wp\/v2\/tags?post=488107"}],"curies":[{"name":"wp","href":"https:\/\/api.w.org\/{rel}","templated":true}]}}