{"id":488125,"date":"2025-10-25T02:47:24","date_gmt":"2025-10-25T02:47:24","guid":{"rendered":"https:\/\/www.europesays.com\/fr\/488125\/"},"modified":"2025-10-25T02:47:24","modified_gmt":"2025-10-25T02:47:24","slug":"buhl-intenable-la-double-parade-de-peyraud-magnin-lentame-ratee-des-bleues-les-tops-et-flops","status":"publish","type":"post","link":"https:\/\/www.europesays.com\/fr\/488125\/","title":{"rendered":"B\u00fchl intenable, la double parade de Peyraud-Magnin, l\u2019entame rat\u00e9e des Bleues&#8230; Les Tops et Flops"},"content":{"rendered":"<p>\n    Malgr\u00e9 la double parade de Pauline Peyraud-Magnin, les Bleues ont c\u00e9d\u00e9 face \u00e0 l\u2019Allemagne de Klara B\u00fchl (1-0) en demi-finale aller de la Ligue des nations.<\/p>\n<p class=\"fig-paragraph\"><strong>Tops\u00a0<\/strong><\/p>\n<p>B\u00fchl intenable et d\u00e9cisive<\/p>\n<p class=\"fig-paragraph\">L\u2019aili\u00e8re allemande a port\u00e9 le\u00a0<a href=\"https:\/\/www.lefigaro.fr\/sports\/football\/ligue-des-nations\/en-direct-allemagne-france-les-bleues-revent-du-titre-en-ligue-des-nations-suivez-la-demi-finale-aller-20251024\" target=\"_blank\" data-fig-type=\"Live\" rel=\"sponsored noopener\" data-gtm-custom-categorie=\"navigation\" data-gtm-custom-action=\"crossclick\" data-gtm-custom-label=\"Contextuel\" data-gtm-event=\"customEventSPE\" data-fig-domain=\"LEFIGARO\">coup fatal face aux Bleues.\u00a0<\/a>Tout au long du match, Klara B\u00fchl a donn\u00e9 le tournis \u00e0 De Almeida dans son couloir gauche. En premi\u00e8re mi-temps, elle n\u2019est pas pass\u00e9e loin d\u2019ouvrir le score, mais ses frappes notamment \u00e0 la 19e n\u2019ont pas trouv\u00e9 le cadre.<\/p>\n<p>                                    <a class=\"fig-a11y-skip a11y-hidden\" href=\"#fig-a11y-skip-main-inarticle\"><br \/>\n        Passer la publicit\u00e9<br \/>\n    <\/a><\/p>\n<p class=\"fig-paragraph\">Apr\u00e8s un retour des vestiaires plus discret, elle trouve finalement la faille en trompant\u00a0<a href=\"https:\/\/www.lefigaro.fr\/sports\/football\/equipe-de-france\/euro-feminin-pauline-peyraud-magnin-une-numero-1-murie-par-l-etranger-20220713\" target=\"_blank\" data-fig-type=\"Article\" rel=\"sponsored noopener\" data-gtm-custom-categorie=\"navigation\" data-gtm-custom-action=\"crossclick\" data-gtm-custom-label=\"Contextuel\" data-gtm-event=\"customEventSPE\" data-fig-domain=\"LEFIGARO\">Pauline Peyraud-Magnin\u00a0<\/a>d\u2019une magnifique frappe puissante en dehors de la surface (79e). Remplac\u00e9e par Zicai dans la foul\u00e9e de son but sous l\u2019ovation du public de D\u00fcsseldorf.<\/p>\n<p>La double parade de Pauline Peyraud-Magnin<\/p>\n<p class=\"fig-paragraph\">Malmen\u00e9es en d\u00e9but de match, les Bleues sont rest\u00e9es au contact des Allemandes gr\u00e2ce \u00e0 une double parade splendide de<a href=\"http:\/\/www.lefigaro.fr\/sports\/football\/equipe-de-france\/equipe-de-france-f-la-gardienne-pauline-peyraud-magnin-declare-forfait-avant-la-norvege-20231025\" target=\"_blank\" data-fig-type=\"NewsFlash\" rel=\"sponsored noopener\" data-gtm-custom-categorie=\"navigation\" data-gtm-custom-action=\"crossclick\" data-gtm-custom-label=\"Contextuel\" data-gtm-event=\"customEventSPE\" data-fig-domain=\"LEFIGARO\">\u00a0Pauline Peyraud-Magnin (3e).\u00a0<\/a>Elle fut ensuite d\u00e9cisive sur la reprise \u00e0 bout portant d\u2019Anyomi qui joue mal le coup (voir flop). Malheureusement, elle est trop courte pour stopper la frappe de B\u00fchl.<\/p>\n<p class=\"fig-paragraph\"><strong>Flops<\/strong><\/p>\n<p>L\u2019entame rat\u00e9e des Bleues<\/p>\n<p class=\"fig-paragraph\"><a href=\"http:\/\/www.lefigaro.fr\/sports\/football\/ligue-des-nations\/battues-en-allemagne-les-bleues-devront-sortir-le-grand-jeu-pour-aller-en-finale-de-ligue-des-nations-20251024\" target=\"_blank\" data-fig-type=\"NewsFlash\" rel=\"sponsored noopener\" data-gtm-custom-categorie=\"navigation\" data-gtm-custom-action=\"crossclick\" data-gtm-custom-label=\"Contextuel\" data-gtm-event=\"customEventSPE\" data-fig-domain=\"LEFIGARO\">Les Bleues ont v\u00e9cu l\u2019enfer en d\u00e9but de match face \u00e0 l\u2019Allemagne<\/a>. Dans les dix premi\u00e8res minutes, la France n\u2019a pas exist\u00e9 et aurait pu \u00eatre men\u00e9e sans la formidable double parade de sa gardienne. Quelques minutes plus tard, un penalty a failli \u00eatre siffl\u00e9 contre la d\u00e9fense tricolore apr\u00e8s un tacle de Lakrar sur l\u2019Allemande Kett. Enfin, un nouvel assaut de la Mannschaft est pass\u00e9 juste \u00e0 c\u00f4t\u00e9 de la cage fran\u00e7aise suite \u00e0 une perte de balle dans l\u2019entrejeu (10e). Une entame \u00e0 oublier.<\/p>\n<p>Anyomi inefficace<\/p>\n<p class=\"fig-paragraph\">L\u2019attaquante de Francfort ressort frustr\u00e9e de ce match. \u00c0 l\u2019instar de cette action contre Lakrar o\u00f9 Nicole Anyomi se venge d\u2019une faute non siffl\u00e9e par l\u2019arbitre en se faisant justice elle-m\u00eame. Elle n\u2019a pas su convertir la domination allemande et fut tr\u00e8s discr\u00e8te \u00e0 c\u00f4t\u00e9 notamment de B\u00fchl. Son gros rat\u00e9 face \u00e0 Peyraud-Magnin (57e) a \u00e9t\u00e9 celui de trop pour son s\u00e9lectionneur Christian W\u00fcck qui la remplace par Sch\u00fcller.<\/p>\n","protected":false},"excerpt":{"rendered":"Malgr\u00e9 la double parade de Pauline Peyraud-Magnin, les Bleues ont c\u00e9d\u00e9 face \u00e0 l\u2019Allemagne de Klara B\u00fchl (1-0)&hellip;\n","protected":false},"author":2,"featured_media":488126,"comment_status":"","ping_status":"","sticky":false,"template":"","format":"standard","meta":{"footnotes":""},"categories":[1587],"tags":[11,672,1804,1805,1803,6713,1777,674,1801,23733,22551,12,1802],"class_list":{"0":"post-488125","1":"post","2":"type-post","3":"status-publish","4":"format-standard","5":"has-post-thumbnail","7":"category-allemagne","8":"tag-actualites","9":"tag-allemagne","10":"tag-bundesrepublik-deutschland","11":"tag-de","12":"tag-deutschland","13":"tag-equipe-de-france-de-football","14":"tag-eu","15":"tag-europe","16":"tag-germany","17":"tag-ligue-des-nations","18":"tag-marie-antoinette-katoto","19":"tag-news","20":"tag-republique-federale-dallemagne"},"share_on_mastodon":{"url":"https:\/\/pubeurope.com\/@fr\/115432524556020052","error":""},"_links":{"self":[{"href":"https:\/\/www.europesays.com\/fr\/wp-json\/wp\/v2\/posts\/488125","targetHints":{"allow":["GET"]}}],"collection":[{"href":"https:\/\/www.europesays.com\/fr\/wp-json\/wp\/v2\/posts"}],"about":[{"href":"https:\/\/www.europesays.com\/fr\/wp-json\/wp\/v2\/types\/post"}],"author":[{"embeddable":true,"href":"https:\/\/www.europesays.com\/fr\/wp-json\/wp\/v2\/users\/2"}],"replies":[{"embeddable":true,"href":"https:\/\/www.europesays.com\/fr\/wp-json\/wp\/v2\/comments?post=488125"}],"version-history":[{"count":0,"href":"https:\/\/www.europesays.com\/fr\/wp-json\/wp\/v2\/posts\/488125\/revisions"}],"wp:featuredmedia":[{"embeddable":true,"href":"https:\/\/www.europesays.com\/fr\/wp-json\/wp\/v2\/media\/488126"}],"wp:attachment":[{"href":"https:\/\/www.europesays.com\/fr\/wp-json\/wp\/v2\/media?parent=488125"}],"wp:term":[{"taxonomy":"category","embeddable":true,"href":"https:\/\/www.europesays.com\/fr\/wp-json\/wp\/v2\/categories?post=488125"},{"taxonomy":"post_tag","embeddable":true,"href":"https:\/\/www.europesays.com\/fr\/wp-json\/wp\/v2\/tags?post=488125"}],"curies":[{"name":"wp","href":"https:\/\/api.w.org\/{rel}","templated":true}]}}