{"id":488139,"date":"2025-10-25T02:56:16","date_gmt":"2025-10-25T02:56:16","guid":{"rendered":"https:\/\/www.europesays.com\/fr\/488139\/"},"modified":"2025-10-25T02:56:16","modified_gmt":"2025-10-25T02:56:16","slug":"alexander-zverev-officiellement-qualifie-pour-le-masters-de-turin","status":"publish","type":"post","link":"https:\/\/www.europesays.com\/fr\/488139\/","title":{"rendered":"Alexander Zverev officiellement qualifi\u00e9 pour le Masters de Turin"},"content":{"rendered":"<p>                <img decoding=\"async\" src=\"https:\/\/www.europesays.com\/fr\/wp-content\/uploads\/2025\/10\/VeeK.jpg\" fetchpriority=\"high\" alt=\"Alexander Zverev officiellement qualifi\u00e9 pour le Masters de Turin\"\/><\/p>\n<p><strong>Champion en 2018 et 2021, Alexander Zverev est officiellement qualifi\u00e9 pour le Masters 2025.<\/strong><\/p>\n<p>Apr\u00e8s Alcaraz, Sinner et Djokovic, c\u2019est au tour de l\u2019Allemand de se qualifier officiellement pour le tournoi des ma\u00eetres qui aura lieu du 9 au 17 novembre \u00e0 Turin. Il s\u2019agira ainsi de sa huiti\u00e8me participation.<\/p>\n<p>Malgr\u00e9 des hauts et des bas cette saison, le joueur de 28 ans a \u00e9t\u00e9 finaliste \u00e0 l\u2019Open d\u2019Australie en d\u00e9but d\u2019ann\u00e9e, a remport\u00e9 un ATP 500 (Munich) et a atteint \u00e0 deux reprises les demi-finales d\u2019un Masters 1000 (Toronto et Cincinnati).<\/p>\n<p>Vainqueur en 2018 et 2021, il n\u2019y avait pas particip\u00e9 en 2022 (blessure), n\u2019\u00e9tait pas sorti des poules en 2023 et s&rsquo;\u00e9tait hiss\u00e9 en demi-finales en 2024 (d\u00e9faite contre Fritz : 6-3, 3-6, 7-6).<\/p>\n","protected":false},"excerpt":{"rendered":"Champion en 2018 et 2021, Alexander Zverev est officiellement qualifi\u00e9 pour le Masters 2025. Apr\u00e8s Alcaraz, Sinner et&hellip;\n","protected":false},"author":2,"featured_media":488140,"comment_status":"","ping_status":"","sticky":false,"template":"","format":"standard","meta":{"footnotes":""},"categories":[1415],"tags":[1011,27,60,1467],"class_list":{"0":"post-488139","1":"post","2":"type-post","3":"status-publish","4":"format-standard","5":"has-post-thumbnail","7":"category-tennis","8":"tag-fr","9":"tag-france","10":"tag-sports","11":"tag-tennis"},"share_on_mastodon":{"url":"https:\/\/pubeurope.com\/@fr\/115432560388515801","error":""},"_links":{"self":[{"href":"https:\/\/www.europesays.com\/fr\/wp-json\/wp\/v2\/posts\/488139","targetHints":{"allow":["GET"]}}],"collection":[{"href":"https:\/\/www.europesays.com\/fr\/wp-json\/wp\/v2\/posts"}],"about":[{"href":"https:\/\/www.europesays.com\/fr\/wp-json\/wp\/v2\/types\/post"}],"author":[{"embeddable":true,"href":"https:\/\/www.europesays.com\/fr\/wp-json\/wp\/v2\/users\/2"}],"replies":[{"embeddable":true,"href":"https:\/\/www.europesays.com\/fr\/wp-json\/wp\/v2\/comments?post=488139"}],"version-history":[{"count":0,"href":"https:\/\/www.europesays.com\/fr\/wp-json\/wp\/v2\/posts\/488139\/revisions"}],"wp:featuredmedia":[{"embeddable":true,"href":"https:\/\/www.europesays.com\/fr\/wp-json\/wp\/v2\/media\/488140"}],"wp:attachment":[{"href":"https:\/\/www.europesays.com\/fr\/wp-json\/wp\/v2\/media?parent=488139"}],"wp:term":[{"taxonomy":"category","embeddable":true,"href":"https:\/\/www.europesays.com\/fr\/wp-json\/wp\/v2\/categories?post=488139"},{"taxonomy":"post_tag","embeddable":true,"href":"https:\/\/www.europesays.com\/fr\/wp-json\/wp\/v2\/tags?post=488139"}],"curies":[{"name":"wp","href":"https:\/\/api.w.org\/{rel}","templated":true}]}}