{"id":488164,"date":"2025-10-25T03:13:13","date_gmt":"2025-10-25T03:13:13","guid":{"rendered":"https:\/\/www.europesays.com\/fr\/488164\/"},"modified":"2025-10-25T03:13:13","modified_gmt":"2025-10-25T03:13:13","slug":"les-etats-unis-envoient-un-porte-avions-dans-les-caraibes-augmentant-la-pression-contre-le-venezuela","status":"publish","type":"post","link":"https:\/\/www.europesays.com\/fr\/488164\/","title":{"rendered":"Les \u00c9tats-Unis envoient un porte-avions dans les Cara\u00efbes, augmentant la pression contre le Venezuela"},"content":{"rendered":"<p>\n    <strong>R\u00c9CIT <\/strong>&#8211; La guerre contre le trafic de drogue en Am\u00e9rique latine vise \u00e0 d\u00e9stabiliser le r\u00e9gime de Nicol\u00e1s Maduro, accus\u00e9 par l\u2019administration am\u00e9ricaine de complicit\u00e9 dans les trafics.<\/p>\n<p class=\"fig-paragraph\">La campagne\u00a0<a href=\"http:\/\/www.lefigaro.fr\/international\/les-etats-unis-annoncent-une-nouvelle-frappe-contre-un-bateau-de-narcotrafiquants-presumes-dans-le-pacifique-20251023\" data-fig-type=\"NewsFlash\" data-gtm-custom-categorie=\"navigation\" data-gtm-custom-action=\"crossclick\" data-gtm-custom-label=\"Contextuel\" data-gtm-event=\"customEventSPE\" data-fig-domain=\"LEFIGARO\" target=\"_blank\" rel=\"noopener\">contre le trafic de drogue dans les Cara\u00efbes<\/a>\u00a0\u00e9volue vers une op\u00e9ration militaire visant \u00e0 d\u00e9stabiliser\u00a0<a href=\"http:\/\/www.lefigaro.fr\/flash-actu\/face-a-la-menace-americaine-nicolas-maduro-affirme-que-le-venezuela-dispose-de-5000-missiles-antiaeriens-20251023\" data-fig-type=\"NewsFlash\" data-gtm-custom-categorie=\"navigation\" data-gtm-custom-action=\"crossclick\" data-gtm-custom-label=\"Contextuel\" data-gtm-event=\"customEventSPE\" data-fig-domain=\"LEFIGARO\" target=\"_blank\" rel=\"noopener\">le r\u00e9gime de Nicol\u00e1s Maduro au Venezuela<\/a>. Le Pentagone a annonc\u00e9 vendredi l\u2019envoi du porte-avions USS Gerald Ford et de son groupe a\u00e9ronaval dans la r\u00e9gion. Les forces d\u00e9j\u00e0 d\u00e9ploy\u00e9es dans la r\u00e9gion comptent une dizaine de navires, dont un b\u00e2timent d\u2019assaut amphibie et son d\u00e9tachement de Marines, un croiseur lance-missiles, plusieurs destroyers et un sous-marin d\u2019attaque. Ce d\u00e9ploiement naval, renforc\u00e9 par une escadrille\u00a0<a href=\"https:\/\/www.lefigaro.fr\/conjoncture\/en-direct-salon-du-bourget-2025-airbus-boeing-compagnies-aeriennes-stands-israeliens-armements-20250617\" data-fig-type=\"Live\" data-gtm-custom-categorie=\"navigation\" data-gtm-custom-action=\"crossclick\" data-gtm-custom-label=\"Contextuel\" data-gtm-event=\"customEventSPE\" data-fig-domain=\"LEFIGARO\" target=\"_blank\" rel=\"noopener\">de chasseurs bombardiers F-35<\/a>\u00a0et des drones d\u00e9ploy\u00e9s \u00e0 Porto Rico, d\u00e9passe largement les besoins de la lutte contre la contrebande.<\/p>\n<p class=\"fig-paragraph\">Le groupe a\u00e9ronaval du Gerald Ford est envoy\u00e9 pour \u00ab d\u00e9manteler les organisations criminelles transnationales et lutter contre le narcoterrorisme\u00a0\u00bb, a annonc\u00e9 le porte-parole du Pentagone Sean Parnell, dans un communiqu\u00e9 publi\u00e9 sur X. Jeudi, deux bombardiers strat\u00e9giques B-1 ont survol\u00e9 les eaux internationales le long des c\u00f4tes\u2026<\/p>\n<p class=\"fig-premium-paywall__infos\">\n        Cet article est r\u00e9serv\u00e9 aux abonn\u00e9s.        Il vous reste 79% \u00e0 d\u00e9couvrir.\n    <\/p>\n<p>                <img  data- alt=\"Le Figaro\" class=\"fig-img--complete fig-img\"\/><\/p>\n<p class=\"fig-premium-paywall__title\">Vous avez envie de lire la suite ?<\/p>\n<p class=\"fig-premium-paywall__subtitle\">D\u00e9bloquez tous les articles imm\u00e9diatement.<\/p>\n<p class=\"fig-premium-paywall__connect\">\n                D\u00e9j\u00e0 abonn\u00e9\u00a0?                <a class=\"fig-premium-paywall__connect-link\" href=\"https:\/\/connect.lefigaro.fr\/login?client=horizon_web&amp;type=main&amp;redirect_uri=https%3A%2F%2Fwww.lefigaro.fr%2Finternational%2Fles-etats-unis-envoient-un-porte-avions-dans-les-caraibes-augmentant-la-pression-contre-le-venezuela-20251024\" data-js-gtm=\"{&quot;customCategorie&quot;: &quot;conversion&quot;, &quot;customAction&quot;: &quot;before_Landing_Connexion_paywall_auto&quot;, &quot;customLabel&quot;: &quot;bGVmaWdhcm8uZnJfXzFmMGIxMTE0LTJlZWYtNmRiYy1iODY3LTMzY2FjMjJlMDM4Zl9fQXJ0aWNsZQ==_Les \u00c9tats-Unis envoient un porte-avions dans les Cara\u00efbes, augmentant la pression contre le Venezuela_330&quot;, &quot;customIDSPE&quot;: &quot;bGVmaWdhcm8uZnJfXzFmMGIxMTE0LTJlZWYtNmRiYy1iODY3LTMzY2FjMjJlMDM4Zl9fQXJ0aWNsZQ==&quot;, &quot;event&quot;: &quot;customEventSPE&quot;}\" target=\"_blank\" rel=\"noopener\"><br \/>\n                    Connectez-vous<br \/>\n                <\/a>\n            <\/p>\n","protected":false},"excerpt":{"rendered":"R\u00c9CIT &#8211; La guerre contre le trafic de drogue en Am\u00e9rique latine vise \u00e0 d\u00e9stabiliser le r\u00e9gime de&hellip;\n","protected":false},"author":2,"featured_media":488165,"comment_status":"","ping_status":"","sticky":false,"template":"","format":"standard","meta":{"footnotes":""},"categories":[5],"tags":[11,75,1011,27,14,12,338,28],"class_list":{"0":"post-488164","1":"post","2":"type-post","3":"status-publish","4":"format-standard","5":"has-post-thumbnail","7":"category-international","8":"tag-actualites","9":"tag-donald-trump","10":"tag-fr","11":"tag-france","12":"tag-international","13":"tag-news","14":"tag-nicolas-maduro","15":"tag-world"},"share_on_mastodon":{"url":"https:\/\/pubeurope.com\/@fr\/115432626837234331","error":""},"_links":{"self":[{"href":"https:\/\/www.europesays.com\/fr\/wp-json\/wp\/v2\/posts\/488164","targetHints":{"allow":["GET"]}}],"collection":[{"href":"https:\/\/www.europesays.com\/fr\/wp-json\/wp\/v2\/posts"}],"about":[{"href":"https:\/\/www.europesays.com\/fr\/wp-json\/wp\/v2\/types\/post"}],"author":[{"embeddable":true,"href":"https:\/\/www.europesays.com\/fr\/wp-json\/wp\/v2\/users\/2"}],"replies":[{"embeddable":true,"href":"https:\/\/www.europesays.com\/fr\/wp-json\/wp\/v2\/comments?post=488164"}],"version-history":[{"count":0,"href":"https:\/\/www.europesays.com\/fr\/wp-json\/wp\/v2\/posts\/488164\/revisions"}],"wp:featuredmedia":[{"embeddable":true,"href":"https:\/\/www.europesays.com\/fr\/wp-json\/wp\/v2\/media\/488165"}],"wp:attachment":[{"href":"https:\/\/www.europesays.com\/fr\/wp-json\/wp\/v2\/media?parent=488164"}],"wp:term":[{"taxonomy":"category","embeddable":true,"href":"https:\/\/www.europesays.com\/fr\/wp-json\/wp\/v2\/categories?post=488164"},{"taxonomy":"post_tag","embeddable":true,"href":"https:\/\/www.europesays.com\/fr\/wp-json\/wp\/v2\/tags?post=488164"}],"curies":[{"name":"wp","href":"https:\/\/api.w.org\/{rel}","templated":true}]}}