{"id":488210,"date":"2025-10-25T03:43:17","date_gmt":"2025-10-25T03:43:17","guid":{"rendered":"https:\/\/www.europesays.com\/fr\/488210\/"},"modified":"2025-10-25T03:43:17","modified_gmt":"2025-10-25T03:43:17","slug":"partage-ma-table-evenements","status":"publish","type":"post","link":"https:\/\/www.europesays.com\/fr\/488210\/","title":{"rendered":"Partage ma table ! \/ \u00c9v\u00e9nements"},"content":{"rendered":"<p>\n                                                                        Le 23 novembre 2025<br \/>\n\t\t\t\t\t\t\t\t\t\t\tde 12h00 \u00e0 14h00\n\t\t\t\t\t                                        <\/p>\n<p class=\"subtitle\">\u00e0 <strong><br \/>\nLille<\/strong><\/p>\n<p>Un repas convivial pour les \u00e9tudiants internationaux avec des habitants pour d\u00e9couvrir la culture fran\u00e7aise.<\/p>\n<p>            <img loading=\"lazy\" decoding=\"async\" src=\"\/var\/www\/storage\/images\/mediatheque\/mairie-de-lille\/images-openagenda\/partage-ma-table5\/3877228-1-fre-FR\/Partage-ma-table_news_image_top.jpg\" width=\"779\" height=\"432\" alt=\"Partage ma table !\"\/><\/p>\n<p>\nEnvie de d\u00e9couvrir la culture fran\u00e7aise autrement ? Partagez un bon repas avec des habitants de la m\u00e9tropole lilloise ! Le dimanche 23 novembre, dans le cadre de l\u2019International Student Year et du Festival des Solidarit\u00e9s Internationales, l\u2019Universit\u00e9 de Lille vous propose \u00ab Partage ma table ! \u00bb : une belle occasion pour les \u00e9tudiants internationaux de vivre un moment convivial, d\u2019\u00e9changer, de rire et de savourer les sp\u00e9cialit\u00e9s locales, r\u00e9gionales ou nationales.<br \/>C\u2019est aussi une belle opportunit\u00e9 pour \u00e9changer autour de la gastronomie du Nord ou de la France, pratiquer des langues \u00e9trang\u00e8res et d\u00e9couvrir d\u2019autres cultures. L\u2019accueil chaleureux des gens du Nord ne peut \u00eatre qu\u2019un tremplin pour les \u00e9tudiants internationaux qui cherchent \u00e0 tisser des liens \u00e0 leur arriv\u00e9e.<br \/>Organis\u00e9 par l\u2019Universit\u00e9 de Lille<br \/><strong>Dans le cadre du Festival des Solidarit\u00e9s Internationales 2025<\/strong> <\/p>\n<p>Vous \u00eates habitants et souhaitez accueillir 2 \u00e9tudiants internationaux autour d&rsquo;un repas de dimanche le 23 novembre, isncrivez-vous ici sur le lien : <a href=\"https:\/\/enquetes.univ-lille.fr\/index.php\/381388?lang=fr\" target=\"_self\" class=\"lien_interne\" rel=\"noopener\">https:\/\/enquetes.univ-lille.fr\/index.php\/381388?lang=fr<\/a><\/p>\n<p>Si vous avez des questions, vous pouvez \u00e9crire \u00e0 <a href=\"https:\/\/www.lille.fr\/Evenements\/mailto:isy@univ-lille.fr\" title=\"Cliquez pour ouvrir votre messagerie\" target=\"_self\" class=\"lien_interne\" rel=\"noopener\">isy@univ-lille.fr<\/a><\/p>\n<p>        \t\t                            Infos pratiques<\/p>\n<p>                    Adresse<\/p>\n<p>Lille, 59000 France<\/p>\n<p>                                                            Voir le plan<\/p>\n<p>\n                    PublicsDe  \u00e0  ans<\/p>\n","protected":false},"excerpt":{"rendered":"Le 23 novembre 2025 de 12h00 \u00e0 14h00 \u00e0 Lille Un repas convivial pour les \u00e9tudiants internationaux avec&hellip;\n","protected":false},"author":2,"featured_media":488211,"comment_status":"","ping_status":"","sticky":false,"template":"","format":"standard","meta":{"footnotes":""},"categories":[2815],"tags":[1111,11,4763,1777,674,1011,27,811,1307,5415,12,25],"class_list":{"0":"post-488210","1":"post","2":"type-post","3":"status-publish","4":"format-standard","5":"has-post-thumbnail","7":"category-lille","8":"tag-actu","9":"tag-actualites","10":"tag-agenda","11":"tag-eu","12":"tag-europe","13":"tag-fr","14":"tag-france","15":"tag-hauts-de-france","16":"tag-lille","17":"tag-mairie","18":"tag-news","19":"tag-republique-francaise"},"share_on_mastodon":{"url":"https:\/\/pubeurope.com\/@fr\/115432745490120663","error":""},"_links":{"self":[{"href":"https:\/\/www.europesays.com\/fr\/wp-json\/wp\/v2\/posts\/488210","targetHints":{"allow":["GET"]}}],"collection":[{"href":"https:\/\/www.europesays.com\/fr\/wp-json\/wp\/v2\/posts"}],"about":[{"href":"https:\/\/www.europesays.com\/fr\/wp-json\/wp\/v2\/types\/post"}],"author":[{"embeddable":true,"href":"https:\/\/www.europesays.com\/fr\/wp-json\/wp\/v2\/users\/2"}],"replies":[{"embeddable":true,"href":"https:\/\/www.europesays.com\/fr\/wp-json\/wp\/v2\/comments?post=488210"}],"version-history":[{"count":0,"href":"https:\/\/www.europesays.com\/fr\/wp-json\/wp\/v2\/posts\/488210\/revisions"}],"wp:featuredmedia":[{"embeddable":true,"href":"https:\/\/www.europesays.com\/fr\/wp-json\/wp\/v2\/media\/488211"}],"wp:attachment":[{"href":"https:\/\/www.europesays.com\/fr\/wp-json\/wp\/v2\/media?parent=488210"}],"wp:term":[{"taxonomy":"category","embeddable":true,"href":"https:\/\/www.europesays.com\/fr\/wp-json\/wp\/v2\/categories?post=488210"},{"taxonomy":"post_tag","embeddable":true,"href":"https:\/\/www.europesays.com\/fr\/wp-json\/wp\/v2\/tags?post=488210"}],"curies":[{"name":"wp","href":"https:\/\/api.w.org\/{rel}","templated":true}]}}