{"id":488216,"date":"2025-10-25T03:46:13","date_gmt":"2025-10-25T03:46:13","guid":{"rendered":"https:\/\/www.europesays.com\/fr\/488216\/"},"modified":"2025-10-25T03:46:13","modified_gmt":"2025-10-25T03:46:13","slug":"lyon-un-celebre-site-publie-une-information-bidon-sur-un-sujet-sensible-la-metropole-dement","status":"publish","type":"post","link":"https:\/\/www.europesays.com\/fr\/488216\/","title":{"rendered":"Lyon. Un c\u00e9l\u00e8bre site publie une information bidon sur un sujet sensible, la M\u00e9tropole d\u00e9ment"},"content":{"rendered":"<p>            Par<br \/>\n        <strong><br \/>\n            <a href=\"https:\/\/actu.fr\/auteur\/nicolas-zaugra\" title=\"Consulter tous les articles de Nicolas Zaugra\" target=\"_blank\" rel=\"noopener\">Nicolas Zaugra<\/a><br \/>\n        <\/strong><\/p>\n<p>        Publi\u00e9 le<\/p>\n<p>            24 oct. 2025 \u00e0 16h06        <\/p>\n<p>Non, la <strong>rue du Pr\u00e9sident-\u00c9douard-Herriot<\/strong>\u00a0sur la Presqu\u2019\u00eele de <a href=\"https:\/\/actu.fr\/auvergne-rhone-alpes\/lyon_69123\" target=\"_blank\" rel=\"noopener\">Lyon<\/a> (2e arrondissement) ne deviendra pas pi\u00e9tonne et ne fera pas l\u2019objet de travaux en 2026 malgr\u00e9 la mise en place r\u00e9cente de la <a href=\"https:\/\/actu.fr\/auvergne-rhone-alpes\/lyon_69123\/lyon-la-zone-a-trafic-limite-deployee-en-presqu-ile-de-nouvelles-bornes-arrivent_63111207.html\" target=\"_blank\" rel=\"noopener\">Zone \u00e0 trafic limit\u00e9<\/a> (ZTL). Cette affirmation est en fait une intox invent\u00e9e de toute pi\u00e8ce par un site g\u00e9n\u00e9r\u00e9 \u00e0 100% par Intelligence artificielle et repris par un \u00ab\u00a0m\u00e9dia\u00a0\u00bb particuli\u00e8rement suivi \u00e0 Lyon, <a href=\"https:\/\/www.lebonbon.fr\/lyon\/\" target=\"_blank\" rel=\"noopener\">Le Bonbon<\/a>.<\/p>\n<p>Le Bonbon pi\u00e9g\u00e9 par un site non fiable<\/p>\n<p class=\" wall-content\">Une fausse information relay\u00e9e par ce site tr\u00e8s suivi dans la ville par pr\u00e8s de 200 000 personnes sur Facebook, 270 000 sur Instagram ou encore 618 000 personnes sur TikTok en France, a r\u00e9v\u00e9l\u00e9 actu Lyon jeudi.<\/p>\n<p class=\" wall-content\">\n<p class=\" wall-content\">\u00ab\u00a0La Ville et la M\u00e9tropole planchent sur un grand projet : rendre la rue du Pr\u00e9sident-\u00c9douard-Herriot, symbole de la vie commer\u00e7ante lyonnaise, largement pi\u00e9tonne d\u2019ici 2026. Objectif : r\u00e9duire le trafic automobile, fluidifier les mobilit\u00e9s douces et offrir plus d\u2019espace aux pi\u00e9tons\u00a0\u00bb, \u00e9crit tr\u00e8s s\u00e9rieusement le site de couleur rose dans un article titr\u00e9 <strong>\u00ab\u00a0Cette art\u00e8re strat\u00e9gique du centre-ville de Lyon pourrait devenir pi\u00e9tonne en 2026\u00a0\u00bb<\/strong> et publi\u00e9 jeudi 23 octobre.<\/p>\n<p>Une \u00ab\u00a0information\u00a0\u00bb fausse g\u00e9n\u00e9r\u00e9e par IA<\/p>\n<p class=\" wall-content\">En r\u00e9alit\u00e9, cette information recopi\u00e9e et sourc\u00e9e par Le Bonbon <strong>provient d\u2019un site non fiable enti\u00e8rement aliment\u00e9 par de l\u2019Intelligence artificielle<\/strong>. La source est clairement indiqu\u00e9e \u00e0 la fin de son article : le site Version Standard, qui se pr\u00e9sente comme la \u00ab\u00a0r\u00e9f\u00e9rence de l\u2019univers du jazz\u00a0\u00bb.<\/p>\n<p class=\" wall-content\">Un r\u00e9dacteur nomm\u00e9 Sylvain y publie un article intitul\u00e9 \u00ab \u00c0 Lyon, cette rue embl\u00e9matique pourrait devenir pi\u00e9tonne d\u2019ici 2026 \u00bb, au sujet du suppos\u00e9 projet de la municipalit\u00e9 et de la m\u00e9tropole. On peut y lire des avis d\u2019habitants\u2026 qui n\u2019existent pas.<\/p>\n<p class=\" wall-content\">Au bout de quelques secondes, on comprend vite que la photo et le texte sont g\u00e9n\u00e9r\u00e9s par IA et qu\u2019un tableau bien connu des utilisateurs de ChatGPT s\u2019est gliss\u00e9 dans l\u2019article. Certaines lignes pr\u00e9cisent m\u00eame qu\u2019il faut ajouter des intertitres, ce qui ne fait aucun doute sur la provenance non humaine du texte.<\/p>\n<p class=\" wall-content\">Ce site g\u00e9n\u00e9r\u00e9 par IA m\u00e9lange textes locaux sur plusieurs villes en France mais aussi des contenus jazz ou des \u00ab\u00a0informations\u00a0\u00bb internationales.<\/p>\n<p>\u00ab\u00a0Ce n\u2019est pas s\u00e9rieux\u00a0\u00bb, \u00ab\u00a0c\u2019est hallucinant\u00a0\u00bb : la M\u00e9tropole d\u00e9ment<\/p>\n<p class=\" wall-content\">Une erreur manifeste du m\u00e9dia Le Bonbon qui a g\u00e9n\u00e9r\u00e9 un certain agacement de <strong>la M\u00e9tropole de Lyon qui a d\u00fb rapidement d\u00e9mentir l\u2019article<\/strong> sur les r\u00e9seaux sociaux.<\/p>\n<p>Votre r\u00e9gion, votre actu !<\/p>\n<p>Recevez chaque jour les infos qui comptent pour vous.<\/p>\n<p>\t<a href=\"https:\/\/actu.fr\/newsletter\" class=\"ac-btn ac-btn--corner ac-btn--medium ac-btn--blue800\" target=\"_blank\" rel=\"noopener\">S&rsquo;incrire<\/a><\/p>\n<p class=\" wall-content\">\u00ab\u00a0On en est donc l\u00e0 : il faut d\u00e9sormais d\u00e9mentir non seulement les mensonges de nos opposants, mais aussi les d\u00e9lires de l\u2019intelligence artificielle. Oui, des articles sortent aujourd\u2019hui sur des projets\u2026 invent\u00e9s de toutes pi\u00e8ces par une IA. Ce n\u2019est pas s\u00e9rieux\u00a0\u00bb, a r\u00e9agi <a href=\"https:\/\/actu.fr\/auvergne-rhone-alpes\/lyon_69123\/lyon-tarifs-des-tcl-fake-news-bruno-bernard-recadre-sechement-pierre-oliver_63049828.html\" target=\"_blank\" rel=\"noopener\">Bruno Bernard<\/a>, le pr\u00e9sident de la collectivit\u00e9.<\/p>\n<p class=\" wall-content\">Selon nos informations, dans le cabinet de l\u2019\u00e9lu, on est tomb\u00e9 de l\u2019armoire en d\u00e9couvrant qu\u2019un site suivi par des centaines de milliers de personnes \u00e0 Lyon a s\u00e9rieusement relay\u00e9 une fausse information g\u00e9n\u00e9r\u00e9e par IA. \u00ab\u00a0C\u2019est hallucinant d\u2019en arriver l\u00e0, c\u2019est tr\u00e8s grave en pleine p\u00e9riode de campagne \u00e9lectorale\u00a0\u00bb, glisse-t-on c\u00f4t\u00e9 M\u00e9tropole.<\/p>\n<p class=\" wall-content\">\n<p class=\" wall-content\">La collectivit\u00e9 a eu du mal \u00e0 faire retirer l\u2019article, selon nos informations. Le r\u00e9dacteur en chef du Bonbon, Antoine Lebrun, qui signait l\u2019article en question sur son site, aurait maintenu qu\u2019il \u00e9tait en possession d\u2019informations fiables sur le projet de la rue Pr\u00e9sident-\u00c9douard-Herriot. Avant de le retirer plusieurs heures apr\u00e8s sa publication\u2026<\/p>\n<p>\u00ab\u00a0Nous avons commis une erreur\u00a0\u00bb<\/p>\n<p class=\" wall-content\">Sur LinkedIn, le responsable du site affirme que \u00ab\u00a0l\u2019article du Bonbon n\u2019a pas \u00e9t\u00e9 r\u00e9dig\u00e9 via l\u2019IA, c\u2019est l\u2019article source qui l\u2019a \u00e9t\u00e9. Nous avons commis une erreur en reprenant l\u2019information sans v\u00e9rification pr\u00e9alable et l\u2019article a \u00e9t\u00e9 supprim\u00e9 depuis, mais il serait bon de ne pas inciter \u00e0 cette confusion\u00a0\u00bb, \u00e9crit-il en s\u2019adressant \u00e0 Bruno Bernard.\u00a0<\/p>\n<p class=\" wall-content\">Ces articles \u00ab\u00a0d\u2019informations\u00a0\u00bb locales g\u00e9n\u00e9r\u00e9es par IA deviennent un v\u00e9ritable fl\u00e9au sur les r\u00e9seaux sociaux et Google. Selon une enqu\u00eate publi\u00e9e par <a href=\"https:\/\/next.ink\/198619\/18-des-medias-et-33-des-sites-tech-les-plus-recommandes-par-google-sont-generes-par-ia\/\" target=\"_blank\" rel=\"noopener\">Next<\/a>, <strong>20% des sites mis en avant sur Google Discover seraient int\u00e9gralement ou partiellement g\u00e9n\u00e9r\u00e9s par IA<\/strong>. Certains par volont\u00e9 d\u2019ing\u00e9rence \u00e9trang\u00e8re. Un v\u00e9ritable probl\u00e8me \u00e0 l\u2019approche des municipales\u2026<\/p>\n<p class=\" wall-content\">Personnalisez votre actualit\u00e9 en ajoutant vos villes et m\u00e9dias en favori avec <a href=\"https:\/\/moncompte.actu.fr\" title=\"D\u00e9couvez Mon Actu\" rel=\"nofollow noopener\" data-trk=\"{&quot;cta&quot;:{&quot;action&quot;:&quot;https:\\\/\\\/moncompte.actu.fr&quot;,&quot;category&quot;:&quot;mon compte&quot;,&quot;from&quot;:&quot;article footer&quot;,&quot;name&quot;:&quot;Mon actu&quot;,&quot;type&quot;:&quot;cta&quot;}}\" target=\"_blank\">Mon Actu<\/a>.<\/p>\n","protected":false},"excerpt":{"rendered":"Par Nicolas Zaugra Publi\u00e9 le 24 oct. 2025 \u00e0 16h06 Non, la rue du Pr\u00e9sident-\u00c9douard-Herriot\u00a0sur la Presqu\u2019\u00eele de&hellip;\n","protected":false},"author":2,"featured_media":488217,"comment_status":"","ping_status":"","sticky":false,"template":"","format":"standard","meta":{"footnotes":""},"categories":[1889],"tags":[1111,11,2430,5921,1777,674,1011,27,223,2428,12,25,104],"class_list":{"0":"post-488216","1":"post","2":"type-post","3":"status-publish","4":"format-standard","5":"has-post-thumbnail","7":"category-lyon","8":"tag-actu","9":"tag-actualites","10":"tag-auvergne-rhone-alpes","11":"tag-bruno-bernard","12":"tag-eu","13":"tag-europe","14":"tag-fr","15":"tag-france","16":"tag-intelligence-artificielle","17":"tag-lyon","18":"tag-news","19":"tag-republique-francaise","20":"tag-societe"},"share_on_mastodon":{"url":"https:\/\/pubeurope.com\/@fr\/115432756690573611","error":""},"_links":{"self":[{"href":"https:\/\/www.europesays.com\/fr\/wp-json\/wp\/v2\/posts\/488216","targetHints":{"allow":["GET"]}}],"collection":[{"href":"https:\/\/www.europesays.com\/fr\/wp-json\/wp\/v2\/posts"}],"about":[{"href":"https:\/\/www.europesays.com\/fr\/wp-json\/wp\/v2\/types\/post"}],"author":[{"embeddable":true,"href":"https:\/\/www.europesays.com\/fr\/wp-json\/wp\/v2\/users\/2"}],"replies":[{"embeddable":true,"href":"https:\/\/www.europesays.com\/fr\/wp-json\/wp\/v2\/comments?post=488216"}],"version-history":[{"count":0,"href":"https:\/\/www.europesays.com\/fr\/wp-json\/wp\/v2\/posts\/488216\/revisions"}],"wp:featuredmedia":[{"embeddable":true,"href":"https:\/\/www.europesays.com\/fr\/wp-json\/wp\/v2\/media\/488217"}],"wp:attachment":[{"href":"https:\/\/www.europesays.com\/fr\/wp-json\/wp\/v2\/media?parent=488216"}],"wp:term":[{"taxonomy":"category","embeddable":true,"href":"https:\/\/www.europesays.com\/fr\/wp-json\/wp\/v2\/categories?post=488216"},{"taxonomy":"post_tag","embeddable":true,"href":"https:\/\/www.europesays.com\/fr\/wp-json\/wp\/v2\/tags?post=488216"}],"curies":[{"name":"wp","href":"https:\/\/api.w.org\/{rel}","templated":true}]}}