{"id":488218,"date":"2025-10-25T03:47:26","date_gmt":"2025-10-25T03:47:26","guid":{"rendered":"https:\/\/www.europesays.com\/fr\/488218\/"},"modified":"2025-10-25T03:47:26","modified_gmt":"2025-10-25T03:47:26","slug":"une-victime-blessee-les-pompiers-sur-place","status":"publish","type":"post","link":"https:\/\/www.europesays.com\/fr\/488218\/","title":{"rendered":"une victime bless\u00e9e, les pompiers sur place"},"content":{"rendered":"<p>            Par<br \/>\n        <strong><br \/>\n            <a href=\"https:\/\/actu.fr\/auteur\/anthony-soudani\" title=\"Consulter tous les articles de Anthony Soudani\" rel=\"nofollow noopener\" target=\"_blank\">Anthony Soudani<\/a><br \/>\n        <\/strong><\/p>\n<p>        Publi\u00e9 le<\/p>\n<p>            24 oct. 2025 \u00e0 17h38<br \/>\n        ; mis \u00e0 jour le 24 oct. 2025 \u00e0 18h17    <\/p>\n<p>Un<strong> feu d\u2019appartement<\/strong> s\u2019est d\u00e9clench\u00e9 au dernier \u00e9tage d\u2019un immeuble, ce vendredi 24 octobre 2025, aux alentours de 17h, dans le 3e arrondissement de <a href=\"https:\/\/actu.fr\/lyon\/\" rel=\"nofollow noopener\" target=\"_blank\">Lyon<\/a>.\u00a0<\/p>\n<p>    <a href=\"https:\/\/www.google.com\/maps\/embed?pb=!1m18!1m12!1m3!1d2783.416861858225!2d4.8425896113005225!3d45.7628353743251!2m3!1f0!2f0!3f0!3m2!1i1024!2i768!4f13.1!3m3!1m2!1s0x47f4ea58beb6d5dd%3A0xc50778547e46cc8b!2sRue%20Pierre%20Corneille%2C%20Lyon!5e0!3m2!1sfr!2sfr!4v1761320634701!5m2!1sfr!2sfr\" title=\"Ouvrie le lien\" rel=\"nofollow noopener\" target=\"_blank\">Cliquez ici pour visualiser le contenu<\/a><\/p>\n<p>Une victime bless\u00e9e<\/p>\n<p class=\" wall-content\">Les sapeurs-pompiers interviennent en nombre pour \u00e9teindre l\u2019<a href=\"https:\/\/actu.fr\/auvergne-rhone-alpes\/lyon_69123\/incendie-mortel-a-lyon-on-a-vu-les-4-corps-les-habitants-de-l-immeuble-squatte-entre-choc-et-colere_63325599.html\" rel=\"nofollow noopener\" target=\"_blank\">incendie<\/a> dans cet immeuble de cinq \u00e9tages, situ\u00e9 rue Pierre-Corneille.<\/p>\n<p class=\" wall-content\">Une victime a \u00e9t\u00e9 prise en charge par le Samu. Il s\u2019agit d\u2019une personne \u00e2g\u00e9e intoxiqu\u00e9e par les fum\u00e9es. Cette derni\u00e8re doit \u00eatre transport\u00e9e \u00e0 l\u2019h\u00f4pital.<\/p>\n<p class=\" wall-content\">\n<p class=\" wall-content\">La police nationale est sur place, tout comme les effectifs de la municipale. Au total, 39 sapeurs-pompiers ont \u00e9t\u00e9 d\u00e9ploy\u00e9s ainsi que treize engins.\u00a0<\/p>\n<p class=\" wall-content\"><strong>L\u2019extinction du feu est en cours<\/strong> \u00e0 17h50. L\u2019exploration des lieux est train d\u2019\u00eatre effectu\u00e9e. La rue Bonnel a \u00e9t\u00e9 ferm\u00e9e au niveau de la pr\u00e9fecture le temps de l\u2019intervention.<\/p>\n<p class=\" wall-content\">\n<p class=\" wall-content\">Personnalisez votre actualit\u00e9 en ajoutant vos villes et m\u00e9dias en favori avec <a href=\"https:\/\/moncompte.actu.fr\" title=\"D\u00e9couvez Mon Actu\" rel=\"nofollow noopener\" data-trk=\"{&quot;cta&quot;:{&quot;action&quot;:&quot;https:\\\/\\\/moncompte.actu.fr&quot;,&quot;category&quot;:&quot;mon compte&quot;,&quot;from&quot;:&quot;article footer&quot;,&quot;name&quot;:&quot;Mon actu&quot;,&quot;type&quot;:&quot;cta&quot;}}\" target=\"_blank\">Mon Actu<\/a>.<\/p>\n","protected":false},"excerpt":{"rendered":"Par Anthony Soudani Publi\u00e9 le 24 oct. 2025 \u00e0 17h38 ; mis \u00e0 jour le 24 oct. 2025&hellip;\n","protected":false},"author":2,"featured_media":488219,"comment_status":"","ping_status":"","sticky":false,"template":"","format":"standard","meta":{"footnotes":""},"categories":[1889],"tags":[1111,11,2430,1777,674,118,1011,27,1310,2428,12,1072,1311,25],"class_list":{"0":"post-488218","1":"post","2":"type-post","3":"status-publish","4":"format-standard","5":"has-post-thumbnail","7":"category-lyon","8":"tag-actu","9":"tag-actualites","10":"tag-auvergne-rhone-alpes","11":"tag-eu","12":"tag-europe","13":"tag-faits-divers","14":"tag-fr","15":"tag-france","16":"tag-incendie","17":"tag-lyon","18":"tag-news","19":"tag-police","20":"tag-pompiers","21":"tag-republique-francaise"},"share_on_mastodon":{"url":"https:\/\/pubeurope.com\/@fr\/115432760472247280","error":""},"_links":{"self":[{"href":"https:\/\/www.europesays.com\/fr\/wp-json\/wp\/v2\/posts\/488218","targetHints":{"allow":["GET"]}}],"collection":[{"href":"https:\/\/www.europesays.com\/fr\/wp-json\/wp\/v2\/posts"}],"about":[{"href":"https:\/\/www.europesays.com\/fr\/wp-json\/wp\/v2\/types\/post"}],"author":[{"embeddable":true,"href":"https:\/\/www.europesays.com\/fr\/wp-json\/wp\/v2\/users\/2"}],"replies":[{"embeddable":true,"href":"https:\/\/www.europesays.com\/fr\/wp-json\/wp\/v2\/comments?post=488218"}],"version-history":[{"count":0,"href":"https:\/\/www.europesays.com\/fr\/wp-json\/wp\/v2\/posts\/488218\/revisions"}],"wp:featuredmedia":[{"embeddable":true,"href":"https:\/\/www.europesays.com\/fr\/wp-json\/wp\/v2\/media\/488219"}],"wp:attachment":[{"href":"https:\/\/www.europesays.com\/fr\/wp-json\/wp\/v2\/media?parent=488218"}],"wp:term":[{"taxonomy":"category","embeddable":true,"href":"https:\/\/www.europesays.com\/fr\/wp-json\/wp\/v2\/categories?post=488218"},{"taxonomy":"post_tag","embeddable":true,"href":"https:\/\/www.europesays.com\/fr\/wp-json\/wp\/v2\/tags?post=488218"}],"curies":[{"name":"wp","href":"https:\/\/api.w.org\/{rel}","templated":true}]}}