{"id":488260,"date":"2025-10-25T04:15:20","date_gmt":"2025-10-25T04:15:20","guid":{"rendered":"https:\/\/www.europesays.com\/fr\/488260\/"},"modified":"2025-10-25T04:15:20","modified_gmt":"2025-10-25T04:15:20","slug":"le-tableau-de-picasso-qui-avait-disparu-en-espagne-a-ete-retrouve-et-cest-a-peine-croyable","status":"publish","type":"post","link":"https:\/\/www.europesays.com\/fr\/488260\/","title":{"rendered":"Le tableau de Picasso qui avait disparu en Espagne a \u00e9t\u00e9 retrouv\u00e9, et c&rsquo;est \u00e0 peine croyable"},"content":{"rendered":"<ul class=\"jsx-862013697 ArticleChapo__List\">\n<li class=\"jsx-862013697 ArticleChapo__List_Item flex\">Le tableau \u00ab\u00a0Nature morte \u00e0 la guitare\u00a0\u00bb qui avait disparu d\u00e9but octobre lors d&rsquo;un transfert entre Madrid et Grenade a \u00e9t\u00e9 retrouv\u00e9.<\/li>\n<li class=\"jsx-862013697 ArticleChapo__List_Item flex\">D&rsquo;apr\u00e8s la police espagnole, la toile peinte en 1919 par l&rsquo;artiste espagnol, estim\u00e9e \u00e0 environ 600.000 euros, pourrait n&rsquo;avoir jamais \u00e9t\u00e9 charg\u00e9e dans le camion de transport.<\/li>\n<\/ul>\n<p data-module=\"article-paragraph\" class=\"jsx-3046738180 Paragraph\">C&rsquo;est un d\u00e9nouement qui pr\u00eate \u00e0 sourire. Le tableau de Pablo Picasso qui avait disparu d\u00e9but octobre lors de son transfert entre Madrid et Grenade, o\u00f9 il devait \u00eatre expos\u00e9, a \u00e9t\u00e9 retrouv\u00e9. La police espagnole a sugg\u00e9r\u00e9 que l&rsquo;\u0153uvre pourrait en r\u00e9alit\u00e9 n&rsquo;avoir tout simplement jamais \u00e9t\u00e9 charg\u00e9e dans le camion de transport cens\u00e9 l&rsquo;acheminer.<\/p>\n<p data-module=\"article-paragraph\" class=\"jsx-3046738180 Paragraph Paragraph__End\">La disparition du tableau Nature morte \u00e0 la guitare, peint en 1919 par l&rsquo;artiste espagnol, avait suscit\u00e9 choc et curiosit\u00e9 dans les m\u00e9dias espagnols. Selon la police nationale, cette gouache, estim\u00e9e \u00e0 environ 600.000 euros, <a href=\"https:\/\/www.tf1info.fr\/culture\/un-tableau-de-picasso-disparait-mysterieusement-en-espagne-tranfert-2401001.html\" target=\"_blank\" rel=\"noopener\">avait disparu lors de son transfert<\/a> entre Madrid, la capitale, et Grenade, en Andalousie (sud de l&rsquo;Espagne).<\/p>\n<blockquote data-testid=\"EmbedTwitter\" id=\"tweet-1981643220586016910-:R4ocmj9n79m:\" class=\"jsx-aeff1a1c40f54d7a twitter-tweet flex justify-center items-center\"><p>Recuperado el  #Picasso \ud83d\uddbc desaparecido en su traslado a una exposici\u00f3n en  #Granada Podr\u00eda no haber llegado a subir al cami\u00f3n de transporte La Brigada de Patrimonio Hist\u00f3rico de  @policia mantiene abierta la investigaci\u00f3n una vez que agentes de Polic\u00eda Cient\u00edfica han\u2026  pic.twitter.com\/lb5jN8tFvI \u2014 Polic\u00eda Nacional (@policia)  October 24, 2025<\/p><\/blockquote>\n<p>Les consignes de s\u00e9curit\u00e9 ont \u00e9t\u00e9 respect\u00e9es<\/p>\n<p data-module=\"article-paragraph\" class=\"jsx-3046738180 Paragraph Paragraph__End\">Le tableau devait ensuite \u00eatre pr\u00e9sent\u00e9 au public \u00e0 la Fondation Caja Granada, qui avait de son c\u00f4t\u00e9 pr\u00e9cis\u00e9 dans un communiqu\u00e9 datant du 16 octobre que le personnel du mus\u00e9e s&rsquo;\u00e9tait rendu compte dix jours plus t\u00f4t de l&rsquo;absence inexpliqu\u00e9e de l&rsquo;\u0153uvre, une fois \u00ab\u00a0d\u00e9ball\u00e9\u00a0\u00bb l&rsquo;ensemble des tableaux destin\u00e9s \u00e0 \u00eatre expos\u00e9s. Pendant tout ce processus, le mus\u00e9e, assurait-il, a respect\u00e9 les consignes de s\u00e9curit\u00e9 habituelles, notamment \u00e0 l&rsquo;aide de vid\u00e9osurveillance.<\/p>\n<p data-module=\"article-paragraph\" class=\"jsx-3046738180 Paragraph Paragraph__End\">Vendredi, la police espagnole s&rsquo;est f\u00e9licit\u00e9e dans un communiqu\u00e9 d&rsquo;avoir \u00ab\u00a0retrouv\u00e9\u00a0\u00bb rapidement l&rsquo;\u0153uvre de Pablo Picasso, dont elle a publi\u00e9 des images aux mains de ses experts scientifiques. \u00ab\u00a0Les premi\u00e8res investigations laissent \u00e0 penser que le tableau pourrait ne pas avoir \u00e9t\u00e9 charg\u00e9 dans le camion\u00a0\u00bb cens\u00e9 l&rsquo;acheminer vers Grenade, a-t-elle pr\u00e9cis\u00e9, sans donner plus de d\u00e9tails.<\/p>\n<p><a href=\"https:\/\/www.tf1info.fr\/culture\/un-tableau-peinture-inconnu-de-pablo-picasso-estime-a-8-millions-d-euros-devoile-a-paris-drouot-2395378.html\" rel=\"noopener\" class=\"jsx-3308031228 Link flex\" target=\"_blank\"><img decoding=\"async\" src=\"https:\/\/www.europesays.com\/fr\/wp-content\/uploads\/2025\/10\/picasso-2-5426d8-0@1x.jpeg\" alt=\"Le tableau intitul\u00e9 &quot;Buste de femme au chapeau \u00e0 fleurs&quot; sera mis aux ench\u00e8res le 24 octobre \u00e0 l'H\u00f4tel Drouot \u00e0 Paris.\" loading=\"lazy\" importance=\"low\" fetchpriority=\"low\" class=\"\" aria-hidden=\"true\"\/><\/p>\n<p class=\"jsx-3657663356 ReadMoreArticle__Title\">Lire aussi<\/p>\n<p class=\"jsx-3657663356\">Un tableau inconnu de Pablo Picasso, estim\u00e9 \u00e0 8 millions d&rsquo;euros, vendu aux ench\u00e8res \u00e0 Paris<\/p>\n<p><\/a><\/p>\n<p data-module=\"article-paragraph\" class=\"jsx-3046738180 Paragraph\">La Fondation Caja Granada a pr\u00e9cis\u00e9 vendredi \u00e0 l&rsquo;AFP qu&rsquo;elle aimerait, pour sa part, toujours pouvoir pr\u00e9senter au public l&rsquo;\u0153uvre de Picasso dans le cadre de son exposition \u00ab\u00a0Nature morte &#8211; L&rsquo;\u00e9ternit\u00e9 de l&rsquo;inerte\u00a0\u00bb.\u00a0\u00a0<\/p>\n<p data-module=\"article-paragraph\" class=\"jsx-3046738180 Paragraph Paragraph__End\">La valeur des \u0153uvres de l&rsquo;artiste espagnol en fait des cibles privil\u00e9gi\u00e9es pour les voleurs. En 1976, plus de 100 tableaux de Pablo Picasso avaient \u00e9t\u00e9 vol\u00e9s \u00e0 Avignon, dans le sud-est de la France. L&rsquo;ensemble des toiles avait toutefois fini par \u00eatre retrouv\u00e9.<\/p>\n<p>Rania HOBALLAH avec AFP<\/p>\n<p><script async src=\"https:\/\/platform.twitter.com\/widgets.js\" charset=\"utf-8\"><\/script><\/p>\n","protected":false},"excerpt":{"rendered":"Le tableau \u00ab\u00a0Nature morte \u00e0 la guitare\u00a0\u00bb qui avait disparu d\u00e9but octobre lors d&rsquo;un transfert entre Madrid et&hellip;\n","protected":false},"author":2,"featured_media":488261,"comment_status":"","ping_status":"","sticky":false,"template":"","format":"standard","meta":{"footnotes":""},"categories":[1358],"tags":[1111,11,1921,1348,1384,1385,1386,58,59,123,6017,1011,27,1922,2041,52200,1072,133,2040],"class_list":{"0":"post-488260","1":"post","2":"type-post","3":"status-publish","4":"format-standard","5":"has-post-thumbnail","7":"category-arts-et-design","8":"tag-actu","9":"tag-actualites","10":"tag-article-video","11":"tag-arts","12":"tag-arts-and-design","13":"tag-arts-et-design","14":"tag-design","15":"tag-divertissement","16":"tag-entertainment","17":"tag-espagne","18":"tag-fait-divers","19":"tag-fr","20":"tag-france","21":"tag-info","22":"tag-medias-et-divertissement","23":"tag-pablo-picasso","24":"tag-police","25":"tag-video","26":"tag-video-culture"},"share_on_mastodon":{"url":"https:\/\/pubeurope.com\/@fr\/115432870641133827","error":""},"_links":{"self":[{"href":"https:\/\/www.europesays.com\/fr\/wp-json\/wp\/v2\/posts\/488260","targetHints":{"allow":["GET"]}}],"collection":[{"href":"https:\/\/www.europesays.com\/fr\/wp-json\/wp\/v2\/posts"}],"about":[{"href":"https:\/\/www.europesays.com\/fr\/wp-json\/wp\/v2\/types\/post"}],"author":[{"embeddable":true,"href":"https:\/\/www.europesays.com\/fr\/wp-json\/wp\/v2\/users\/2"}],"replies":[{"embeddable":true,"href":"https:\/\/www.europesays.com\/fr\/wp-json\/wp\/v2\/comments?post=488260"}],"version-history":[{"count":0,"href":"https:\/\/www.europesays.com\/fr\/wp-json\/wp\/v2\/posts\/488260\/revisions"}],"wp:featuredmedia":[{"embeddable":true,"href":"https:\/\/www.europesays.com\/fr\/wp-json\/wp\/v2\/media\/488261"}],"wp:attachment":[{"href":"https:\/\/www.europesays.com\/fr\/wp-json\/wp\/v2\/media?parent=488260"}],"wp:term":[{"taxonomy":"category","embeddable":true,"href":"https:\/\/www.europesays.com\/fr\/wp-json\/wp\/v2\/categories?post=488260"},{"taxonomy":"post_tag","embeddable":true,"href":"https:\/\/www.europesays.com\/fr\/wp-json\/wp\/v2\/tags?post=488260"}],"curies":[{"name":"wp","href":"https:\/\/api.w.org\/{rel}","templated":true}]}}