{"id":488275,"date":"2025-10-25T04:24:11","date_gmt":"2025-10-25T04:24:11","guid":{"rendered":"https:\/\/www.europesays.com\/fr\/488275\/"},"modified":"2025-10-25T04:24:11","modified_gmt":"2025-10-25T04:24:11","slug":"porsche-enregistre-une-perte-abyssale-dun-milliard-deuros","status":"publish","type":"post","link":"https:\/\/www.europesays.com\/fr\/488275\/","title":{"rendered":"Porsche enregistre une perte abyssale d\u2019un milliard d\u2019euros"},"content":{"rendered":"<p>Le virage strat\u00e9gique de <a href=\"https:\/\/www.20minutes.fr\/dossier\/porsche\" target=\"_blank\" class=\"c-link c-link--is-underlined\" rel=\"noopener\">Porsche<\/a> lui co\u00fbte cher. En effet, le constructeur allemand, bas\u00e9 \u00e0 <a href=\"https:\/\/www.20minutes.fr\/dossier\/stuttgart\" target=\"_blank\" class=\"c-link c-link--is-underlined\" rel=\"noopener\">Stuttgart<\/a>, a enregistr\u00e9 une perte financi\u00e8re \u00e9norme de pr\u00e8s d\u2019un milliard d\u2019euros entre juillet et septembre, plomb\u00e9 par les retards dans le lancement de ses <a href=\"https:\/\/www.20minutes.fr\/dossier\/voiture-electrique\" target=\"_blank\" class=\"c-link c-link--is-underlined\" rel=\"noopener\">v\u00e9hicules \u00e9lectriques<\/a> et par la refonte co\u00fbteuse de son portefeuille de produits.<\/p>\n<p>Sur les neuf premiers mois de l\u2019ann\u00e9e, le b\u00e9n\u00e9fice d\u2019exploitation de la marque n\u2019a atteint que 40\u00a0millions d\u2019euros, contre un milliard au premier semestre. En clair, le troisi\u00e8me trimestre s\u2019est sold\u00e9 par une perte d\u2019environ 960\u00a0millions d\u2019euros. Une contre-performance que le directeur financier Jochen Breckner attribue aux changements de cap impos\u00e9s \u00e0 la marque. \u00ab\u00a0Les r\u00e9sultats de cette ann\u00e9e refl\u00e8tent l\u2019impact de notre r\u00e9orientation strat\u00e9gique\u00a0\u00bb, a-t-il expliqu\u00e9, soulignant que \u00ab\u00a0ces mesures sont essentielles\u00a0\u00bb.<\/p>\n<\/p>\n<p>Report de plusieurs lancements de voitures \u00e9lectriques<\/p>\n<p>Cette \u00ab\u00a0r\u00e9orientation\u00a0\u00bb marque un retour partiel aux <a href=\"https:\/\/www.20minutes.fr\/dossier\/moteur\" target=\"_blank\" class=\"c-link c-link--is-underlined\" rel=\"noopener\">motorisations thermiques<\/a> et <a href=\"https:\/\/www.20minutes.fr\/economie\/auto\/voitures-hybrides\/\" target=\"_blank\" class=\"c-link c-link--is-underlined\" rel=\"noopener\">hybrides<\/a>, face \u00e0 une demande en berne pour les mod\u00e8les 100\u00a0% \u00e9lectriques. En septembre, Porsche avait d\u00e9j\u00e0 annonc\u00e9 le report de plusieurs lancements \u00e9lectriques et la prolongation de la dur\u00e9e de vie de certains mod\u00e8les \u00e0 moteur thermique. Une d\u00e9cision lourde de cons\u00e9quences pour sa maison m\u00e8re, le groupe <a href=\"https:\/\/www.20minutes.fr\/economie\/volkswagen\/\" target=\"_blank\" class=\"c-link c-link--is-underlined\" rel=\"noopener\">Volkswagen<\/a>, qui a reconnu un impact n\u00e9gatif de 5,1\u00a0milliards d\u2019euros sur son r\u00e9sultat op\u00e9rationnel annuel en raison de cette r\u00e9organisation et d\u2019objectifs de b\u00e9n\u00e9fices revus \u00e0 la baisse.<\/p>\n<p><a href=\"https:\/\/www.20minutes.fr\/dossier\/voiture\" target=\"_blank\" class=\"c-link c-btn c-btn--primary\" rel=\"noopener\">Notre dossier sur l&rsquo;automobile<\/a><\/p>\n<p>La pression concurrentielle reste forte, notamment en <a href=\"https:\/\/www.20minutes.fr\/dossier\/chine\" target=\"_blank\" class=\"c-link c-link--is-underlined\" rel=\"noopener\">Chine<\/a>, premier march\u00e9 mondial de Porsche, o\u00f9 les marques locales de v\u00e9hicules \u00e9lectriques gagnent du terrain. Et l\u2019absence d\u2019usines aux <a href=\"https:\/\/www.20minutes.fr\/monde\/etats-unis\/\" target=\"_blank\" class=\"c-link c-link--is-underlined\" rel=\"noopener\">Etats-Unis<\/a> fragilise encore davantage le constructeur, soumis aux droits de douane impos\u00e9s par Donald Trump. Selon Jochen Breckner, ces taxes ont d\u00e9j\u00e0 co\u00fbt\u00e9 plus de 500\u00a0millions d\u2019euros \u00e0 l\u2019entreprise.<\/p>\n","protected":false},"excerpt":{"rendered":"Le virage strat\u00e9gique de Porsche lui co\u00fbte cher. En effet, le constructeur allemand, bas\u00e9 \u00e0 Stuttgart, a enregistr\u00e9&hellip;\n","protected":false},"author":2,"featured_media":488276,"comment_status":"","ping_status":"","sticky":false,"template":"","format":"standard","meta":{"footnotes":""},"categories":[6],"tags":[47,672,646,35,33,34,590,1011,27,6027,4752,321,25880,7816],"class_list":{"0":"post-488275","1":"post","2":"type-post","3":"status-publish","4":"format-standard","5":"has-post-thumbnail","7":"category-economie","8":"tag-actualite","9":"tag-allemagne","10":"tag-automobile","11":"tag-business","12":"tag-economie","13":"tag-economy","14":"tag-finance","15":"tag-fr","16":"tag-france","17":"tag-porsche","18":"tag-voiture","19":"tag-voiture-electrique","20":"tag-voitures-de-sport","21":"tag-volkswagen"},"share_on_mastodon":{"url":"https:\/\/pubeurope.com\/@fr\/115432906007554187","error":""},"_links":{"self":[{"href":"https:\/\/www.europesays.com\/fr\/wp-json\/wp\/v2\/posts\/488275","targetHints":{"allow":["GET"]}}],"collection":[{"href":"https:\/\/www.europesays.com\/fr\/wp-json\/wp\/v2\/posts"}],"about":[{"href":"https:\/\/www.europesays.com\/fr\/wp-json\/wp\/v2\/types\/post"}],"author":[{"embeddable":true,"href":"https:\/\/www.europesays.com\/fr\/wp-json\/wp\/v2\/users\/2"}],"replies":[{"embeddable":true,"href":"https:\/\/www.europesays.com\/fr\/wp-json\/wp\/v2\/comments?post=488275"}],"version-history":[{"count":0,"href":"https:\/\/www.europesays.com\/fr\/wp-json\/wp\/v2\/posts\/488275\/revisions"}],"wp:featuredmedia":[{"embeddable":true,"href":"https:\/\/www.europesays.com\/fr\/wp-json\/wp\/v2\/media\/488276"}],"wp:attachment":[{"href":"https:\/\/www.europesays.com\/fr\/wp-json\/wp\/v2\/media?parent=488275"}],"wp:term":[{"taxonomy":"category","embeddable":true,"href":"https:\/\/www.europesays.com\/fr\/wp-json\/wp\/v2\/categories?post=488275"},{"taxonomy":"post_tag","embeddable":true,"href":"https:\/\/www.europesays.com\/fr\/wp-json\/wp\/v2\/tags?post=488275"}],"curies":[{"name":"wp","href":"https:\/\/api.w.org\/{rel}","templated":true}]}}