{"id":488297,"date":"2025-10-25T04:36:29","date_gmt":"2025-10-25T04:36:29","guid":{"rendered":"https:\/\/www.europesays.com\/fr\/488297\/"},"modified":"2025-10-25T04:36:29","modified_gmt":"2025-10-25T04:36:29","slug":"deux-hommes-juges-a-dieppe-pour-24-faits-de-vols-dans-toute-la-seine-maritime","status":"publish","type":"post","link":"https:\/\/www.europesays.com\/fr\/488297\/","title":{"rendered":"Deux hommes jug\u00e9s \u00e0 Dieppe pour 24 faits de vols dans toute la Seine-Maritime"},"content":{"rendered":"<p>            Par<br \/>\n        <strong><br \/>\n            <a href=\"https:\/\/actu.fr\/auteur\/mathieu-temorsche\" title=\"Consulter tous les articles de Mathieu Te Morsche\" target=\"_blank\" rel=\"noopener\">Mathieu Te Morsche<\/a><br \/>\n        <\/strong><\/p>\n<p>        Publi\u00e9 le<\/p>\n<p>            25 oct. 2025 \u00e0 6h16        <\/p>\n<p>La salle du tribunal de <a href=\"https:\/\/actu.fr\/normandie\/dieppe_76217\" target=\"_blank\" rel=\"noopener\">Dieppe (Seine-Maritime)<\/a> est pleine \u00e0 craquer en ce d\u00e9but du mois d\u2019octobre 2025. D\u2019un c\u00f4t\u00e9, les <b>soutiens <\/b>des deux pr\u00e9venus et de l\u2019autre, les <b>victimes<\/b>. Il est en effet reproch\u00e9 aux deux hommes, <b>gendre <\/b>de 27 ans et <b>beau-p\u00e8re <\/b>de 48 ans, qui se pr\u00e9sentent \u00e0 la barre dans le cadre d\u2019une comparution imm\u00e9diate, <b>24 faits <\/b>de <b>vol <\/b>ou <b>tentatives <\/b>de vol.<\/p>\n<p>\u00ab Des professionnels du vol \u00bb<\/p>\n<p class=\" wall-content\">La pr\u00e9sidente du tribunal met de longues minutes pour appeler chacune des victimes et faire la liste des faits pour lesquels les hommes comparaissent : vols dans la r\u00e9gion de <b>T\u00f4tes <\/b>et <b>Auffay<\/b>, comme \u00e0 <b>Saint-Victor-l\u2019Abbaye<\/b>, o\u00f9 sont d\u00e9rob\u00e9s des bijoux et de l\u2019argent, <b>Bracquetuit<\/b>, avec une fen\u00eatre d\u00e9grad\u00e9e, ou <b>D\u00e9nestanville<\/b>, avec un vol de voiture et d\u2019un coffre-fort, mais aussi autour de <b>Londini\u00e8res<\/b>, <b>Aumale<\/b>, <b>F\u00e9camp <\/b>ou <b>Rouen<\/b>.<\/p>\n<p class=\" wall-content\">Il est reproch\u00e9 \u00e9galement au beau-p\u00e8re une d\u00e9tention sans d\u00e9claration d\u2019une arme \u00e0 feu.<\/p>\n<p class=\" wall-content\">Le tribunal n\u2019a pas le temps de rentrer dans les d\u00e9tails du dossier, qui p\u00e8se plus de <b>2 600 pages<\/b>, un <b>renvoi <\/b>de l\u2019audience \u00e9tant demand\u00e9 par les avocats de la d\u00e9fense.<\/p>\n<p>Vid\u00e9os : en ce moment sur Actu<\/p>\n<p class=\" wall-content\">Les deux pr\u00e9venus qui habitent la r\u00e9gion rouennaise et ont chacun un casier judiciaire avec des condamnations pour de <b>fausses plaques <\/b>d\u2019immatriculation et des <b>recels <\/b>de biens, nient en tout cas leur implication. Cela n\u2019emp\u00eache pas un des avocats des victimes de les d\u00e9crire comme \u00ab des <b>professionnels <\/b>du vol \u00bb.<\/p>\n<p class=\" wall-content\">\u00ab Les seuls \u00e9l\u00e9ments qui les impliqueraient seraient une trace de semelle et une suppos\u00e9e reconnaissance faciale \u00bb, lance l\u2019avocat du gendre.<\/p>\n<p>Votre r\u00e9gion, votre actu !<\/p>\n<p>Recevez chaque jour les infos qui comptent pour vous.<\/p>\n<p>\t<a href=\"https:\/\/actu.fr\/newsletter\" class=\"ac-btn ac-btn--corner ac-btn--medium ac-btn--blue800\" target=\"_blank\" rel=\"noopener\">S&rsquo;incrire<\/a><\/p>\n<p class=\" wall-content\">Le substitut du procureur de la R\u00e9publique demande de son c\u00f4t\u00e9 une <b>d\u00e9tention provisoire <\/b>en attendant le prochain jugement : \u00ab Si nous les lib\u00e9rons, nous les invitons \u00e0 commencer de nouveaux m\u00e9faits \u00bb, estime le minist\u00e8re public.<\/p>\n<p class=\" wall-content\">La d\u00e9fense r\u00e9fute toutefois cet argument en soulignant que les faits reproch\u00e9s s\u2019\u00e9tendent d\u2019<b>octobre \u00e0 novembre\u00a02024 <\/b>et que, depuis, il n\u2019y a plus rien eu.<\/p>\n<p class=\" wall-content\">\u00ab Ce dossier, c\u2019est l\u2019\u00e9l\u00e9phant qui accouche d\u2019une souris \u00bb, compare l\u2019avocate du beau-p\u00e8re.<\/p>\n<p class=\" wall-content\">Le tribunal a pench\u00e9 du c\u00f4t\u00e9 de la d\u00e9fense, car les deux hommes ont \u00e9t\u00e9 plac\u00e9s sous contr\u00f4le judiciaire. Ils seront jug\u00e9s le <b>14\u00a0novembre<\/b>.<\/p>\n<p class=\" wall-content\">Personnalisez votre actualit\u00e9 en ajoutant vos villes et m\u00e9dias en favori avec <a href=\"https:\/\/moncompte.actu.fr\" title=\"D\u00e9couvez Mon Actu\" rel=\"nofollow noopener\" data-trk=\"{&quot;cta&quot;:{&quot;action&quot;:&quot;https:\\\/\\\/moncompte.actu.fr&quot;,&quot;category&quot;:&quot;mon compte&quot;,&quot;from&quot;:&quot;article footer&quot;,&quot;name&quot;:&quot;Mon actu&quot;,&quot;type&quot;:&quot;cta&quot;}}\" target=\"_blank\">Mon Actu<\/a>.<\/p>\n","protected":false},"excerpt":{"rendered":"Par Mathieu Te Morsche Publi\u00e9 le 25 oct. 2025 \u00e0 6h16 La salle du tribunal de Dieppe (Seine-Maritime)&hellip;\n","protected":false},"author":2,"featured_media":488298,"comment_status":"","ping_status":"","sticky":false,"template":"","format":"standard","meta":{"footnotes":""},"categories":[9587],"tags":[1111,11,1777,674,118,1011,27,12,5161,25,9590,15534],"class_list":{"0":"post-488297","1":"post","2":"type-post","3":"status-publish","4":"format-standard","5":"has-post-thumbnail","7":"category-rouen","8":"tag-actu","9":"tag-actualites","10":"tag-eu","11":"tag-europe","12":"tag-faits-divers","13":"tag-fr","14":"tag-france","15":"tag-news","16":"tag-normandie","17":"tag-republique-francaise","18":"tag-rouen","19":"tag-tribunal-de-dieppe"},"share_on_mastodon":{"url":"https:\/\/pubeurope.com\/@fr\/115432953175401099","error":""},"_links":{"self":[{"href":"https:\/\/www.europesays.com\/fr\/wp-json\/wp\/v2\/posts\/488297","targetHints":{"allow":["GET"]}}],"collection":[{"href":"https:\/\/www.europesays.com\/fr\/wp-json\/wp\/v2\/posts"}],"about":[{"href":"https:\/\/www.europesays.com\/fr\/wp-json\/wp\/v2\/types\/post"}],"author":[{"embeddable":true,"href":"https:\/\/www.europesays.com\/fr\/wp-json\/wp\/v2\/users\/2"}],"replies":[{"embeddable":true,"href":"https:\/\/www.europesays.com\/fr\/wp-json\/wp\/v2\/comments?post=488297"}],"version-history":[{"count":0,"href":"https:\/\/www.europesays.com\/fr\/wp-json\/wp\/v2\/posts\/488297\/revisions"}],"wp:featuredmedia":[{"embeddable":true,"href":"https:\/\/www.europesays.com\/fr\/wp-json\/wp\/v2\/media\/488298"}],"wp:attachment":[{"href":"https:\/\/www.europesays.com\/fr\/wp-json\/wp\/v2\/media?parent=488297"}],"wp:term":[{"taxonomy":"category","embeddable":true,"href":"https:\/\/www.europesays.com\/fr\/wp-json\/wp\/v2\/categories?post=488297"},{"taxonomy":"post_tag","embeddable":true,"href":"https:\/\/www.europesays.com\/fr\/wp-json\/wp\/v2\/tags?post=488297"}],"curies":[{"name":"wp","href":"https:\/\/api.w.org\/{rel}","templated":true}]}}