{"id":488303,"date":"2025-10-25T04:41:37","date_gmt":"2025-10-25T04:41:37","guid":{"rendered":"https:\/\/www.europesays.com\/fr\/488303\/"},"modified":"2025-10-25T04:41:37","modified_gmt":"2025-10-25T04:41:37","slug":"a-rennes-un-evenement-pour-redorer-limage-de-marque-du-cidre","status":"publish","type":"post","link":"https:\/\/www.europesays.com\/fr\/488303\/","title":{"rendered":"\u00c0 Rennes, un \u00e9v\u00e9nement pour redorer l\u2019image de marque du cidre"},"content":{"rendered":"<p>Sur le mod\u00e8le de la route des vins, ces itin\u00e9raires valorisant cavistes et vignerons, une dizaine de productrices et producteurs de cidre ont eu l\u2019id\u00e9e de cr\u00e9er \u00ab\u00a0La Vilaine, route des cidres.\u00a0\u00bb Une fa\u00e7on de revaloriser une boisson encore trop souvent mal consid\u00e9r\u00e9e. Ainsi, <a href=\"https:\/\/www.bretagneportedeloire.fr\/medias\/2024\/12\/carte-cidre-digital.pdf\" target=\"_self\" rel=\"noopener\">une carte touristique r\u00e9f\u00e9ren\u00e7ant<\/a> les producteurs ou distilleries en Ille-et-Vilaine a \u00e9t\u00e9 \u00e9dit\u00e9e.<\/p>\n<p>Dans cette m\u00eame d\u00e9marche, dimanche 2\u00a0novembre, entre 14\u00a0h et 18\u00a0h, un <a href=\"https:\/\/rennes.maville.com\/actu\/actudet_-a-rennes-on-a-presse-des-pommes-ce-dimanche-a-l-ecomusee-de-la-bintinais-_7-6535979_actu.Htm\" target=\"_self\" rel=\"noopener\">\u00e9v\u00e9nement gratuit se tiendra une nouvelle fois<\/a> dans l\u2019\u00e9comus\u00e9e de la Bintinais, \u00e0 Rennes. Au programme\u00a0: des d\u00e9gustations d\u2019accords fromage et cidre, une balade historique intitul\u00e9e La pomme \u00e0 l\u2019antiquit\u00e9 et au Moyen \u00c2ge, anim\u00e9e par l\u2019historienne Marie Casset, des rencontres avec des p\u00e9pini\u00e9ristes, des d\u00e9monstrations d\u2019entretien de pommiers, mais aussi un pressurage \u00e0 l\u2019ancienne de pommes.<\/p>\n<p>Plus d\u2019informations sur le site de l\u2019\u00e9comus\u00e9e\u00a0: <a href=\"https:\/\/www.ecomusee-rennes-metropole.fr\/agenda\/pommes-cidres\/\" target=\"_self\" rel=\"noopener\">www.ecomusee-rennes-metropole.fr<\/a><\/p>\n<p>\u00a0<\/p>\n","protected":false},"excerpt":{"rendered":"Sur le mod\u00e8le de la route des vins, ces itin\u00e9raires valorisant cavistes et vignerons, une dizaine de productrices&hellip;\n","protected":false},"author":2,"featured_media":488304,"comment_status":"","ping_status":"","sticky":false,"template":"","format":"standard","meta":{"footnotes":""},"categories":[2821],"tags":[1111,11,829,31922,1777,674,2087,1011,27,13478,12141,12,61132,584,25],"class_list":{"0":"post-488303","1":"post","2":"type-post","3":"status-publish","4":"format-standard","5":"has-post-thumbnail","7":"category-rennes","8":"tag-actu","9":"tag-actualites","10":"tag-bretagne","11":"tag-cidre","12":"tag-eu","13":"tag-europe","14":"tag-evenement","15":"tag-fr","16":"tag-france","17":"tag-image","18":"tag-marque","19":"tag-news","20":"tag-redorer","21":"tag-rennes","22":"tag-republique-francaise"},"share_on_mastodon":{"url":"https:\/\/pubeurope.com\/@fr\/115432972818185111","error":""},"_links":{"self":[{"href":"https:\/\/www.europesays.com\/fr\/wp-json\/wp\/v2\/posts\/488303","targetHints":{"allow":["GET"]}}],"collection":[{"href":"https:\/\/www.europesays.com\/fr\/wp-json\/wp\/v2\/posts"}],"about":[{"href":"https:\/\/www.europesays.com\/fr\/wp-json\/wp\/v2\/types\/post"}],"author":[{"embeddable":true,"href":"https:\/\/www.europesays.com\/fr\/wp-json\/wp\/v2\/users\/2"}],"replies":[{"embeddable":true,"href":"https:\/\/www.europesays.com\/fr\/wp-json\/wp\/v2\/comments?post=488303"}],"version-history":[{"count":0,"href":"https:\/\/www.europesays.com\/fr\/wp-json\/wp\/v2\/posts\/488303\/revisions"}],"wp:featuredmedia":[{"embeddable":true,"href":"https:\/\/www.europesays.com\/fr\/wp-json\/wp\/v2\/media\/488304"}],"wp:attachment":[{"href":"https:\/\/www.europesays.com\/fr\/wp-json\/wp\/v2\/media?parent=488303"}],"wp:term":[{"taxonomy":"category","embeddable":true,"href":"https:\/\/www.europesays.com\/fr\/wp-json\/wp\/v2\/categories?post=488303"},{"taxonomy":"post_tag","embeddable":true,"href":"https:\/\/www.europesays.com\/fr\/wp-json\/wp\/v2\/tags?post=488303"}],"curies":[{"name":"wp","href":"https:\/\/api.w.org\/{rel}","templated":true}]}}