{"id":488311,"date":"2025-10-25T04:45:10","date_gmt":"2025-10-25T04:45:10","guid":{"rendered":"https:\/\/www.europesays.com\/fr\/488311\/"},"modified":"2025-10-25T04:45:10","modified_gmt":"2025-10-25T04:45:10","slug":"nice-plusieurs-trams-ne-circuleront-pas-en-soiree-en-cette-fin-octobre-voici-pourquoi","status":"publish","type":"post","link":"https:\/\/www.europesays.com\/fr\/488311\/","title":{"rendered":"Nice. Plusieurs trams ne circuleront pas en soir\u00e9e en cette fin octobre, voici pourquoi"},"content":{"rendered":"<p>            Par<br \/>\n        <strong><br \/>\n            <a href=\"https:\/\/actu.fr\/auteur\/arthur-frand\" title=\"Consulter tous les articles de Arthur Frand\" rel=\"nofollow noopener\" target=\"_blank\">Arthur Frand<\/a><br \/>\n        <\/strong><\/p>\n<p>        Publi\u00e9 le<\/p>\n<p>            25 oct. 2025 \u00e0 6h14        <\/p>\n<p>Attention, il faudra prendre ses dispositions pour rentrer via les transports en commun ces prochains jours \u00e0 <a href=\"https:\/\/actu.fr\/nice\/\" rel=\"nofollow noopener\" target=\"_blank\">Nice<\/a> (<a href=\"https:\/\/actu.fr\/provence-alpes-cote-d-azur\/alpes-maritimes_06\" rel=\"nofollow noopener\" target=\"_blank\">Alpes-Maritimes<\/a>). En effet, les lignes 2, 3 et B seront <strong>modifi\u00e9es en soir\u00e9e<\/strong>, du dimanche\u00a026 au jeudi 30\u00a0octobre 2025. Des travaux de maintenance sont effectu\u00e9s par le r\u00e9seau Lignes d\u2019Azur en soir\u00e9e et de nuit.<\/p>\n<p class=\" wall-content\">De fait, de nouveaux horaires sont \u00e0 prendre en compte pour \u00e9viter de se retrouver pi\u00e9g\u00e9 en rentrant chez soi \u00e0 partir d\u2019une certaine heure. Aucun tram des lignes 2,3 et B ne circulera apr\u00e8s 22h.<\/p>\n<p>Ligne 2<\/p>\n<p class=\" wall-content\">Apr\u00e8s les d\u00e9parts suivants, la ligne 2 ne circulera plus jusqu\u2019\u00e0 la fin de service\u2009:<\/p>\n<p class=\" wall-content\"><strong>Le dimanche 26\u00a0octobre<\/strong><br \/>A\u00e9roport Terminal 2 direction Port Lympia\u2009: dernier d\u00e9part \u00e0 20h48<br \/>Port Lympia direction A\u00e9roport Terminal 2\u2009: dernier d\u00e9part \u00e0 21h04<br \/><strong>Du lundi\u00a027 au jeudi 30\u00a0octobre<\/strong><br \/>A\u00e9roport Terminal 2 direction Port Lympia\u2009: dernier d\u00e9part \u00e0 20h48<br \/>Port Lympia direction A\u00e9roport Terminal 2\u2009: dernier d\u00e9part \u00e0 20h59<\/p>\n<p>Ligne 3<\/p>\n<p class=\" wall-content\">Apr\u00e8s les d\u00e9parts suivants, la ligne 3 circulera uniquement entre les stations Saint-Isidore et CADAM \/ Centre Administratif\u2009:<\/p>\n<p class=\" wall-content\"><strong>Le dimanche 26\u00a0octobre<\/strong><br \/>Saint-Isidore direction Port Lympia\u2009: 20h44<br \/>Port Lympia direction Saint-Isidore\u2009: 21h26<\/p>\n<p class=\" wall-content\"><strong>Du lundi\u00a027 au jeudi 30\u00a0octobre<\/strong><br \/>Saint-Isidore direction Port Lympia\u2009: 20h45<br \/>Port Lympia direction Saint-Isidore\u2009: 21h33<\/p>\n<p>Votre r\u00e9gion, votre actu !<\/p>\n<p>Recevez chaque jour les infos qui comptent pour vous.<\/p>\n<p>\t<a href=\"https:\/\/actu.fr\/newsletter\" class=\"ac-btn ac-btn--corner ac-btn--medium ac-btn--blue800\" rel=\"nofollow noopener\" target=\"_blank\">S&rsquo;incrire<\/a><br \/>\nLigne B<\/p>\n<p class=\" wall-content\">Apr\u00e8s les d\u00e9parts suivants, la ligne B ne circulera plus jusqu\u2019\u00e0 la fin de service\u2009:<\/p>\n<p class=\" wall-content\"><strong>Le dimanche 26\u00a0octobre<\/strong><br \/>CADAM \/ Centre Administratif direction A\u00e9roport Terminal 2\u2009: dernier d\u00e9part \u00e0 21h31<br \/>A\u00e9roport Terminal 2 direction CADAM \/ Centre Administratif\u2009: dernier d\u00e9part \u00e0 21h47<br \/><strong>Du lundi\u00a027 au jeudi 30\u00a0octobre<\/strong><br \/>CADAM \/ Centre Administratif direction A\u00e9roport Terminal 2 : dernier d\u00e9part \u00e0 21h29<br \/>A\u00e9roport Terminal 2 direction CADAM \/ Centre Administratif : dernier d\u00e9part \u00e0 21h47<\/p>\n<p>D\u00e9parts assur\u00e9s apr\u00e8s Nice-Lille, une ligne de bus renforc\u00e9e<\/p>\n<p class=\" wall-content\">En revanche \u00e0 la fin du match entre l\u2019OGC Nice et Lille le mercredi 29 octobre (19 h) \u00e0 l\u2019Allianz Riviera, les d\u00e9parts sont bien assur\u00e9s depuis Saint-Isidore en direction de Port Lympia, pr\u00e9cise le r\u00e9seau Ligne d\u2019Azur.<\/p>\n<p class=\" wall-content\">En compl\u00e9ment, du 26 au 30 octobre, la ligne de bus 12 + est renforc\u00e9e entre Palais des Expositions et Centre Commercial CAP3000 entre 20h15 et 01h40.<\/p>\n<p class=\" wall-content\">Une <strong>navette<\/strong> est mise en place entre CADAM \/ Centre Administratif et Grand Ar\u00e9nas. Elle desservira les arr\u00eats suivants\u2009: CADAM \/ Centre Administratif, Digue des Fran\u00e7ais, Paul Montel \/ Les Moulins, Grand Ar\u00e9nas, A\u00e9roport \/ Promenade (desservi par la ligne 12), l\u2019ancien arr\u00eat de la ligne 20 situ\u00e9 en face du lyc\u00e9e h\u00f4telier, Bois de Boulogne et Santoline.\u00a0<br \/>Tous les d\u00e9parts depuis Grand Ar\u00e9nas\u2009<strong>:<\/strong><br \/>20h57<br \/>21h15<br \/>21h15<br \/>21h35<br \/>21h35<br \/>21h55<br \/>21h55<br \/>22h15<br \/>22h15<br \/>22h35<br \/>22h35<br \/>22h55<br \/>22h57<br \/>23h20<br \/>23h21<br \/>23h45<br \/>23h45<br \/>00h10<br \/>00h15<br \/>00h40<br \/>00h35<br \/>01h15<\/p>\n<p class=\" wall-content\">Personnalisez votre actualit\u00e9 en ajoutant vos villes et m\u00e9dias en favori avec <a href=\"https:\/\/moncompte.actu.fr\" title=\"D\u00e9couvez Mon Actu\" rel=\"nofollow noopener\" data-trk=\"{&quot;cta&quot;:{&quot;action&quot;:&quot;https:\\\/\\\/moncompte.actu.fr&quot;,&quot;category&quot;:&quot;mon compte&quot;,&quot;from&quot;:&quot;article footer&quot;,&quot;name&quot;:&quot;Mon actu&quot;,&quot;type&quot;:&quot;cta&quot;}}\" target=\"_blank\">Mon Actu<\/a>.<\/p>\n","protected":false},"excerpt":{"rendered":"Par Arthur Frand Publi\u00e9 le 25 oct. 2025 \u00e0 6h14 Attention, il faudra prendre ses dispositions pour rentrer&hellip;\n","protected":false},"author":2,"featured_media":377930,"comment_status":"","ping_status":"","sticky":false,"template":"","format":"standard","meta":{"footnotes":""},"categories":[2819],"tags":[1111,11,3542,1777,674,1011,27,14554,12,2401,882,25,104],"class_list":{"0":"post-488311","1":"post","2":"type-post","3":"status-publish","4":"format-standard","5":"has-post-thumbnail","7":"category-nice","8":"tag-actu","9":"tag-actualites","10":"tag-circulation","11":"tag-eu","12":"tag-europe","13":"tag-fr","14":"tag-france","15":"tag-lignes-dazur","16":"tag-news","17":"tag-nice","18":"tag-provence-alpes-cote-dazur","19":"tag-republique-francaise","20":"tag-societe"},"share_on_mastodon":{"url":"https:\/\/pubeurope.com\/@fr\/115432988700837123","error":""},"_links":{"self":[{"href":"https:\/\/www.europesays.com\/fr\/wp-json\/wp\/v2\/posts\/488311","targetHints":{"allow":["GET"]}}],"collection":[{"href":"https:\/\/www.europesays.com\/fr\/wp-json\/wp\/v2\/posts"}],"about":[{"href":"https:\/\/www.europesays.com\/fr\/wp-json\/wp\/v2\/types\/post"}],"author":[{"embeddable":true,"href":"https:\/\/www.europesays.com\/fr\/wp-json\/wp\/v2\/users\/2"}],"replies":[{"embeddable":true,"href":"https:\/\/www.europesays.com\/fr\/wp-json\/wp\/v2\/comments?post=488311"}],"version-history":[{"count":0,"href":"https:\/\/www.europesays.com\/fr\/wp-json\/wp\/v2\/posts\/488311\/revisions"}],"wp:featuredmedia":[{"embeddable":true,"href":"https:\/\/www.europesays.com\/fr\/wp-json\/wp\/v2\/media\/377930"}],"wp:attachment":[{"href":"https:\/\/www.europesays.com\/fr\/wp-json\/wp\/v2\/media?parent=488311"}],"wp:term":[{"taxonomy":"category","embeddable":true,"href":"https:\/\/www.europesays.com\/fr\/wp-json\/wp\/v2\/categories?post=488311"},{"taxonomy":"post_tag","embeddable":true,"href":"https:\/\/www.europesays.com\/fr\/wp-json\/wp\/v2\/tags?post=488311"}],"curies":[{"name":"wp","href":"https:\/\/api.w.org\/{rel}","templated":true}]}}