{"id":488325,"date":"2025-10-25T04:54:17","date_gmt":"2025-10-25T04:54:17","guid":{"rendered":"https:\/\/www.europesays.com\/fr\/488325\/"},"modified":"2025-10-25T04:54:17","modified_gmt":"2025-10-25T04:54:17","slug":"lacuna-coil-nonpoint-evenements","status":"publish","type":"post","link":"https:\/\/www.europesays.com\/fr\/488325\/","title":{"rendered":"Lacuna Coil + Nonpoint \/ \u00c9v\u00e9nements"},"content":{"rendered":"<p>\nAvec Sleepless Empire, cet endroit est sombre, cin\u00e9matographique, et reste incontestablement fid\u00e8le aux caract\u00e9ristiques uniques qui ont valu \u00e0 Lacuna Coil une place c\u00e9l\u00e9br\u00e9e dans les annales de la musique heavy.<br \/>Des refrains monumentaux du morceau d\u2019ouverture The Siege au captivant I Wish You Were Dead et \u00e0 l\u2019irr\u00e9sistible morceau-titre Sleepless Empire, la confiance de Lacuna Coil dans leur dernier opus est ind\u00e9niable, avec \u00e9galement son lot de surprises dont deux apparitions tr\u00e8s sp\u00e9ciales : Ash Costello de New Years Day sur l\u2019\u00e9pique In The Mean Time et une contribution survolt\u00e9e de Randy Blythe de Lamb of God sur Hosting the Shadow.<\/p>\n","protected":false},"excerpt":{"rendered":"Avec Sleepless Empire, cet endroit est sombre, cin\u00e9matographique, et reste incontestablement fid\u00e8le aux caract\u00e9ristiques uniques qui ont valu&hellip;\n","protected":false},"author":2,"featured_media":488326,"comment_status":"","ping_status":"","sticky":false,"template":"","format":"standard","meta":{"footnotes":""},"categories":[2815],"tags":[1111,11,4763,1777,674,1011,27,811,1307,5415,12,25],"class_list":{"0":"post-488325","1":"post","2":"type-post","3":"status-publish","4":"format-standard","5":"has-post-thumbnail","7":"category-lille","8":"tag-actu","9":"tag-actualites","10":"tag-agenda","11":"tag-eu","12":"tag-europe","13":"tag-fr","14":"tag-france","15":"tag-hauts-de-france","16":"tag-lille","17":"tag-mairie","18":"tag-news","19":"tag-republique-francaise"},"share_on_mastodon":{"url":"https:\/\/pubeurope.com\/@fr\/115433023973008660","error":""},"_links":{"self":[{"href":"https:\/\/www.europesays.com\/fr\/wp-json\/wp\/v2\/posts\/488325","targetHints":{"allow":["GET"]}}],"collection":[{"href":"https:\/\/www.europesays.com\/fr\/wp-json\/wp\/v2\/posts"}],"about":[{"href":"https:\/\/www.europesays.com\/fr\/wp-json\/wp\/v2\/types\/post"}],"author":[{"embeddable":true,"href":"https:\/\/www.europesays.com\/fr\/wp-json\/wp\/v2\/users\/2"}],"replies":[{"embeddable":true,"href":"https:\/\/www.europesays.com\/fr\/wp-json\/wp\/v2\/comments?post=488325"}],"version-history":[{"count":0,"href":"https:\/\/www.europesays.com\/fr\/wp-json\/wp\/v2\/posts\/488325\/revisions"}],"wp:featuredmedia":[{"embeddable":true,"href":"https:\/\/www.europesays.com\/fr\/wp-json\/wp\/v2\/media\/488326"}],"wp:attachment":[{"href":"https:\/\/www.europesays.com\/fr\/wp-json\/wp\/v2\/media?parent=488325"}],"wp:term":[{"taxonomy":"category","embeddable":true,"href":"https:\/\/www.europesays.com\/fr\/wp-json\/wp\/v2\/categories?post=488325"},{"taxonomy":"post_tag","embeddable":true,"href":"https:\/\/www.europesays.com\/fr\/wp-json\/wp\/v2\/tags?post=488325"}],"curies":[{"name":"wp","href":"https:\/\/api.w.org\/{rel}","templated":true}]}}