{"id":488327,"date":"2025-10-25T04:55:15","date_gmt":"2025-10-25T04:55:15","guid":{"rendered":"https:\/\/www.europesays.com\/fr\/488327\/"},"modified":"2025-10-25T04:55:15","modified_gmt":"2025-10-25T04:55:15","slug":"a-saint-louis-lhistorique-chemin-marseillais-des-bestiaux-inaccessible","status":"publish","type":"post","link":"https:\/\/www.europesays.com\/fr\/488327\/","title":{"rendered":"\u00e0 Saint-Louis, l&rsquo;historique chemin marseillais des bestiaux inaccessible"},"content":{"rendered":"<p>\u00ab\u00a0Enfant, je prenais ce chemin avec mon grand-p\u00e8re.\u00a0\u00bb Face aux cl\u00f4tures qui lui barrent le passage, Marin, habitant de Saint-Louis, aimerait \u00ab\u00a0revenir en arri\u00e8re\u00a0\u00bb. Plus pr\u00e9cis\u00e9ment, avant qu\u2019un chantier qui s\u2019\u00e9tend en bas de chez cet ouvrier retrait\u00e9 depuis avril ne vienne barrer le \u00ab\u00a0<a href=\"https:\/\/www.laprovence.com\/article\/papier\/3116927\/curiosite-de-rue.html\" target=\"_blank\" rel=\"noopener\">chemin des bestiaux<\/a>\u00ab\u00a0.<\/p>\n<p>Cette voie historique sans plaque de rue est utilis\u00e9e de\u00a01894 \u00e0\u00a01989 pour mener les b\u00eates &#8211; vaches, mais aussi moutons et chevaux &#8211; aux abattoirs de Marseille, aujourd\u2019hui les habitants de Saint-Louis aiment la prendre pour aller attraper le B2, le 70 ou encore le 32 qui relient les quartiers Nord au centre-ville. R\u00e9sultat, les pi\u00e9tons doivent trouver un chemin de substitution.<\/p>\n<p>Descendu du B2, Marin marche \u00ab\u00a015 minutes suppl\u00e9mentaires\u00a0\u00bb, ou bien descend \u00e0 l\u2019arr\u00eat suivant. \u00ab\u00a0Mais dans ce cas, \u00e7a reste la gal\u00e8re, parce que je dois traverser deux parkings de r\u00e9sidences priv\u00e9es. Quand une rue ferme, ce sont toujours les pauvres qui s\u2019adaptent\u00a0\u00bb, se d\u00e9sesp\u00e8re-t-il. \u00ab\u00a0Le chemin des bestiaux \u00e9tait en pente douce, c\u2019\u00e9tait parfait pour revenir avec mes courses\u00a0\u00bb, compl\u00e8te Lina, une femme \u00e2g\u00e9e qui porte son chariot pour monter les escaliers devenus glissants par temps de pluie.<\/p>\n","protected":false},"excerpt":{"rendered":"\u00ab\u00a0Enfant, je prenais ce chemin avec mon grand-p\u00e8re.\u00a0\u00bb Face aux cl\u00f4tures qui lui barrent le passage, Marin, habitant&hellip;\n","protected":false},"author":2,"featured_media":488328,"comment_status":"","ping_status":"","sticky":false,"template":"","format":"standard","meta":{"footnotes":""},"categories":[2814],"tags":[17,1111,11,3477,1777,674,9095,1011,27,884,12,5261,32681,882,61133,13637,16,25,3640],"class_list":{"0":"post-488327","1":"post","2":"type-post","3":"status-publish","4":"format-standard","5":"has-post-thumbnail","7":"category-marseille","8":"tag-17","9":"tag-actu","10":"tag-actualites","11":"tag-cette","12":"tag-eu","13":"tag-europe","14":"tag-ferme","15":"tag-fr","16":"tag-france","17":"tag-marseille","18":"tag-news","19":"tag-pas","20":"tag-promoteur","21":"tag-provence-alpes-cote-dazur","22":"tag-quun","23":"tag-raison","24":"tag-region","25":"tag-republique-francaise","26":"tag-rue"},"share_on_mastodon":{"url":"https:\/\/pubeurope.com\/@fr\/115433027902900583","error":""},"_links":{"self":[{"href":"https:\/\/www.europesays.com\/fr\/wp-json\/wp\/v2\/posts\/488327","targetHints":{"allow":["GET"]}}],"collection":[{"href":"https:\/\/www.europesays.com\/fr\/wp-json\/wp\/v2\/posts"}],"about":[{"href":"https:\/\/www.europesays.com\/fr\/wp-json\/wp\/v2\/types\/post"}],"author":[{"embeddable":true,"href":"https:\/\/www.europesays.com\/fr\/wp-json\/wp\/v2\/users\/2"}],"replies":[{"embeddable":true,"href":"https:\/\/www.europesays.com\/fr\/wp-json\/wp\/v2\/comments?post=488327"}],"version-history":[{"count":0,"href":"https:\/\/www.europesays.com\/fr\/wp-json\/wp\/v2\/posts\/488327\/revisions"}],"wp:featuredmedia":[{"embeddable":true,"href":"https:\/\/www.europesays.com\/fr\/wp-json\/wp\/v2\/media\/488328"}],"wp:attachment":[{"href":"https:\/\/www.europesays.com\/fr\/wp-json\/wp\/v2\/media?parent=488327"}],"wp:term":[{"taxonomy":"category","embeddable":true,"href":"https:\/\/www.europesays.com\/fr\/wp-json\/wp\/v2\/categories?post=488327"},{"taxonomy":"post_tag","embeddable":true,"href":"https:\/\/www.europesays.com\/fr\/wp-json\/wp\/v2\/tags?post=488327"}],"curies":[{"name":"wp","href":"https:\/\/api.w.org\/{rel}","templated":true}]}}