{"id":488413,"date":"2025-10-25T05:52:19","date_gmt":"2025-10-25T05:52:19","guid":{"rendered":"https:\/\/www.europesays.com\/fr\/488413\/"},"modified":"2025-10-25T05:52:19","modified_gmt":"2025-10-25T05:52:19","slug":"cest-choquant-a-rennes-des-commercants-victimes-dune-tentative-de-racket","status":"publish","type":"post","link":"https:\/\/www.europesays.com\/fr\/488413\/","title":{"rendered":"\u00ab\u00a0C&rsquo;est choquant\u00a0\u00bb : \u00e0 Rennes, des commer\u00e7ants victimes d&rsquo;une tentative de racket"},"content":{"rendered":"<ul class=\"jsx-862013697 ArticleChapo__List\">\n<li class=\"jsx-862013697 ArticleChapo__List_Item flex\">\u00c0 Rennes, les commer\u00e7ants du quartier Villejean vivent dans la crainte.<\/li>\n<li class=\"jsx-862013697 ArticleChapo__List_Item flex\">Plusieurs d&rsquo;entre eux ont re\u00e7u une lettre les sommant de verser de l&rsquo;argent en \u00e9change d&rsquo;une protection assur\u00e9e par des dealers.<\/li>\n<\/ul>\n<p><a href=\"https:\/\/www.tf1info.fr\/emissions\/tf1\/le-20h-11001\/\" rel=\"noopener\" class=\"jsx-484472199 Link jsx-1428418400 jsx-640816507\" target=\"_blank\"><\/p>\n<p style=\"font-weight:400\" class=\"jsx-1837267516\">Suivez la couverture compl\u00e8te<\/p>\n<p style=\"font-weight:800\" class=\"jsx-1837267516\">Le 20H<\/p>\n<p><\/a><\/p>\n<p data-module=\"article-paragraph\" class=\"jsx-3046738180 Paragraph Paragraph__End\">En pleine journ\u00e9e, dans le quartier Villejean, \u00e0 Rennes (Ille-et-Vilaine), gangren\u00e9 par le trafic de drogue, il a suffi d&rsquo;un courrier d\u00e9pos\u00e9 par deux mineurs pour raviver la tension autour de cette dalle. Dans une syntaxe approximative, un certain \u00ab\u00a0cartel V\u00a0\u00bb menace les commer\u00e7ants. \u00ab\u00a0Nous nous engageons \u00e0 veiller sur vous et vos commerces. Nous vous assurons s\u00e9curit\u00e9, tranquillit\u00e9. En \u00e9change de nos services, une r\u00e9mun\u00e9ration hebdomadaire sera ramass\u00e9e par nos \u00e9quipes\u00a0\u00bb, est-il \u00e9crit.\u00a0<\/p>\n<blockquote class=\"jsx-2786790838 Quote__Text\"><p>Avant, on voyait \u00e7a dans les films, maintenant, on le vit. C&rsquo;est triste. <\/p><\/blockquote>\n<p>Une habitante<\/p>\n<p data-module=\"article-paragraph\" class=\"jsx-3046738180 Paragraph Paragraph__End\">Des jeunes, rencontr\u00e9s sur un point de deal, assurent que cette lettre n&rsquo;est pas \u00e0 prendre au s\u00e9rieux. \u00ab\u00a0C&rsquo;est un truc enfantin. Ce sont des petits cons qui ont d\u00fb faire \u00e7a pour dire que le quartier est chaud, etc. \u00c7a n&rsquo;a rien \u00e0 voir, il n&rsquo;y a pas de cartel\u00a0\u00bb, indique l&rsquo;un d&rsquo;eux dans le reportage ci-dessus. Mais pour certains habitants, la lecture de la lettre fait craindre une escalade de la violence. \u00ab\u00a0Avant, on voyait \u00e7a dans les films, maintenant, on le vit. C&rsquo;est triste. C&rsquo;est choquant et ce n&rsquo;est pas s\u00e9curisant non plus. Si les commerces commencent \u00e0 fermer, le quartier n&rsquo;a plus de vie\u00a0\u00bb, souligne une m\u00e8re de famille.\u00a0<\/p>\n<p><img decoding=\"async\" src=\"https:\/\/www.europesays.com\/fr\/wp-content\/uploads\/2025\/10\/capjta-lettre-rennes-510ace-0@1x.jpeg\" alt=\"TF1\" loading=\"lazy\" importance=\"low\" fetchpriority=\"low\" class=\"\" data-module=\"article-image\"\/>TF1<\/p>\n<p data-module=\"article-paragraph\" class=\"jsx-3046738180 Paragraph\">Par peur des repr\u00e9sailles, les commer\u00e7ants n&rsquo;ont pas souhait\u00e9 s&rsquo;exprimer. Une autre habitante les comprend. Elle a vu la situation se d\u00e9grader ces derni\u00e8res ann\u00e9es dans le quartier. \u00ab\u00a0Je me dis que \u00e7a commence \u00e0 devenir dur \u00e0 Villejean et qu&rsquo;on parle de Marseille, mais qu&rsquo;on va finir par faire pareil\u00a0\u00bb, admet-elle.<\/p>\n<p data-module=\"article-paragraph\" class=\"jsx-3046738180 Paragraph Paragraph__End\"><a href=\"https:\/\/www.tf1info.fr\/justice-faits-divers\/rennes-deux-mineurs-blesses-par-balles-dans-le-quartier-de-villejean-2368814.html\" target=\"_blank\" rel=\"noopener\">Il y a six mois d\u00e9j\u00e0<\/a>, le quartier avait \u00e9t\u00e9 marqu\u00e9 par des images montrant des tirs de rafales automatiques au milieu des habitants en pleine journ\u00e9e. \u00ab\u00a0R\u00e8glement de compte, fusillade. Maintenant, une autre forme d&rsquo;intimidation. L\u00e0, on monte vraiment d&rsquo;un cran et on peut comprendre la peur des habitants et des commer\u00e7ants\u00a0\u00bb, avance Anthony Grelet, secr\u00e9taire d\u00e9partemental adjoint.\u00a0<\/p>\n<p><a href=\"https:\/\/www.tf1info.fr\/justice-faits-divers\/operation-place-nette-a-digne-les-bains-des-commercants-rackettes-par-des-trafiquants-de-drogue-2345037.html\" rel=\"noopener\" class=\"jsx-3308031228 Link flex\" target=\"_blank\"><img decoding=\"async\" src=\"https:\/\/www.europesays.com\/fr\/wp-content\/uploads\/2025\/10\/capture-digne-les-bains-c40945-1@1x.jpeg\" alt=\"TF1\" loading=\"lazy\" importance=\"low\" fetchpriority=\"low\" class=\"\" aria-hidden=\"true\"\/><\/p>\n<p class=\"jsx-3657663356 ReadMoreArticle__Title\">Lire aussi<\/p>\n<p class=\"jsx-3657663356\">Op\u00e9ration \u00ab\u00a0Place nette\u00a0\u00bb \u00e0 Digne-les-Bains : des commer\u00e7ants rackett\u00e9s par des trafiquants de drogue<\/p>\n<p><\/a><\/p>\n<p data-module=\"article-paragraph\" class=\"jsx-3046738180 Paragraph Paragraph__End\">Contact\u00e9, le parquet confirme que cette affaire est prise au s\u00e9rieux et qu&rsquo;une enqu\u00eate est en cours pour en identifier les auteurs. \u00ab\u00a0Il reste \u00e0 d\u00e9terminer si un r\u00e9el r\u00e9seau de racket est \u00e0 l&rsquo;origine de ces faits. \u00c0 ce jour, aucune demande de paiement ni aucun acte d&rsquo;intimidation n&rsquo;a \u00e9t\u00e9 signal\u00e9\u00a0\u00bb, pr\u00e9cise Fr\u00e9d\u00e9ric Teillet, le procureur de la r\u00e9publique de Rennes. Selon le parquet, les deux mineurs interpell\u00e9s n&rsquo;avaient pas connaissance du contenu de la lettre.<\/p>\n<p>La r\u00e9daction de TF1info | Reportage : Kevin GAIGNOUX et J. ERRARD<\/p>\n","protected":false},"excerpt":{"rendered":"\u00c0 Rennes, les commer\u00e7ants du quartier Villejean vivent dans la crainte. Plusieurs d&rsquo;entre eux ont re\u00e7u une lettre&hellip;\n","protected":false},"author":2,"featured_media":488414,"comment_status":"","ping_status":"","sticky":false,"template":"","format":"standard","meta":{"footnotes":""},"categories":[2821],"tags":[1111,11,1921,829,2951,2950,1777,674,1011,27,1922,2954,2952,12,584,25,887,133,2953,2949],"class_list":{"0":"post-488413","1":"post","2":"type-post","3":"status-publish","4":"format-standard","5":"has-post-thumbnail","7":"category-rennes","8":"tag-actu","9":"tag-actualites","10":"tag-article-video","11":"tag-bretagne","12":"tag-criminalite","13":"tag-delinquance","14":"tag-eu","15":"tag-europe","16":"tag-fr","17":"tag-france","18":"tag-info","19":"tag-justice-et-faits-divers","20":"tag-le-20h","21":"tag-news","22":"tag-rennes","23":"tag-republique-francaise","24":"tag-trafic-de-drogue","25":"tag-video","26":"tag-video-police","27":"tag-violences"},"share_on_mastodon":{"url":"https:\/\/pubeurope.com\/@fr\/115433252692540751","error":""},"_links":{"self":[{"href":"https:\/\/www.europesays.com\/fr\/wp-json\/wp\/v2\/posts\/488413","targetHints":{"allow":["GET"]}}],"collection":[{"href":"https:\/\/www.europesays.com\/fr\/wp-json\/wp\/v2\/posts"}],"about":[{"href":"https:\/\/www.europesays.com\/fr\/wp-json\/wp\/v2\/types\/post"}],"author":[{"embeddable":true,"href":"https:\/\/www.europesays.com\/fr\/wp-json\/wp\/v2\/users\/2"}],"replies":[{"embeddable":true,"href":"https:\/\/www.europesays.com\/fr\/wp-json\/wp\/v2\/comments?post=488413"}],"version-history":[{"count":0,"href":"https:\/\/www.europesays.com\/fr\/wp-json\/wp\/v2\/posts\/488413\/revisions"}],"wp:featuredmedia":[{"embeddable":true,"href":"https:\/\/www.europesays.com\/fr\/wp-json\/wp\/v2\/media\/488414"}],"wp:attachment":[{"href":"https:\/\/www.europesays.com\/fr\/wp-json\/wp\/v2\/media?parent=488413"}],"wp:term":[{"taxonomy":"category","embeddable":true,"href":"https:\/\/www.europesays.com\/fr\/wp-json\/wp\/v2\/categories?post=488413"},{"taxonomy":"post_tag","embeddable":true,"href":"https:\/\/www.europesays.com\/fr\/wp-json\/wp\/v2\/tags?post=488413"}],"curies":[{"name":"wp","href":"https:\/\/api.w.org\/{rel}","templated":true}]}}