{"id":488415,"date":"2025-10-25T05:53:22","date_gmt":"2025-10-25T05:53:22","guid":{"rendered":"https:\/\/www.europesays.com\/fr\/488415\/"},"modified":"2025-10-25T05:53:22","modified_gmt":"2025-10-25T05:53:22","slug":"nicolas-schneider-entre-temps-et-matiere-a-la-galerie-east","status":"publish","type":"post","link":"https:\/\/www.europesays.com\/fr\/488415\/","title":{"rendered":"Nicolas Schneider entre temps et mati\u00e8re \u00e0 la Galerie East"},"content":{"rendered":"<p class=\"wp-block-post-excerpt__excerpt\">\u00c0 la Galerie East, la mati\u00e8re s\u2019anime et raconte. Du 24 septembre au 15 novembre 2025, les dessins et sculptures de Nicolas Schneider dialoguent avec celles d\u2019artistes am\u00e9ricains d\u2019apr\u00e8s-guerre, transformant l\u2019espace strasbourgeois en une sc\u00e8ne o\u00f9 se rencontrent pr\u00e9cision du geste et subtilit\u00e9 des textures.\u00a0 <\/p>\n<p class=\"font-sans\">\n\t\t\tCet article est en acc\u00e8s libre. Pour soutenir Rue89 Strasbourg,<br \/>\n\t\t\t<a class=\"underline\" href=\"https:\/\/www.rue89strasbourg.com\/abonnement\" target=\"_blank\" rel=\"noopener\">abonnez-vous<\/a>.\n\t\t<\/p>\n<p>Oc\u00e9ane Halm<\/p>\n<p>Publi\u00e9 le 25 octobre 2025\u00a0\u00a0\u00b7\u00a0\u00a0<\/p>\n<p>Imprim\u00e9 le 25 octobre 2025 \u00e0 07h02\u00a0\u00a0\u00b7\u00a0\u00a0<\/p>\n<p>\t\t\t\t\t2\u00a0minutes\n<\/p>\n<p class=\"has-drop-cap\">En franchissant la cour donnant sur la rue du Faubourg-de-Pierre, le tumulte de la ville s\u2019efface peu \u00e0 peu. L\u2019espace de la Galerie East s\u2019ouvre, \u00e0 la fois intime et vibrant, o\u00f9 deux expositions s\u2019entrelacent. La premi\u00e8re est celle de l\u2019artiste strasbourgeois Nicolas Schneider, qui d\u00e9ploie ici sa seconde exposition monographique. Pratiquant la sculpture, l\u2019aquarelle et le dessin, il con\u00e7oit la sculpture comme une mani\u00e8re de tracer le temps. <\/p>\n<p>Pour l\u2019occasion, l\u2019artiste a con\u00e7u une suite de trente-cinq \u00ab\u00a0dessins en bronze\u00a0\u00bb, de petites pi\u00e8ces \u00e0 l\u2019\u00e9chelle d\u2019un carnet de dessin, soigneusement accroch\u00e9es dans des cadres en pl\u00e2tres. Sous les yeux des visiteurs et des visiteuses, une m\u00e9tamorphose s\u2019op\u00e8re, le trait devient mati\u00e8re, le dessin se fait m\u00e9tal. Dans un monde p\u00e9trifi\u00e9 par le bronze, le temps semble se fondre, le pass\u00e9 et le futur s\u2019y rejoignent dans une transparence suspendue. Rain Again sonde la tension entre l\u2019eau et le feu, deux \u00e9l\u00e9ments contraires que le bronze unit dans une alchimie silencieuse. <\/p>\n<p>Nicolas Schneider convie \u00e0 l\u2019exploration de passages secrets, \u00e0 suivre les veines de m\u00e9tal comme on suit les m\u00e9andres d\u2019un souvenir. Chaque forme, chaque reflet porte la trace d\u2019un monde naturel transfigur\u00e9\u00a0: la mati\u00e8re respire, se souvient, murmure. Le rapport \u00e0 l\u2019eau, r\u00e9current dans le travail de l\u2019artiste et jusque dans les titres de ses \u0153uvres, \u00e9voque une temporalit\u00e9 flottante, presque myst\u00e9rieuse, celle d\u2019une nature en perp\u00e9tuelle m\u00e9tamorphose.\u00a0\u00a0<\/p>\n<p><img loading=\"lazy\" decoding=\"async\" width=\"792\" height=\"446\" src=\"https:\/\/www.europesays.com\/fr\/wp-content\/uploads\/2025\/10\/galerie-east--792x446.jpg\" alt=\"\" class=\"wp-image-364184\" style=\"width:840px;height:auto\"  \/> Vue d\u2019ensemble de l\u2019exposition Derni\u00e8res Pluies et US \u00c9ditions \u00e0 la galerie East.Photo\u00a0: Cr\u00e9dit photo \u00c9milie Vialet Courtsey galerie EAST<\/p>\n<p>Au fond de la salle, un grand dessin \u00e0 l\u2019aquarelle attire le regard. N\u00e9 dans les pages d\u2019un petit carnet, il s\u2019est vu agrandi et retravaill\u00e9 \u00e0 la main. Dans ce geste, quelque chose se joue, une pens\u00e9e qui passe par le geste artisanal comme un prolongement de l\u2019esprit. Ici, la main ne se contente pas de tracer, mais elle pense, elle se souvient, et dialogue avec la mati\u00e8re.\u00a0<\/p>\n<p><a href=\"https:\/\/www.rue89strasbourg.com\/abonnement\/6-mois-municipales\" target=\"_blank\" rel=\"noopener\"><img loading=\"lazy\" decoding=\"async\" width=\"970\" height=\"250\" src=\"https:\/\/www.europesays.com\/fr\/wp-content\/uploads\/2025\/10\/bannie\u0300re-desktop-promo-municipales.gif\" alt=\"\" class=\"wp-image-363826\"\/><\/a><\/p>\n<p><a href=\"https:\/\/www.rue89strasbourg.com\/abonnement\/6-mois-municipales\" target=\"_blank\" rel=\"noopener\"><img loading=\"lazy\" decoding=\"async\" width=\"300\" height=\"300\" src=\"https:\/\/www.europesays.com\/fr\/wp-content\/uploads\/2025\/10\/bannie\u0300re-mobile-promo-municipales.png\" alt=\"\" class=\"wp-image-363827\"  \/><\/a><\/p>\n<p>Un murmure entre pass\u00e9 et cr\u00e9ation\u00a0<\/p>\n<p>Sur un mur jaune moutarde, la galerie pr\u00e9sente \u00e9galement une s\u00e9lection de pi\u00e8ces historiques d\u2019artistes majeurs de la sc\u00e8ne am\u00e9ricaine d\u2019apr\u00e8s-guerre entre les ann\u00e9es 1960 \u00e0 1990. Richard Linder, Richard McLean, Claes Oldenburg, James Rosenquist et Franck Stella repoussent les limites des techniques et red\u00e9finissent le geste artistique. Entre pl\u00e2tre et peinture, gravure et collagraphie, gaufrage, sculpture ou tapis de laine nou\u00e9 \u00e0 la main, les \u0153uvres s\u2019inscrivent dans un moment d\u2019audace et d\u2019exp\u00e9rimentation. Les mat\u00e9riaux s\u2019y rencontrent, se superposent, se r\u00e9pondent dans un coexistence vibrante entre texture et surface. La rencontre de ces deux univers instaure un dialogue d\u00e9licat entre continuit\u00e9 et rupture, tradition et exp\u00e9rimentation. Le spectateur se transforme alors en passeur, invit\u00e9 \u00e0 explorer ce croisement et \u00e0 r\u00e9inventer son regard sur la mati\u00e8re, le temps et leurs r\u00e9sonances.\u00a0<\/p>\n<p>Y <strong>aller<\/strong><\/p>\n<p><strong>Exposition Nicolas Schneider \u2013 Derni\u00e8res Pluies \u2013 Richard Linder \/ Richard MClean \/ Claes Oldenburg \/ James Rosenquist \/ Frank Stella \u2013 US Editions, <\/strong>du 24 septembre au 15 novembre 2025, du mercredi au samedi de 14h \u00e0 18h \u00e0 la Galerie East, 12 Rue du Faubourg-de-Pierre \u00e0 Strasbourg \u2013 Tribunal.\u00a0 <\/p>\n","protected":false},"excerpt":{"rendered":"\u00c0 la Galerie East, la mati\u00e8re s\u2019anime et raconte. Du 24 septembre au 15 novembre 2025, les dessins&hellip;\n","protected":false},"author":2,"featured_media":488416,"comment_status":"","ping_status":"","sticky":false,"template":"","format":"standard","meta":{"footnotes":""},"categories":[2820],"tags":[1111,11,1396,251,1777,674,1349,1011,27,775,12,25,640],"class_list":{"0":"post-488415","1":"post","2":"type-post","3":"status-publish","4":"format-standard","5":"has-post-thumbnail","7":"category-strasbourg","8":"tag-actu","9":"tag-actualites","10":"tag-art-contemporain","11":"tag-culture","12":"tag-eu","13":"tag-europe","14":"tag-expositions","15":"tag-fr","16":"tag-france","17":"tag-grand-est","18":"tag-news","19":"tag-republique-francaise","20":"tag-strasbourg"},"share_on_mastodon":{"url":"https:\/\/pubeurope.com\/@fr\/115433256188700452","error":""},"_links":{"self":[{"href":"https:\/\/www.europesays.com\/fr\/wp-json\/wp\/v2\/posts\/488415","targetHints":{"allow":["GET"]}}],"collection":[{"href":"https:\/\/www.europesays.com\/fr\/wp-json\/wp\/v2\/posts"}],"about":[{"href":"https:\/\/www.europesays.com\/fr\/wp-json\/wp\/v2\/types\/post"}],"author":[{"embeddable":true,"href":"https:\/\/www.europesays.com\/fr\/wp-json\/wp\/v2\/users\/2"}],"replies":[{"embeddable":true,"href":"https:\/\/www.europesays.com\/fr\/wp-json\/wp\/v2\/comments?post=488415"}],"version-history":[{"count":0,"href":"https:\/\/www.europesays.com\/fr\/wp-json\/wp\/v2\/posts\/488415\/revisions"}],"wp:featuredmedia":[{"embeddable":true,"href":"https:\/\/www.europesays.com\/fr\/wp-json\/wp\/v2\/media\/488416"}],"wp:attachment":[{"href":"https:\/\/www.europesays.com\/fr\/wp-json\/wp\/v2\/media?parent=488415"}],"wp:term":[{"taxonomy":"category","embeddable":true,"href":"https:\/\/www.europesays.com\/fr\/wp-json\/wp\/v2\/categories?post=488415"},{"taxonomy":"post_tag","embeddable":true,"href":"https:\/\/www.europesays.com\/fr\/wp-json\/wp\/v2\/tags?post=488415"}],"curies":[{"name":"wp","href":"https:\/\/api.w.org\/{rel}","templated":true}]}}