{"id":488417,"date":"2025-10-25T05:54:30","date_gmt":"2025-10-25T05:54:30","guid":{"rendered":"https:\/\/www.europesays.com\/fr\/488417\/"},"modified":"2025-10-25T05:54:30","modified_gmt":"2025-10-25T05:54:30","slug":"le-film-psychose-sinvite-en-cine-concert-exceptionnel-a-strasbourg","status":"publish","type":"post","link":"https:\/\/www.europesays.com\/fr\/488417\/","title":{"rendered":"le film \u00ab\u00a0Psychose\u00a0\u00bb s&rsquo;invite en cin\u00e9-concert exceptionnel \u00e0 Strasbourg"},"content":{"rendered":"<p>    <img loading=\"lazy\" width=\"1800\" height=\"900\" src=\"https:\/\/www.europesays.com\/fr\/wp-content\/uploads\/2025\/08\/jeanne-callthepolice.jpg\" class=\"attachment-full size-full\" alt=\"\" id=\"imageLove\" decoding=\"async\"  \/><\/p>\n<p id=\"breadcrumbs\"><a href=\"https:\/\/pokaa.fr\/\" rel=\"nofollow noopener\" target=\"_blank\">Accueil<\/a> \/ <a href=\"https:\/\/pokaa.fr\/categories\/ses-sorties\/\" rel=\"nofollow noopener\" target=\"_blank\">Sorties<\/a> \/ Angoisse sur grand \u00e9cran : le film \u00ab\u00a0Psychose\u00a0\u00bb s\u2019invite en cin\u00e9-concert exceptionnel \u00e0 Strasbourg<\/p>\n<p>                    Sorties<\/p>\n<p><b>Alors qu\u2019Halloween commence \u00e0 faire frissonner Strasbourg, un film culte s\u2019appr\u00eate \u00e0 en faire trembler son Palais des F\u00eates. Le 16 novembre, un des plus grands chefs-d\u2019\u0153uvre d\u2019Hitchcock revient en haut de l\u2019affiche pour les 65 ans de sa sortie\u00a0: <\/b><b>Psychose<\/b><b>. Un cin\u00e9-concert unique dont les cordes de l\u2019Orchestre de Stuttgart (sous la direction Anthony Gabriele) redonneront toute leur splendeur \u00e0 sa bande-originale mythique. Oserez-vous pousser les portes du Motel Bates\u00a0?<\/b><\/p>\n<p>Il s\u2019agit-l\u00e0 d\u2019un des plot-twists les plus c\u00e9l\u00e8bres du cin\u00e9ma. Mieux encore\u00a0: d\u2019<b>une des bandes-originales les plus angoissantes jamais \u00e9crites <\/b>\u2013 la \u00ab\u00a0partition r\u00e9volutionnaire\u00a0\u00bb de Bernard Herrmann, compos\u00e9es uniquement pour cordes.<\/p>\n<p>En quelques notes, une ombre, une rideau de douche et un cri ont fait rentrer <b>Psychose<\/b> dans la l\u00e9gende. <b>Thriller horrifique rapidement \u00e9rig\u00e9 au rang de chef-d\u2019\u0153uvre, ce film r\u00e9alis\u00e9 par Alfred Hitchcock c\u00e9l\u00e8bre cette ann\u00e9e ses 65 ans.<\/b><\/p>\n<\/p>\n<p>Pour cet anniversaire, <b>Arts Culture Alsace \u00e0 Strasbourg<\/b> \u2013 une <b>jeune association<\/b> cr\u00e9\u00e9e en 2023 \u2013 en organise une projection exceptionnelle (en collaboration avec IMG Artists). <b>Compos\u00e9e majoritairement d\u2019\u00e9tudiant(e)s <\/b>en Musique, Arts du spectacle et M\u00e9diation culturelle et de jeunes professionnel(le)s du secteur culturel, celle-ci a pour objectif de \u00ab\u00a0proposer des \u00e9v\u00e9nements artistiques ambitieux et accessibles \u00e0 toutes et \u00e0 tous\u00a0\u00bb.<\/p>\n<p>Et de l\u2019ambition, il y en a, avec cette<b> premi\u00e8re collaboration internationale<\/b> pour l\u2019association\u00a0: la projection de <b>Psychose<\/b><b> <\/b>lors d\u2019<b>un cin\u00e9-concert, le dimanche 16 novembre <\/b>(en VOSTFR \u2013 version originale, sous-titr\u00e9e en fran\u00e7ais).<\/p>\n<p>    <img width=\"800\" height=\"514\" src=\"https:\/\/www.europesays.com\/fr\/wp-content\/uploads\/2025\/10\/psychose-header_0.jpg\" class=\"attachment-image-size-L size-image-size-L\" alt=\"psychose-header_0\" decoding=\"async\" loading=\"lazy\"  \/>         \u00ab\u00a0Psychose\u00a0\u00bb d&rsquo;Alfred Hitchcock (1965) <\/p>\n<p>\u00ab\u00a0Psychose\u00a0\u00bb\u00a0: douche chaude et sueurs froides sur grand \u00e9cran<\/p>\n<p>S\u2019inscrivant dans<b> la tourn\u00e9e europ\u00e9enne des 65 ans du film<\/b>, ce cin\u00e9-concert s\u2019entoure d\u2019un casting de haut-vol puisque <b>l\u2019iconique partition de Bernard Herrmann sera rejou\u00e9e en direct par l\u2019Orchestre de Stuttgart<\/b>.<\/p>\n<p>Et ce, <b>sous la direction d\u2019Anthony Gabriele<\/b>, chef d\u2019orchestre australien, mondialement (re)connu pour son exp\u00e9rience des cin\u00e9-concerts (avec plus d\u2019une trentaine de titres \u00e0 son r\u00e9pertoires, du Magicien d\u2019Oz, \u00e0 E.T., Jurassic Park, Les Aventuriers de l\u2019arche perdue, ou 007 Spectre).<\/p>\n<p>Quant \u00e0 nous plonger dans ce grand classique de 1965, on nous promet \u00e9galement une atmosph\u00e8re particuli\u00e8re, avec une<b> <\/b><b>ambiance ann\u00e9es 60,<\/b><b> au c\u0153ur du Palais des F\u00eates <\/b>(avec espace photo, stands et buvette).<\/p>\n<p>Dans cet immeuble historique (un chef-d\u2019\u0153uvre, lui aussi), d\u2019architecture Art nouveau, se d\u00e9versera bient\u00f4t \u00ab\u00a0Ce sang, tout ce sang\u00a0!\u00a0\u00bb. Bienvenue au motel Bates.<\/p>\n<p>    <img width=\"800\" height=\"600\" src=\"https:\/\/www.europesays.com\/fr\/wp-content\/uploads\/2025\/10\/img-6137-800x600.jpg\" class=\"attachment-image-size-L size-image-size-L\" alt=\"palais des f\u00eates\" decoding=\"async\" loading=\"lazy\"  \/>         Palais des F\u00eates de Strasbourg \u00a9 Nicolas Kaspar \/ Pokaa <\/p>\n<p><b>Bon plan \u00e9tudiant<\/b>\u00a0: si <b>Arts Culture Alsace \u00e0 Strasbourg <\/b>ne jouit pas du statut d\u2019organisation conventionn\u00e9e Carte Culture, l\u2019association d\u00e9fend <b>l\u2019accessibilit\u00e9 de ses \u00e9v\u00e9nements <\/b>aux \u00e9tudiant(e)s. De ce fait, un <b>tarif pr\u00e9f\u00e9rentiel<\/b> pour ces derniers\/\u00e8res a \u00e9t\u00e9 mis en place, <b>\u00e0 6\u20ac<\/b>.<\/p>\n<p>            \u00ab\u00a0Psychose\u00a0\u00bb d&rsquo;Alfred Hitchcock en cin\u00e9-concert<\/p>\n<p>            Quoi ? <\/p>\n<p>Projection du film (en VOSTFR) avec musique en direct jou\u00e9e par l\u2019Orchestre de Stuttgart sous la direction d\u2019Anthony Gabriele<\/p>\n<p>                Quand ?<\/p>\n<p>Dimanche 16 novembre\u00a0: ouverture des portes d\u00e8s 16h, projection \u00e0 17h<\/p>\n<p>            o\u00f9 ?<\/p>\n<p>Au Palais des F\u00eates de Strasbourg (Grande Salle)<br \/>5 rue Sell\u00e9nick \u00e0 Strasbourg<\/p>\n<p>                Plus d&rsquo;infos ?<\/p>\n<p><a href=\"https:\/\/artsculturealsace.eu\/\" target=\"_blank\" rel=\"noopener nofollow\">Infos et billetterie en ligne<\/a><br \/><a href=\"https:\/\/fb.me\/e\/5jifJbOJz\" target=\"_blank\" rel=\"noopener nofollow\">L\u2019\u00e9v\u00e9nement Facebook<\/a><\/p>\n","protected":false},"excerpt":{"rendered":"Accueil \/ Sorties \/ Angoisse sur grand \u00e9cran : le film \u00ab\u00a0Psychose\u00a0\u00bb s\u2019invite en cin\u00e9-concert exceptionnel \u00e0 Strasbourg&hellip;\n","protected":false},"author":2,"featured_media":488418,"comment_status":"","ping_status":"","sticky":false,"template":"","format":"standard","meta":{"footnotes":""},"categories":[2820],"tags":[1111,11,4763,61144,61145,1134,61146,650,251,4081,1777,674,1011,27,775,61147,873,12,61148,61149,25,640,4064],"class_list":{"0":"post-488417","1":"post","2":"type-post","3":"status-publish","4":"format-standard","5":"has-post-thumbnail","7":"category-strasbourg","8":"tag-actu","9":"tag-actualites","10":"tag-agenda","11":"tag-anthony-gabriele","12":"tag-arts-culture-alsace-a-strasbourg","13":"tag-bon-plan","14":"tag-cine-concert","15":"tag-cinema","16":"tag-culture","17":"tag-etudiant","18":"tag-eu","19":"tag-europe","20":"tag-fr","21":"tag-france","22":"tag-grand-est","23":"tag-hitchcock","24":"tag-musique","25":"tag-news","26":"tag-orchestre-de-stuttgart","27":"tag-psychose","28":"tag-republique-francaise","29":"tag-strasbourg","30":"tag-week-end"},"share_on_mastodon":{"url":"https:\/\/pubeurope.com\/@fr\/115433260104569951","error":""},"_links":{"self":[{"href":"https:\/\/www.europesays.com\/fr\/wp-json\/wp\/v2\/posts\/488417","targetHints":{"allow":["GET"]}}],"collection":[{"href":"https:\/\/www.europesays.com\/fr\/wp-json\/wp\/v2\/posts"}],"about":[{"href":"https:\/\/www.europesays.com\/fr\/wp-json\/wp\/v2\/types\/post"}],"author":[{"embeddable":true,"href":"https:\/\/www.europesays.com\/fr\/wp-json\/wp\/v2\/users\/2"}],"replies":[{"embeddable":true,"href":"https:\/\/www.europesays.com\/fr\/wp-json\/wp\/v2\/comments?post=488417"}],"version-history":[{"count":0,"href":"https:\/\/www.europesays.com\/fr\/wp-json\/wp\/v2\/posts\/488417\/revisions"}],"wp:featuredmedia":[{"embeddable":true,"href":"https:\/\/www.europesays.com\/fr\/wp-json\/wp\/v2\/media\/488418"}],"wp:attachment":[{"href":"https:\/\/www.europesays.com\/fr\/wp-json\/wp\/v2\/media?parent=488417"}],"wp:term":[{"taxonomy":"category","embeddable":true,"href":"https:\/\/www.europesays.com\/fr\/wp-json\/wp\/v2\/categories?post=488417"},{"taxonomy":"post_tag","embeddable":true,"href":"https:\/\/www.europesays.com\/fr\/wp-json\/wp\/v2\/tags?post=488417"}],"curies":[{"name":"wp","href":"https:\/\/api.w.org\/{rel}","templated":true}]}}