{"id":488419,"date":"2025-10-25T05:55:11","date_gmt":"2025-10-25T05:55:11","guid":{"rendered":"https:\/\/www.europesays.com\/fr\/488419\/"},"modified":"2025-10-25T05:55:11","modified_gmt":"2025-10-25T05:55:11","slug":"pres-de-nice-un-complexe-immobilier-xxl-sort-de-terre-dans-cette-commune-ce-que-lon-sait","status":"publish","type":"post","link":"https:\/\/www.europesays.com\/fr\/488419\/","title":{"rendered":"Pr\u00e8s de Nice. Un complexe immobilier XXL sort de terre dans cette commune, ce que l&rsquo;on sait"},"content":{"rendered":"<p>            Par<br \/>\n        <strong><br \/>\n            <a href=\"https:\/\/actu.fr\/auteur\/arthur-frand\" title=\"Consulter tous les articles de Arthur Frand\" target=\"_blank\" rel=\"noopener\">Arthur Frand<\/a><br \/>\n        <\/strong><\/p>\n<p>        Publi\u00e9 le<\/p>\n<p>            25 oct. 2025 \u00e0 7h16        <\/p>\n<p>Mois apr\u00e8s mois, les habitants passent et s\u2019interrogent. Les travaux se poursuivent et s\u2019ach\u00e8vent progressivement. \u00c0 <a href=\"https:\/\/actu.fr\/provence-alpes-cote-d-azur\/saint-laurent-du-var_06123\" target=\"_blank\" rel=\"noopener\">Saint-Laurent-du-Var<\/a>, commune coll\u00e9e \u00e0 <a href=\"https:\/\/actu.fr\/nice\/\" target=\"_blank\" rel=\"noopener\">Nice<\/a> dans les <a href=\"https:\/\/actu.fr\/provence-alpes-cote-d-azur\/alpes-maritimes_06\" target=\"_blank\" rel=\"noopener\">Alpes-Maritimes<\/a>, le bord de mer est en <strong>pleine transformation<\/strong>. Lanc\u00e9 en 2023, un complexe immobilier d\u2019envergure voit le jour, compos\u00e9 de logements, d\u2019une r\u00e9sidence solidaire dite \u00ab\u2009interg\u00e9n\u00e9rationnelle\u2009\u00bb, de commerces et un h\u00f4tel 4 \u00e9toiles. Voici tout ce que l\u2019on sait.<\/p>\n<p>    <a href=\"https:\/\/www.google.com\/maps\/embed?pb=!1m18!1m12!1m3!1d2886.4253263727383!2d7.189246276822009!3d43.66012337110181!2m3!1f0!2f0!3f0!3m2!1i1024!2i768!4f13.1!3m3!1m2!1s0x12cdd1007ba5f3a3%3A0x91ff03deedd3a8c6!2sR%C3%A9sidence%20Seaside%20View%20.....en%20cours%20-%2006700!5e0!3m2!1sfr!2sfr!4v1761221267164!5m2!1sfr!2sfr\" title=\"Ouvrie le lien\" target=\"_blank\" rel=\"noopener\">Cliquez ici pour visualiser le contenu<\/a><\/p>\n<p class=\" wall-content\">\u00c0 Saint-Laurent-du-Var, commune de 30\u2009000\u00a0habitants, ce complexe, d\u00e9voil\u00e9 le 7\u00a0avril 2023, va s\u2019\u00e9tendre sur plus de 19 000m\u00b2 entre le chemin des Paluds et la route du Bord du Mer. La livraison compl\u00e8te est pr\u00e9vue pour <strong>le d\u00e9but d\u2019ann\u00e9e 2026<\/strong>.<\/p>\n<p>Renforcer l\u2019offre touristique<\/p>\n<p class=\" wall-content\">Nomm\u00e9 Seaside View, il englobe un immeuble de 7 \u00e9tages, d\u00e9j\u00e0 op\u00e9rationnel, qui <strong>accueille 251 logements<\/strong>, dont 175 en accession \u00e0 la propri\u00e9t\u00e9 et 76 en logements sociaux. Un h\u00f4tel Hilton, 4 \u00e9toiles, est aussi construit. Ce dernier comprendra 128 chambres sur cinq niveaux avec des salles de conf\u00e9rences. Ce complexe Seaside View abritera aussi 500 m\u00b2 de commerces.<\/p>\n<p class=\" wall-content\">\u00ab\u2009Nous voulons renforcer l\u2019offre touristique et l\u2019accueil de congr\u00e8s sur notre territoire. Cet h\u00f4tel s\u2019inscrit aussi dans un quartier dynamique \u00bb, argumente Joseph Segura, maire (LR) de Saint-Laurent-du-Var, \u00e0 <a href=\"https:\/\/actu.fr\/nice\/\" target=\"_blank\" rel=\"noopener\">actu Nice<\/a>.<\/p>\n<p>\u00c0 c\u00f4t\u00e9 de l\u2019a\u00e9roport et du centre commercial Cap 300<\/p>\n<p class=\" wall-content\">L\u2019emplacement de ce projet Seaside View n\u2019a pas \u00e9t\u00e9 choisi au hasard. Il se situe <strong>tout proche<\/strong> de l\u2019a\u00e9roport Nice C\u00f4te d\u2019Azur et du futur palais des expositions et des congr\u00e8s. Tout pr\u00e8s de l\u2019imposant centre commercial Cap 3000 \u00e9galement. Un <strong>emplacement id\u00e9al<\/strong> de prime abord pour accueillir des touristes et congressistes du monde entier. Un office de tourisme sera d\u2019ailleurs cr\u00e9\u00e9.<\/p>\n<p class=\" wall-content\">\u00ab\u2009Nous travaillons en effet avec l\u2019office de tourisme m\u00e9tropolitain pour cr\u00e9er dans le secteur entre Cap 3000 et la promenade des flots bleus un office du tourisme digne de ce nom et de la qualit\u00e9 des prestations offertes par les professionnels de Saint-Laurent-du-Var\u2009\u00bb, confie le maire.<\/p>\n<p>Votre r\u00e9gion, votre actu !<\/p>\n<p>Recevez chaque jour les infos qui comptent pour vous.<\/p>\n<p>\t<a href=\"https:\/\/actu.fr\/newsletter\" class=\"ac-btn ac-btn--corner ac-btn--medium ac-btn--blue800\" target=\"_blank\" rel=\"noopener\">S&rsquo;incrire<\/a><\/p>\n<p class=\" wall-content\">Actuellement, la commune Saint-Laurent-du-Var dispose de l\u2019offre touristique suivante\u2009: 432 chambres et 1\u2009300 lits pour 6 h\u00f4tels de 3 ou 4 \u00e9toiles ainsi qu\u2019une r\u00e9sidence de tourisme (Pierre et Vacances). Le taux de remplissage des h\u00f4tels de Saint-Laurent \u00e9tait 87,6\u2009% cet \u00e9t\u00e9 2025. La commune devrait donc passer dans <strong>une autre dimension<\/strong>.<\/p>\n<p>    <img   decoding=\"async\" loading=\"lazy\" src=\"https:\/\/www.europesays.com\/fr\/wp-content\/uploads\/2025\/10\/whatsapp-image-2025-10-23-at-153440-960x640.jpeg\" alt=\"Seadide\" width=\"960\" height=\"640\"\/><br \/>\n    Un immeuble de sept \u00e9tages est int\u00e9gr\u00e9 dans ce complexe immobilier Seaside View. (\u00a9Arthur Frand \/ actu Nice)Une r\u00e9sidence \u00ab\u2009interg\u00e9n\u00e9rationnelle\u2009\u00bb au c\u0153ur du complexe<\/p>\n<p class=\" wall-content\">Mais l\u2019objectif de ce complexe immobilier n\u2019est pas seulement touristique. Il a aussi, selon la mairie, une vocation \u00ab<strong>\u2009plus solidaire<\/strong>\u2009\u00bb. En effet, une r\u00e9sidence interg\u00e9n\u00e9rationnelle nomm\u00e9e \u00ab\u2009Les Voiles Laurentines\u2009\u00bb a \u00e9t\u00e9 <strong>construite<\/strong>. Cette derni\u00e8re est r\u00e9partie de fa\u00e7on suivante\u2009:<\/p>\n<ul class=\" wall-content\">\n<li>54 logements T2 et T3 pour les seniors<\/li>\n<li>11 logements T1 pour les jeunes actifs ou personnes en formation (moins de 30\u00a0ans)<\/li>\n<li>2 logements am\u00e9nag\u00e9s pour des personnes en situation de handicap<\/li>\n<li>9 logements \u00ab\u2009tandems\u2009\u00bb<\/li>\n<\/ul>\n<p class=\" wall-content\">\u00ab\u2009Nous devons nous adapter au <strong>vieillissement de la population<\/strong>. L\u2019objectif est de cr\u00e9er du lien entre les g\u00e9n\u00e9rations, les s\u00e9niors et jeunes\u2009\u00bb, souligne la mairie.<\/p>\n<p>Fin des travaux d\u00e9but 2026<\/p>\n<p class=\" wall-content\">Apr\u00e8s deux ans de travaux, ce projet de complexe immobilier \u00ab\u2009g\u00e9ant\u2009\u00bb, dont le budget total n\u2019a pas \u00e9t\u00e9 communiqu\u00e9 pour le moment, est <strong>presque totalement livr\u00e9<\/strong>. \u00ab\u2009Il ne reste plus qu\u2019\u00e0 terminer l\u2019h\u00f4tel Hilton, v\u00e9g\u00e9taliser et am\u00e9nager la route. Tout sera termin\u00e9 pour d\u00e9but 2026\u2009\u00bb, pr\u00e9cise le maire de Saint-Laurent-du-Var.<\/p>\n<p class=\" wall-content\">Personnalisez votre actualit\u00e9 en ajoutant vos villes et m\u00e9dias en favori avec <a href=\"https:\/\/moncompte.actu.fr\" title=\"D\u00e9couvez Mon Actu\" rel=\"nofollow noopener\" data-trk=\"{&quot;cta&quot;:{&quot;action&quot;:&quot;https:\\\/\\\/moncompte.actu.fr&quot;,&quot;category&quot;:&quot;mon compte&quot;,&quot;from&quot;:&quot;article footer&quot;,&quot;name&quot;:&quot;Mon actu&quot;,&quot;type&quot;:&quot;cta&quot;}}\" target=\"_blank\">Mon Actu<\/a>.<\/p>\n","protected":false},"excerpt":{"rendered":"Par Arthur Frand Publi\u00e9 le 25 oct. 2025 \u00e0 7h16 Mois apr\u00e8s mois, les habitants passent et s\u2019interrogent.&hellip;\n","protected":false},"author":2,"featured_media":488420,"comment_status":"","ping_status":"","sticky":false,"template":"","format":"standard","meta":{"footnotes":""},"categories":[2819],"tags":[1111,11,1777,674,1011,27,12,2401,3147,882,25,104],"class_list":{"0":"post-488419","1":"post","2":"type-post","3":"status-publish","4":"format-standard","5":"has-post-thumbnail","7":"category-nice","8":"tag-actu","9":"tag-actualites","10":"tag-eu","11":"tag-europe","12":"tag-fr","13":"tag-france","14":"tag-news","15":"tag-nice","16":"tag-nouveaux-commerces","17":"tag-provence-alpes-cote-dazur","18":"tag-republique-francaise","19":"tag-societe"},"share_on_mastodon":{"url":"https:\/\/pubeurope.com\/@fr\/115433263876812469","error":""},"_links":{"self":[{"href":"https:\/\/www.europesays.com\/fr\/wp-json\/wp\/v2\/posts\/488419","targetHints":{"allow":["GET"]}}],"collection":[{"href":"https:\/\/www.europesays.com\/fr\/wp-json\/wp\/v2\/posts"}],"about":[{"href":"https:\/\/www.europesays.com\/fr\/wp-json\/wp\/v2\/types\/post"}],"author":[{"embeddable":true,"href":"https:\/\/www.europesays.com\/fr\/wp-json\/wp\/v2\/users\/2"}],"replies":[{"embeddable":true,"href":"https:\/\/www.europesays.com\/fr\/wp-json\/wp\/v2\/comments?post=488419"}],"version-history":[{"count":0,"href":"https:\/\/www.europesays.com\/fr\/wp-json\/wp\/v2\/posts\/488419\/revisions"}],"wp:featuredmedia":[{"embeddable":true,"href":"https:\/\/www.europesays.com\/fr\/wp-json\/wp\/v2\/media\/488420"}],"wp:attachment":[{"href":"https:\/\/www.europesays.com\/fr\/wp-json\/wp\/v2\/media?parent=488419"}],"wp:term":[{"taxonomy":"category","embeddable":true,"href":"https:\/\/www.europesays.com\/fr\/wp-json\/wp\/v2\/categories?post=488419"},{"taxonomy":"post_tag","embeddable":true,"href":"https:\/\/www.europesays.com\/fr\/wp-json\/wp\/v2\/tags?post=488419"}],"curies":[{"name":"wp","href":"https:\/\/api.w.org\/{rel}","templated":true}]}}