{"id":488425,"date":"2025-10-25T05:58:14","date_gmt":"2025-10-25T05:58:14","guid":{"rendered":"https:\/\/www.europesays.com\/fr\/488425\/"},"modified":"2025-10-25T05:58:14","modified_gmt":"2025-10-25T05:58:14","slug":"les-coupables-mineurs-definitivement-condamnes","status":"publish","type":"post","link":"https:\/\/www.europesays.com\/fr\/488425\/","title":{"rendered":"les coupables mineurs d\u00e9finitivement condamn\u00e9s"},"content":{"rendered":"<p>\n    Ils ont \u00e9t\u00e9 jug\u00e9s jeudi pour avoir violent\u00e9 et d\u00e9pouill\u00e9 une vingtaine de jeunes hommes \u00e0 l\u2019automne 2024. Certains ont \u00e9cop\u00e9 de prison avec sursis, sous r\u00e9serve de respecter des obligations. D\u2019autres ont re\u00e7u un avertissement.<\/p>\n<p class=\"fig-paragraph\">Leurs agissements ont sem\u00e9 le trouble pendant de\u00a0<a href=\"http:\/\/www.lefigaro.fr\/nantes\/agressions-en-serie-de-lyceens-dans-des-quartiers-chics-de-nantes-sept-jeunes-de-14-a-17-ans-places-sous-controle-judiciaire-20241213\" target=\"_blank\" data-fig-type=\"NewsFlash\" rel=\"noopener\" data-gtm-custom-categorie=\"navigation\" data-gtm-custom-action=\"crossclick\" data-gtm-custom-label=\"Contextuel\" data-gtm-event=\"customEventSPE\" data-fig-domain=\"LEFIGARO\">longues semaines<\/a>\u00a0\u00e0 Nantes. \u00c0 l\u2019automne 2024, huit jeunes, dont sept mineurs, ont commis des\u00a0<a href=\"http:\/\/www.lefigaro.fr\/nantes\/on-n-est-pas-rassures-dans-ce-quartier-chic-de-nantes-les-agressions-a-repetition-de-lyceens-inquietent-les-familles-20241125\" target=\"_blank\" data-fig-type=\"NewsFlash\" rel=\"noopener\" data-gtm-custom-categorie=\"navigation\" data-gtm-custom-action=\"crossclick\" data-gtm-custom-label=\"Contextuel\" data-gtm-event=\"customEventSPE\" data-fig-domain=\"LEFIGARO\">agressions \u00e0 r\u00e9p\u00e9tition<\/a>\u00a0dans des quartiers chics de la ville. Aux abords d\u2019\u00e9tablissements scolaires, ils violentaient et rackettaient de jeunes hommes, souvent lyc\u00e9ens. L\u2019un d\u2019entre eux, un peu plus \u00e2g\u00e9, s\u2019\u00e9tait m\u00eame retrouv\u00e9 dans le coma. Au total, 19 victimes ont \u00e9t\u00e9 recens\u00e9es.<\/p>\n<p class=\"fig-paragraph\">En f\u00e9vrier, au terme d\u2019une\u00a0<a href=\"http:\/\/www.lefigaro.fr\/nantes\/ils-ricanaient-a-l-evocation-des-faits-a-nantes-7-ados-juges-pour-des-agressions-ultraviolentes-dans-les-quartiers-chics-20250219\" target=\"_blank\" data-fig-type=\"NewsFlash\" rel=\"noopener\" data-gtm-custom-categorie=\"navigation\" data-gtm-custom-action=\"crossclick\" data-gtm-custom-label=\"Contextuel\" data-gtm-event=\"customEventSPE\" data-fig-domain=\"LEFIGARO\">audience de culpabilit\u00e9<\/a>, les agresseurs avaient \u00e9cop\u00e9 de mesures de s\u00fbret\u00e9 provisoires. Huit mois plus tard, au terme de cette p\u00e9riode de mise \u00e0 l\u2019\u00e9preuve, ils sont repass\u00e9s devant le tribunal des enfants. Ils ont \u00e9t\u00e9 d\u00e9finitivement condamn\u00e9s jeudi pour cette s\u00e9rie de faits d\u2019extorsion et de vol avec violence.<\/p>\n<p>                                    <a class=\"fig-a11y-skip a11y-hidden\" href=\"#fig-a11y-skip-main-inarticle\"><br \/>\n        Passer la publicit\u00e9<br \/>\n    <\/a><\/p>\n<p>Avertissement p\u00e9nal probatoire<\/p>\n<p class=\"fig-paragraph\">Selon une source judiciaire, les trois plus \u00e2g\u00e9s, qui sont les moins impliqu\u00e9s dans l\u2019affaire, ont \u00e9t\u00e9 entendus le matin. Ayant respect\u00e9 leurs obligations tels que le couvre-feu, ils ont aussi mis \u00e0 profit ce temps pour se former. Ils ont re\u00e7u un avertissement p\u00e9nal probatoire. L\u2019apr\u00e8s-midi a \u00e9t\u00e9 consacr\u00e9 aux dossiers plus lourds des quatre autres, \u00e2g\u00e9s de 15 et 16 ans. Certains d\u2019entre eux avaient fini par \u00eatre envoy\u00e9s en centre \u00e9ducatif ferm\u00e9 ou en prison apr\u00e8s\u00a0<a href=\"http:\/\/www.lefigaro.fr\/nantes\/nantes-un-adolescent-menace-au-couteau-par-un-jeune-recidiviste-sous-controle-judiciaire-20250430\" target=\"_blank\" data-fig-type=\"NewsFlash\" rel=\"noopener\" data-gtm-custom-categorie=\"navigation\" data-gtm-custom-action=\"crossclick\" data-gtm-custom-label=\"Contextuel\" data-gtm-event=\"customEventSPE\" data-fig-domain=\"LEFIGARO\">avoir r\u00e9it\u00e9r\u00e9<\/a>.<\/p>\n<p class=\"fig-paragraph\">L\u2019un a \u00e9t\u00e9 condamn\u00e9 \u00e0 trois mois de prison assortis du sursis simple. Il a \u00e9galement re\u00e7u des mesures \u00e9ducatives judiciaires pendant un an. En somme, il ne peut pas entrer en contact avec ses co-auteurs et personnes qu\u2019il a agress\u00e9es, n\u2019a pas le droit de sortir entre 22h et 6h du matin, doit indemniser les victimes, se faire soigner et trouver une formation ou un travail.<\/p>\n<p class=\"fig-paragraph\">Les trois autres ont re\u00e7u quasiment les m\u00eames mesures \u00e9ducatives mais leurs peines de prison ont vari\u00e9. L\u2019un, d\u00e9j\u00e0 sous surveillance de la protection judiciaire de la jeunesse, a \u00e9cop\u00e9 de douze mois d\u2019emprisonnement et d\u2019un sursis probatoire \u00e9quivalent. L\u2019autre s\u2019en est sorti avec dix mois d\u2019emprisonnement et un sursis probatoire de douze mois. Ils \u00e9chapperont aux barreaux s\u2019ils respectent leurs obligations, \u00e0 l\u2019exception du dernier qui reste en d\u00e9tention provisoire. Au moment de l\u2019audience, il a refus\u00e9 d\u2019\u00eatre extrait de sa cellule pour \u00eatre jug\u00e9. \u00c9galement mis en cause dans une affaire pour tentative de meurtre, il a \u00e9cop\u00e9 pour sa part de douze mois d\u2019emprisonnement et 18 mois de sursis probatoire.<\/p>\n<p>\u00abTrouble grave \u00e0 l\u2019ordre public\u00bb<\/p>\n<p class=\"fig-paragraph\">\u00abIl y a une vraie immaturit\u00e9. On a du mal \u00e0 comprendre s\u2019ils ont pris conscience de la gravit\u00e9 des actes qu\u2019ils ont commis\u00a0\u00bb, souligne Ma\u00eetre Sophie Sarzaud du Barreau des Hauts-de-Seine, face \u00e0 ces mineurs qui ont globalement reconnu les faits. L\u2019avocate d\u2019une partie des victimes estime qu\u2019il y a eu une prise de conscience de la part du tribunal. \u00abLes r\u00e9quisitions du minist\u00e8re public \u00e9taient clairement s\u00e9v\u00e8res et adapt\u00e9es avec une procureure qui connaissait bien le dossier. Elle a pris des r\u00e9quisitions qui allaient dans le sens de la protection des victimes, faisant comprendre aux mineurs que les faits sont d\u2019une gravit\u00e9 extr\u00eame pour la soci\u00e9t\u00e9.\u00bb<\/p>\n<p class=\"fig-paragraph\">Durant l\u2019audience, le pr\u00e9sident a rappel\u00e9 aux jeunes qu\u2019ils avaient cr\u00e9\u00e9 un \u00abtrouble grave \u00e0 l\u2019ordre public\u00bb. La d\u00e9fense, quant \u00e0 elle, a rappel\u00e9 le parcours de vie difficile des jeunes\u00a0: l\u2019un a par exemple son p\u00e8re en prison. \u00abOn peut psychanalyser et chercher \u00e0 comprendre les choses douloureuses, mais le premier r\u00f4le de la justice est de prot\u00e9ger les innocents\u00bb, avait t\u00e9moign\u00e9 en janvier\u00a0<a href=\"http:\/\/www.lefigaro.fr\/nantes\/attaquees-violemment-dans-des-quartiers-chics-de-nantes-les-victimes-desabusees-par-les-sanctions-provisoires-de-leurs-agresseurs-mineurs-20250120\" target=\"_blank\" data-fig-type=\"NewsFlash\" rel=\"noopener\" data-gtm-custom-categorie=\"navigation\" data-gtm-custom-action=\"crossclick\" data-gtm-custom-label=\"Contextuel\" data-gtm-event=\"customEventSPE\" data-fig-domain=\"LEFIGARO\">dans nos colonnes<\/a>\u00a0l\u2019une des victimes.<\/p>\n<p>                                    <a class=\"fig-a11y-skip a11y-hidden\" href=\"#fig-a11y-skip-main-inarticle_mtf\"><br \/>\n        Passer la publicit\u00e9<br \/>\n    <\/a><\/p>\n<p class=\"fig-paragraph\">\u00c0 l\u2019\u00e9poque, les \u00e9tablissements scolaires aux alentours avaient alert\u00e9 les familles de ces extorsions de plus en plus pr\u00e9occupantes. Des vid\u00e9os des agressions avaient m\u00eame circul\u00e9. Un an plus tard, les victimes restent encore choqu\u00e9es. \u00abPsychologiquement, au moins trois sont encore tr\u00e8s impact\u00e9es. Elles sont suivies par un psychologue chaque semaine, ont des angoisses la nuit\u2026 C\u2019est tr\u00e8s compliqu\u00e9\u00bb, confie Me Sarzaud, qui attend toujours que les coupables indemnisent ses clients.<\/p>\n","protected":false},"excerpt":{"rendered":"Ils ont \u00e9t\u00e9 jug\u00e9s jeudi pour avoir violent\u00e9 et d\u00e9pouill\u00e9 une vingtaine de jeunes hommes \u00e0 l\u2019automne 2024.&hellip;\n","protected":false},"author":2,"featured_media":488426,"comment_status":"","ping_status":"","sticky":false,"template":"","format":"standard","meta":{"footnotes":""},"categories":[2818],"tags":[1111,11,11211,1777,674,118,1011,27,766,12,2636,25],"class_list":{"0":"post-488425","1":"post","2":"type-post","3":"status-publish","4":"format-standard","5":"has-post-thumbnail","7":"category-nantes","8":"tag-actu","9":"tag-actualites","10":"tag-agressions","11":"tag-eu","12":"tag-europe","13":"tag-faits-divers","14":"tag-fr","15":"tag-france","16":"tag-nantes","17":"tag-news","18":"tag-pays-de-la-loire","19":"tag-republique-francaise"},"share_on_mastodon":{"url":"https:\/\/pubeurope.com\/@fr\/115433275632164882","error":""},"_links":{"self":[{"href":"https:\/\/www.europesays.com\/fr\/wp-json\/wp\/v2\/posts\/488425","targetHints":{"allow":["GET"]}}],"collection":[{"href":"https:\/\/www.europesays.com\/fr\/wp-json\/wp\/v2\/posts"}],"about":[{"href":"https:\/\/www.europesays.com\/fr\/wp-json\/wp\/v2\/types\/post"}],"author":[{"embeddable":true,"href":"https:\/\/www.europesays.com\/fr\/wp-json\/wp\/v2\/users\/2"}],"replies":[{"embeddable":true,"href":"https:\/\/www.europesays.com\/fr\/wp-json\/wp\/v2\/comments?post=488425"}],"version-history":[{"count":0,"href":"https:\/\/www.europesays.com\/fr\/wp-json\/wp\/v2\/posts\/488425\/revisions"}],"wp:featuredmedia":[{"embeddable":true,"href":"https:\/\/www.europesays.com\/fr\/wp-json\/wp\/v2\/media\/488426"}],"wp:attachment":[{"href":"https:\/\/www.europesays.com\/fr\/wp-json\/wp\/v2\/media?parent=488425"}],"wp:term":[{"taxonomy":"category","embeddable":true,"href":"https:\/\/www.europesays.com\/fr\/wp-json\/wp\/v2\/categories?post=488425"},{"taxonomy":"post_tag","embeddable":true,"href":"https:\/\/www.europesays.com\/fr\/wp-json\/wp\/v2\/tags?post=488425"}],"curies":[{"name":"wp","href":"https:\/\/api.w.org\/{rel}","templated":true}]}}