{"id":488430,"date":"2025-10-25T06:01:13","date_gmt":"2025-10-25T06:01:13","guid":{"rendered":"https:\/\/www.europesays.com\/fr\/488430\/"},"modified":"2025-10-25T06:01:13","modified_gmt":"2025-10-25T06:01:13","slug":"lhopital-rangueil-fete-ses-cinquante-ans","status":"publish","type":"post","link":"https:\/\/www.europesays.com\/fr\/488430\/","title":{"rendered":"l&rsquo;h\u00f4pital Rangueil f\u00eate ses cinquante ans"},"content":{"rendered":"<p>            Par<br \/>\n        <strong><br \/>\n            <a href=\"https:\/\/actu.fr\/auteur\/lucie-2\" title=\"Consulter tous les articles de Lucie Fraisse\" rel=\"nofollow noopener\" target=\"_blank\">Lucie Fraisse<\/a><br \/>\n        <\/strong><\/p>\n<p>        Publi\u00e9 le<\/p>\n<p>            25 oct. 2025 \u00e0 7h08        <\/p>\n<p>La population de <a href=\"https:\/\/actu.fr\/toulouse\/\" rel=\"nofollow noopener\" target=\"_blank\">Toulouse<\/a> et de ses alentours en forte augmentation, des infrastructures de soins satur\u00e9es\u2026 Ce sc\u00e9nario qui a des airs d\u2019actualit\u00e9, c\u2019est pourtant celui de la Ville rose\u2026 <strong>\u00e0 la fin des ann\u00e9es 50<\/strong>. C\u2019est \u00e0 cette \u00e9poque que le doyen Guy Lazorthes produit un rapport qui d\u00e9montre l\u2019imp\u00e9rieuse n\u00e9cessit\u00e9 de construire un nouvel h\u00f4pital \u00e0 Toulouse et une nouvelle facult\u00e9 de m\u00e9decine afin de faire face aux besoins sanitaires et \u00e0 la progressive hausse du nombre d\u2019\u00e9tudiants en m\u00e9decine. C\u2019est ainsi que sont jet\u00e9es les <strong>bases du futur h\u00f4pital Rangueil,<\/strong> qui accueillera ses premiers patients quinze ans plus tard. On vous raconte l\u2019histoire de cet immense ensemble hospitalier qui fut inaugur\u00e9 le 27 octobre 1975 par<a href=\"https:\/\/actu.fr\/societe\/simone-veil-figure-la-lutte-les-droits-femmes-est-morte_8617263.html\" rel=\"nofollow noopener\" target=\"_blank\"> Simone Veil<\/a>, alors ministre de la Sant\u00e9 et la S\u00e9curit\u00e9 sociale.<\/p>\n<p>Terrain de 35 hectares<\/p>\n<p class=\" wall-content\">Il a en fait fallu attendre l\u2019ann\u00e9e 1969 pour que les t<a href=\"https:\/\/actu.fr\/occitanie\/toulouse_31555\/il-y-a-presque-50-ans-ce-batiment-incontournable-de-toulouse-sortait-de-terre_60012938.html\" rel=\"nofollow noopener\" target=\"_blank\">ravaux de construction de l\u2019h\u00f4pital Rangueil d\u00e9butent<\/a>. L\u2019achat du terrain de 35 hectares sur les coteaux de Pech David a \u00e9t\u00e9 finalis\u00e9 \u00e0 la fin de 1963.<\/p>\n<p>    <img   decoding=\"async\" loading=\"lazy\" src=\"https:\/\/www.europesays.com\/fr\/wp-content\/uploads\/2025\/10\/octobre-19706-960x640.jpg\" alt=\"Le site en octobre 1970.\" width=\"960\" height=\"640\"\/><br \/>\n    Le site en octobre 1970. (\u00a9CHU Toulouse)<\/p>\n<p class=\" wall-content\">Les travaux sont colossaux : <strong>500 000 tonnes de terre sont d\u00e9plac\u00e9es<\/strong>, les fondations sont creus\u00e9es \u00e0 18 m\u00e8tres de profondeur. 90 280 m3 de b\u00e9ton et 2 310 tonnes d\u2019acier sont utilis\u00e9s. Co\u00fbt de ces grands travaux : 213 millions de francs financ\u00e9s \u00e0 40% par l\u2019\u00c9tat.\u00a0<\/p>\n<p>Livraison en 1974<\/p>\n<p class=\" wall-content\">Les b\u00e2timents sont finalement livr\u00e9s en juillet 1974, le mat\u00e9riel arrive en janvier de l\u2019ann\u00e9e qui suit : 55 tables d\u2019op\u00e9ration, 103 appareils de surveillance \u00e9lectronique, 149 appareils d\u2019assistance respiratoire\u2026<\/p>\n<p class=\" wall-content\">C\u2019est<a href=\"https:\/\/actu.fr\/occitanie\/toulouse_31555\/bientot-toulouse-va-rebaptiser-une-rue-une-place-nom-simone-veil_9720371.html\" rel=\"nofollow noopener\" target=\"_blank\"> Simone Veil, ministre de la Sant\u00e9 et de la S\u00e9curit\u00e9 sociale<\/a> qui inaugure l\u2019h\u00f4pital en octobre 1975. Presque un an plus t\u00f4t, elle d\u00e9fendait devan<strong>t le Parlement le projet de loi qui l\u00e9galisait l\u2019interruption volontaire de grossesse<\/strong>, <a href=\"https:\/\/actu.fr\/pays-de-la-loire\/le-mans_72181\/huguette-raconte-son-avortement-clandestin-10-ans-avant-la-loi-veil-on-etait-culpabilisee-davance_62121272.html\" rel=\"nofollow noopener\" target=\"_blank\">un texte fondamental pour les femmes qui fut adopt\u00e9 en novembre 1974<\/a>.<\/p>\n<p>    <img   decoding=\"async\" loading=\"lazy\" src=\"https:\/\/www.europesays.com\/fr\/wp-content\/uploads\/2025\/10\/inauguration-choix-2-960x640.jpg\" alt=\"Simone Veil, alors ministre de la Sant\u00e9 et de la S\u00e9curit\u00e9 sociale, inaugure les lieux le 27 octobre 1975.\" width=\"960\" height=\"640\"\/><br \/>\n    Simone Veil, alors ministre de la Sant\u00e9 et de la S\u00e9curit\u00e9 sociale, inaugure les lieux le 27 octobre 1975. (\u00a9CHU de Toulouse)<\/p>\n<p>Votre r\u00e9gion, votre actu !<\/p>\n<p>Recevez chaque jour les infos qui comptent pour vous.<\/p>\n<p>\t<a href=\"https:\/\/actu.fr\/newsletter\" class=\"ac-btn ac-btn--corner ac-btn--medium ac-btn--blue800\" rel=\"nofollow noopener\" target=\"_blank\">S&rsquo;incrire<\/a><\/p>\n<p class=\" wall-content\">Ce 27 octobre 1975, <a href=\"https:\/\/actu.fr\/occitanie\/toulouse_31555\/il-a-dirige-pendant-12-ans-la-ville-rose-qui-etait-pierre-baudis-l-ancien-maire-de-toulouse_61676585.html\" rel=\"nofollow noopener\" target=\"_blank\">c\u2019est aux c\u00f4t\u00e9s de Pierre Baudis<\/a>, maire de Toulouse, que la ministre de Val\u00e9ry Giscard d\u2019Estaing inaugure l\u2019h\u00f4pital Rangueil.<\/p>\n<p class=\" wall-content\">\n<p>Nombreuses innovations m\u00e9dicales<\/p>\n<p class=\" wall-content\">Depuis 50 ans, l\u2019h\u00f4pital Rangueil est le terreau de nombreuses innovations m\u00e9dicales. On y a r\u00e9alis\u00e9 la<strong> premi\u00e8re transplantation toulousaine du foie<\/strong> en 1985, la premi\u00e8re implantation mondiale d\u2019une endoproth\u00e8se coronaire en 1986. En 2007, la premi\u00e8re greffe d\u2019un rein \u00ab\u00a0en domino\u00a0\u00bb au monde y est r\u00e9alis\u00e9e, en 2015, c\u2019est une transplantation r\u00e9nale robot assist\u00e9e avec introduction du greffon par voie vaginale\u2026<\/p>\n<p class=\" wall-content\">Aujourd\u2019hui, l\u2019h\u00f4pital Rangueil est <a href=\"https:\/\/actu.fr\/occitanie\/toulouse_31555\/sante-pourquoi-cette-greffe-menee-au-chu-de-toulouse-est-source-d-espoirs-pour-les-malades-du-diabete_62461697.html\" rel=\"nofollow noopener\" target=\"_blank\">une r\u00e9f\u00e9rence nationale pour les transplantations d\u2019organe<\/a> : 348 ont \u00e9t\u00e9 r\u00e9alis\u00e9es en 2024. 17545 interventions chirurgicales y sont r\u00e9alis\u00e9es chaque ann\u00e9e ainsi que 218 024 consultations.<\/p>\n<p>Bient\u00f4t le nouvel h\u00f4pital Rangueil<\/p>\n<p class=\" wall-content\">Cinquante ans apr\u00e8s son inauguration, l\u2019h\u00f4pital pr\u00e9pare son futur, avec le projet de Nouvel\u00a0 h\u00f4pital Rangueil (NHR). <strong>De nouveaux b\u00e2timents vont \u00eatre construits<\/strong>, le b\u00e2timent H1 va \u00eatre modernis\u00e9 pour accueillir de nouvelles unit\u00e9s, des plateaux techniques mutualis\u00e9s\u2026<\/p>\n<p class=\" wall-content\">Le NHR s\u2019articulera autour de trois grands axes : cardiologie et m\u00e9tabolisme ; immunologie et transplantation et canc\u00e9rologie. Les travaux doivent s\u2019achever en 2027.<\/p>\n<p class=\" wall-content\">Personnalisez votre actualit\u00e9 en ajoutant vos villes et m\u00e9dias en favori avec <a href=\"https:\/\/moncompte.actu.fr\" title=\"D\u00e9couvez Mon Actu\" rel=\"nofollow noopener\" data-trk=\"{&quot;cta&quot;:{&quot;action&quot;:&quot;https:\\\/\\\/moncompte.actu.fr&quot;,&quot;category&quot;:&quot;mon compte&quot;,&quot;from&quot;:&quot;article footer&quot;,&quot;name&quot;:&quot;Mon actu&quot;,&quot;type&quot;:&quot;cta&quot;}}\" target=\"_blank\">Mon Actu<\/a>.<\/p>\n","protected":false},"excerpt":{"rendered":"Par Lucie Fraisse Publi\u00e9 le 25 oct. 2025 \u00e0 7h08 La population de Toulouse et de ses alentours&hellip;\n","protected":false},"author":2,"featured_media":488431,"comment_status":"","ping_status":"","sticky":false,"template":"","format":"standard","meta":{"footnotes":""},"categories":[2816],"tags":[1111,11,2630,1777,674,1011,27,12,2680,2551,25,104,2312],"class_list":{"0":"post-488430","1":"post","2":"type-post","3":"status-publish","4":"format-standard","5":"has-post-thumbnail","7":"category-toulouse","8":"tag-actu","9":"tag-actualites","10":"tag-chu-de-toulouse","11":"tag-eu","12":"tag-europe","13":"tag-fr","14":"tag-france","15":"tag-news","16":"tag-occitanie","17":"tag-patrimoine","18":"tag-republique-francaise","19":"tag-societe","20":"tag-toulouse"},"share_on_mastodon":{"url":"https:\/\/pubeurope.com\/@fr\/115433287572840794","error":""},"_links":{"self":[{"href":"https:\/\/www.europesays.com\/fr\/wp-json\/wp\/v2\/posts\/488430","targetHints":{"allow":["GET"]}}],"collection":[{"href":"https:\/\/www.europesays.com\/fr\/wp-json\/wp\/v2\/posts"}],"about":[{"href":"https:\/\/www.europesays.com\/fr\/wp-json\/wp\/v2\/types\/post"}],"author":[{"embeddable":true,"href":"https:\/\/www.europesays.com\/fr\/wp-json\/wp\/v2\/users\/2"}],"replies":[{"embeddable":true,"href":"https:\/\/www.europesays.com\/fr\/wp-json\/wp\/v2\/comments?post=488430"}],"version-history":[{"count":0,"href":"https:\/\/www.europesays.com\/fr\/wp-json\/wp\/v2\/posts\/488430\/revisions"}],"wp:featuredmedia":[{"embeddable":true,"href":"https:\/\/www.europesays.com\/fr\/wp-json\/wp\/v2\/media\/488431"}],"wp:attachment":[{"href":"https:\/\/www.europesays.com\/fr\/wp-json\/wp\/v2\/media?parent=488430"}],"wp:term":[{"taxonomy":"category","embeddable":true,"href":"https:\/\/www.europesays.com\/fr\/wp-json\/wp\/v2\/categories?post=488430"},{"taxonomy":"post_tag","embeddable":true,"href":"https:\/\/www.europesays.com\/fr\/wp-json\/wp\/v2\/tags?post=488430"}],"curies":[{"name":"wp","href":"https:\/\/api.w.org\/{rel}","templated":true}]}}