{"id":488436,"date":"2025-10-25T06:04:18","date_gmt":"2025-10-25T06:04:18","guid":{"rendered":"https:\/\/www.europesays.com\/fr\/488436\/"},"modified":"2025-10-25T06:04:18","modified_gmt":"2025-10-25T06:04:18","slug":"citephilo-urgence-de-laccueil-evenements","status":"publish","type":"post","link":"https:\/\/www.europesays.com\/fr\/488436\/","title":{"rendered":"Cit\u00e9philo : Urgence de l&rsquo;accueil \/ \u00c9v\u00e9nements"},"content":{"rendered":"<p>\n                                                                        Le 18 novembre 2025<br \/>\n\t\t\t\t\t\t\t\t\t\t\tde 18h00 \u00e0 20h00\n\t\t\t\t\t                                        <\/p>\n<p class=\"subtitle\">\u00e0 <strong><br \/>\nPalais des Beaux-Arts de Lille<\/strong><\/p>\n<p>Urgence de l&rsquo;accueil par Antoine Courtecuisse, Pierre Micheletti et Sma\u00efn Laacher<\/p>\n<p>            <img loading=\"lazy\" decoding=\"async\" src=\"\/var\/www\/storage\/images\/mediatheque\/mairie-de-lille\/images-openagenda\/citephilo-urgence-de-l-accueil\/3876553-1-fre-FR\/Citephilo-Urgence-de-l-accueil_news_image_top.jpg\" width=\"779\" height=\"519\" alt=\"Cit\u00e9philo : Urgence de l'accueil\"\/><\/p>\n<p>Migrants, r\u00e9fugi\u00e9s, immigr\u00e9s, demandeurs d\u2019asile, autant de vies pr\u00e9caires, figures de l\u2019\u00e9tranger \u00e0 accueillir. Comment se pr\u00e9sente l\u2019accueil dans l\u2019urgence ? Comment s\u2019articulent le temps court de l\u2019intervention et le temps long de l\u2019accueil prolong\u00e9 ? Questions qui engagent la pratique, mais qui ne se posent pas toujours dans les m\u00eames termes en fonction des \u00e9preuves travers\u00e9es. Questions souvent obscurcies par les pr\u00e9suppos\u00e9s id\u00e9ologiques, la x\u00e9nophobie et l\u2019ignorance entretenue. Chacun des invit\u00e9s abordera ces questions \u00e0 partir de sa position et de sa culture : humanitaire, sociologique, psychiatrique. On tentera de conjuguer politique de l\u2019accueil et clinique de la pr\u00e9carit\u00e9.<\/p>\n<p>        \t\t                                                            Infos pratiques<\/p>\n<p>                    Lieu<\/p>\n<p>\nPalais des Beaux-Arts de Lille<\/p>\n<p>                    Adresse<\/p>\n<p>\nPalais des Beaux-Arts<br \/>Place de la R\u00e9publique<br \/>59000 Lille<\/p>\n<p>                                                            Voir le plan<\/p>\n<p>                        Contact<\/p>\n<p>\n03 20 06 78 00<br \/><a href=\"https:\/\/www.lille.fr\/Evenements\/mailto:reservationpba@mairie-lille.fr\" title=\"Cliquez pour ouvrir votre messagerie\" target=\"_self\" class=\"lien_interne\" rel=\"noopener\">reservationpba@mairie-lille.fr<\/a> <\/p>\n<p>Pour organiser un \u00e9v\u00e9nement au Palais des Beaux-Arts, rendez-vous sur la page <a href=\"http:\/\/www.lille.fr\/Mes-demarches-et-services\/Professionnels\/Louer-une-salle\" title=\"Louer une salle (nouvelle fen\u00eatre) (nouvelle fen\u00eatre)\" target=\"_blank\" class=\"lien_interne\" rel=\"noopener\">Louer une salle<\/a> !<\/p>\n<p>            Acc\u00e8s<\/p>\n<p>M\u00e9tro : ligne 1 arr\u00eat R\u00e9publique Beaux Arts<\/p>\n<p>\n                    PublicsDe  \u00e0  ans<\/p>\n<p>                            Horaires<\/p>\n<p class=\"textAlone\">Le 18\/11\/2025 de 18:00 \u00e0 20:00<\/p>\n<p>                        Tarifs<\/p>\n<p>\nTarif plein exposition permanente :\u00a07 \u20ac<br \/>Tarif r\u00e9duit : 4 \u20ac<\/p>\n<p>L\u2019acc\u00e8s aux collections permanentes est gratuit\u00a0:<\/p>\n<p>\n&gt;tous les dimanches pour les habitants de Lille, Hellemmes et Lomme (sur pr\u00e9sentation du\u00a0<a href=\"https:\/\/www.lille.fr\/Actualites\/Pass-Lille-moi-la-carte-qui-ouvre-les-portes-de-la-culture-du-sport-et-des-loisirs\" target=\"_self\" class=\"lien_interne\" rel=\"noopener\">Pass Lille &amp; moi<\/a>\u00a0\u00a0ou d\u2019un justificatif de domicile)\u00a0<br \/>&gt;pour tous le 1er\u00a0dimanche de chaque mois<\/p>\n<p>L\u2019acc\u00e8s aux collections permanentes et expositions temporaires est gratuit pour les d\u00e9tenteurs de la\u00a0<a href=\"http:\/\/www.lacart.fr\" target=\"_self\" class=\"lien_interne\" rel=\"noopener\">C&rsquo;ART<\/a>.<\/p>\n<p>Site<a href=\"http:\/\/www.pba-lille.fr\/\" target=\"_blank\" rel=\"noopener\">http:\/\/www.pba-lille.fr\/<\/a><\/p>\n<p>\n                    Accessibilit\u00e9<\/p>\n","protected":false},"excerpt":{"rendered":"Le 18 novembre 2025 de 18h00 \u00e0 20h00 \u00e0 Palais des Beaux-Arts de Lille Urgence de l&rsquo;accueil par&hellip;\n","protected":false},"author":2,"featured_media":488437,"comment_status":"","ping_status":"","sticky":false,"template":"","format":"standard","meta":{"footnotes":""},"categories":[2815],"tags":[1111,11,4763,1777,674,1011,27,811,1307,5415,12,25],"class_list":{"0":"post-488436","1":"post","2":"type-post","3":"status-publish","4":"format-standard","5":"has-post-thumbnail","7":"category-lille","8":"tag-actu","9":"tag-actualites","10":"tag-agenda","11":"tag-eu","12":"tag-europe","13":"tag-fr","14":"tag-france","15":"tag-hauts-de-france","16":"tag-lille","17":"tag-mairie","18":"tag-news","19":"tag-republique-francaise"},"share_on_mastodon":{"url":"https:\/\/pubeurope.com\/@fr\/115433300655484246","error":""},"_links":{"self":[{"href":"https:\/\/www.europesays.com\/fr\/wp-json\/wp\/v2\/posts\/488436","targetHints":{"allow":["GET"]}}],"collection":[{"href":"https:\/\/www.europesays.com\/fr\/wp-json\/wp\/v2\/posts"}],"about":[{"href":"https:\/\/www.europesays.com\/fr\/wp-json\/wp\/v2\/types\/post"}],"author":[{"embeddable":true,"href":"https:\/\/www.europesays.com\/fr\/wp-json\/wp\/v2\/users\/2"}],"replies":[{"embeddable":true,"href":"https:\/\/www.europesays.com\/fr\/wp-json\/wp\/v2\/comments?post=488436"}],"version-history":[{"count":0,"href":"https:\/\/www.europesays.com\/fr\/wp-json\/wp\/v2\/posts\/488436\/revisions"}],"wp:featuredmedia":[{"embeddable":true,"href":"https:\/\/www.europesays.com\/fr\/wp-json\/wp\/v2\/media\/488437"}],"wp:attachment":[{"href":"https:\/\/www.europesays.com\/fr\/wp-json\/wp\/v2\/media?parent=488436"}],"wp:term":[{"taxonomy":"category","embeddable":true,"href":"https:\/\/www.europesays.com\/fr\/wp-json\/wp\/v2\/categories?post=488436"},{"taxonomy":"post_tag","embeddable":true,"href":"https:\/\/www.europesays.com\/fr\/wp-json\/wp\/v2\/tags?post=488436"}],"curies":[{"name":"wp","href":"https:\/\/api.w.org\/{rel}","templated":true}]}}