{"id":488438,"date":"2025-10-25T06:05:11","date_gmt":"2025-10-25T06:05:11","guid":{"rendered":"https:\/\/www.europesays.com\/fr\/488438\/"},"modified":"2025-10-25T06:05:11","modified_gmt":"2025-10-25T06:05:11","slug":"mino-le-renouveau-bistrotier-de-la-canebiere","status":"publish","type":"post","link":"https:\/\/www.europesays.com\/fr\/488438\/","title":{"rendered":"Mino, le renouveau bistrotier de\u00a0la Canebi\u00e8re"},"content":{"rendered":"<p>Voil\u00e0 un nouveau signe que la Canebi\u00e8re poursuit sa mue par l&rsquo;assiette. Apr\u00e8s <a href=\"https:\/\/www.laprovence.com\/article\/edition-marseille\/6183737\/la-canebiere-va-avoir-sa-premiere-fromagerie.html\" target=\"_blank\" rel=\"noopener\">la fromagerie Frouma\u00ef<\/a>, la sandwicherie d&rsquo;\u00e9lite Limon, le Blum-Les R\u00e9form\u00e9s ou les deux Plan (de A \u00e0 Z et 1.2.3), voici donc un nouveau venu dans la place avec Mino. Le restaurant s&rsquo;est install\u00e9 dans l&rsquo;ancienne horlogerie Berenger, au 99 de l&rsquo;art\u00e8re. On en devine encore le lettrage sur la fa\u00e7ade en attendant que celui des nouveaux venus n&rsquo;en prenne la place. Nouveau peut-\u00eatre mais pas inconnu. Les habitu\u00e9s de la gastronomie du centre-ville reconna\u00eetront l&rsquo;homme derri\u00e8re le comptoir\u00a0: Julien Pappalardo, longtemps ind\u00e9fectible bras droit de <a href=\"https:\/\/www.laprovence.com\/article\/food\/95320047473827\/marseille-le-chef-jeje-barbu-ouvre-son-super-meme-a-deux-pas-du-vieux-port\" target=\"_blank\" rel=\"noopener\">J\u00e9j\u00e9 Barbu<\/a>, p\u00e9riode M\u00e9m\u00e9 et Il Capriolo.<\/p>\n<p>Des anciens de M\u00e9m\u00e9-Il Capriolo<\/p>\n<p>Son r\u00f4le d&rsquo;alors\u00a0: faire en sorte que les inspirations culinaires impr\u00e9visibles et fantasques du chef marseillais trouvent sereinement leur place en salle. Sacr\u00e9e gageure que d&rsquo;encadrer J\u00e9j\u00e9 au quotidien. Julien la relevait pourtant avec une certaine maestria. Car, qui n&rsquo;a jamais test\u00e9 un jour l&rsquo;accueil \u00e0 la Julien Pappalardo n&rsquo;a pas vraiment fait l&rsquo;exp\u00e9rience de la gestion de salle \u00e0 la marseillaise dans ce qu&rsquo;elle a de meilleur (on en conna\u00eet aussi qui nous l&rsquo;ont servi dans ce qu&rsquo;elle a de pire&#8230;)\u00a0:&#8230;<\/p>\n","protected":false},"excerpt":{"rendered":"Voil\u00e0 un nouveau signe que la Canebi\u00e8re poursuit sa mue par l&rsquo;assiette. Apr\u00e8s la fromagerie Frouma\u00ef, la sandwicherie&hellip;\n","protected":false},"author":2,"featured_media":488439,"comment_status":"","ping_status":"","sticky":false,"template":"","format":"standard","meta":{"footnotes":""},"categories":[2814],"tags":[17,1111,11,61151,1180,1777,674,1011,27,884,61150,12,882,16,15102,25],"class_list":{"0":"post-488438","1":"post","2":"type-post","3":"status-publish","4":"format-standard","5":"has-post-thumbnail","7":"category-marseille","8":"tag-17","9":"tag-actu","10":"tag-actualites","11":"tag-bistrotier","12":"tag-canebiere","13":"tag-eu","14":"tag-europe","15":"tag-fr","16":"tag-france","17":"tag-marseille","18":"tag-mino","19":"tag-news","20":"tag-provence-alpes-cote-dazur","21":"tag-region","22":"tag-renouveau","23":"tag-republique-francaise"},"share_on_mastodon":{"url":"https:\/\/pubeurope.com\/@fr\/115433303154772705","error":""},"_links":{"self":[{"href":"https:\/\/www.europesays.com\/fr\/wp-json\/wp\/v2\/posts\/488438","targetHints":{"allow":["GET"]}}],"collection":[{"href":"https:\/\/www.europesays.com\/fr\/wp-json\/wp\/v2\/posts"}],"about":[{"href":"https:\/\/www.europesays.com\/fr\/wp-json\/wp\/v2\/types\/post"}],"author":[{"embeddable":true,"href":"https:\/\/www.europesays.com\/fr\/wp-json\/wp\/v2\/users\/2"}],"replies":[{"embeddable":true,"href":"https:\/\/www.europesays.com\/fr\/wp-json\/wp\/v2\/comments?post=488438"}],"version-history":[{"count":0,"href":"https:\/\/www.europesays.com\/fr\/wp-json\/wp\/v2\/posts\/488438\/revisions"}],"wp:featuredmedia":[{"embeddable":true,"href":"https:\/\/www.europesays.com\/fr\/wp-json\/wp\/v2\/media\/488439"}],"wp:attachment":[{"href":"https:\/\/www.europesays.com\/fr\/wp-json\/wp\/v2\/media?parent=488438"}],"wp:term":[{"taxonomy":"category","embeddable":true,"href":"https:\/\/www.europesays.com\/fr\/wp-json\/wp\/v2\/categories?post=488438"},{"taxonomy":"post_tag","embeddable":true,"href":"https:\/\/www.europesays.com\/fr\/wp-json\/wp\/v2\/tags?post=488438"}],"curies":[{"name":"wp","href":"https:\/\/api.w.org\/{rel}","templated":true}]}}