{"id":488440,"date":"2025-10-25T06:06:21","date_gmt":"2025-10-25T06:06:21","guid":{"rendered":"https:\/\/www.europesays.com\/fr\/488440\/"},"modified":"2025-10-25T06:06:21","modified_gmt":"2025-10-25T06:06:21","slug":"marseille-cassis-plus-quune-course","status":"publish","type":"post","link":"https:\/\/www.europesays.com\/fr\/488440\/","title":{"rendered":"Marseille-Cassis, plus qu\u2019une course"},"content":{"rendered":"\n<p>Ne vous m\u00e9prenez pas, Marseille-Cassis n\u2019est pas qu\u2019une simple course entre deux villes voisines. Cet \u00e9v\u00e9nement, pens\u00e9 par la Soci\u00e9t\u00e9 culturelle omnisports (SCO) Sainte-Marguerite et son ancien pr\u00e9sident Andr\u00e9 Giraud, en 1979, s\u2019est impos\u00e9, au fil du temps, comme l\u2019un des temps forts du calendrier sportif fran\u00e7ais. Chaque ann\u00e9e, des milliers d\u2019amateurs se m\u00ealent aux professionnels, d\u00e9sireux d\u2019inscrire leur nom au palmar\u00e8s de ce semi-marathon inscrit dans le top\u00a050 des courses mondiales.<\/p>\n<p>Marseille-Cassis n\u2019est pas qu\u2019un simple rendez-vous sportif. C\u2019est \u00e9galement l\u2019un des joyaux, l\u2019une des vitrines principales de notre territoire. \u00ab\u00a0Cette course a d\u00e9pass\u00e9 les fronti\u00e8res municipales\u00a0\u00bb, souligne Thierry Santelli, vice-pr\u00e9sident (LR) du conseil d\u00e9partemental des Bouches-du-Rh\u00f4ne, conscient que 76\u00a0pays sont repr\u00e9sent\u00e9s dans le peloton. \u00ab\u00a0C\u2019est peut-\u00eatre l\u2019\u00e9v\u00e9nement sportif le plus attendu de l\u2019ann\u00e9e et qui fait rayonner le plus notre territoire\u00a0\u00bb, surench\u00e9rit Cyprien Vincent (PM), adjoint au sport dans les 6e et 8e\u00a0arrondissements de Marseille. \u00ab\u00a0C\u2019est incroyable de constater qu\u2019il y a 20\u00a0000\u00a0personnes qui vont \u00eatre sur la ligne de d\u00e9part, mais qu\u2019il y en a 21\u00a0000 qui n\u2019ont pas pu s\u2019inscrire, tellement la demande est importante\u00a0\u00bb, poursuit-il.<\/p>\n<p>Pour participer au Marseille-Cassis, les 19\u00a0000\u00a0premiers coureurs inscrits ont d\u00fb d\u00e9bourser 75\u00a0euros pour obtenir le pr\u00e9cieux dossard, contre 85\u00a0euros pour les 1\u00a0000\u00a0derniers. Une somme cons\u00e9quente pour disputer une course de 20\u00a0km, mais bien inf\u00e9rieur aux \u00e9v\u00e9nements concurrents : le prix d\u2019entr\u00e9e du marathon de Valence et du marathon de Paris peut grimper jusqu\u2019\u00e0 180\u00a0euros. Sur chaque inscription au Marseille-Cassis, 10\u00a0euros sont revers\u00e9s au profit de l\u2019association On\u2019Tchao, qui accompagne les patients atteints de mucoviscidose et leurs familles.<\/p>\n<p> Socialement pr\u00e9sent\n              <\/p>\n<p>Dans sa volont\u00e9 d\u2019\u00eatre un vecteur d\u2019\u00e9galit\u00e9, d\u2019int\u00e9gration et d\u2019espoir, Marseille-Cassis fait partie des quatre \u00e9v\u00e9nements sportifs du territoire affili\u00e9s \u00e0 la premi\u00e8re \u00e9dition du Mois de l\u2019inclusion. La course s\u2019ouvre, pour la deuxi\u00e8me ann\u00e9e cons\u00e9cutive, aux jeunes issus de quartiers prioritaires.<\/p>\n<p>Ces derniers ont b\u00e9n\u00e9fici\u00e9 d\u2019un accompagnement avec un entra\u00eenement encadr\u00e9 pour se pr\u00e9parer \u00e0 la course, et pourront ensuite participer \u00e0 un job dating pour les aider dans leur insertion professionnelle. Ils se sont vus remettre, vendredi, leur dossard par Jimmy Gressier (lire ci-contre). Le champion du monde en titre du 10\u00a0000\u00a0m a accept\u00e9 d\u2019\u00eatre le parrain de cette 46e\u00a0\u00e9dition. \u00ab\u00a0Il sera l\u00e0 pour le plaisir et va prendre place dans le peloton, pour partager l\u2019exp\u00e9rience avec les gens\u00a0\u00bb, confie l\u2019organisation, \u00e9galement fi\u00e8re de pouvoir permettre \u00e0 six jeunes adultes en r\u00e9mission de cancer de relever ce d\u00e9fi.<\/p>\n","protected":false},"excerpt":{"rendered":"Ne vous m\u00e9prenez pas, Marseille-Cassis n\u2019est pas qu\u2019une simple course entre deux villes voisines. Cet \u00e9v\u00e9nement, pens\u00e9 par&hellip;\n","protected":false},"author":2,"featured_media":488441,"comment_status":"","ping_status":"","sticky":false,"template":"","format":"standard","meta":{"footnotes":""},"categories":[2814],"tags":[1111,11,1777,674,1011,27,24058,884,12,882,25],"class_list":{"0":"post-488440","1":"post","2":"type-post","3":"status-publish","4":"format-standard","5":"has-post-thumbnail","7":"category-marseille","8":"tag-actu","9":"tag-actualites","10":"tag-eu","11":"tag-europe","12":"tag-fr","13":"tag-france","14":"tag-la-marseillaise","15":"tag-marseille","16":"tag-news","17":"tag-provence-alpes-cote-dazur","18":"tag-republique-francaise"},"share_on_mastodon":{"url":"https:\/\/pubeurope.com\/@fr\/115433307024575912","error":""},"_links":{"self":[{"href":"https:\/\/www.europesays.com\/fr\/wp-json\/wp\/v2\/posts\/488440","targetHints":{"allow":["GET"]}}],"collection":[{"href":"https:\/\/www.europesays.com\/fr\/wp-json\/wp\/v2\/posts"}],"about":[{"href":"https:\/\/www.europesays.com\/fr\/wp-json\/wp\/v2\/types\/post"}],"author":[{"embeddable":true,"href":"https:\/\/www.europesays.com\/fr\/wp-json\/wp\/v2\/users\/2"}],"replies":[{"embeddable":true,"href":"https:\/\/www.europesays.com\/fr\/wp-json\/wp\/v2\/comments?post=488440"}],"version-history":[{"count":0,"href":"https:\/\/www.europesays.com\/fr\/wp-json\/wp\/v2\/posts\/488440\/revisions"}],"wp:featuredmedia":[{"embeddable":true,"href":"https:\/\/www.europesays.com\/fr\/wp-json\/wp\/v2\/media\/488441"}],"wp:attachment":[{"href":"https:\/\/www.europesays.com\/fr\/wp-json\/wp\/v2\/media?parent=488440"}],"wp:term":[{"taxonomy":"category","embeddable":true,"href":"https:\/\/www.europesays.com\/fr\/wp-json\/wp\/v2\/categories?post=488440"},{"taxonomy":"post_tag","embeddable":true,"href":"https:\/\/www.europesays.com\/fr\/wp-json\/wp\/v2\/tags?post=488440"}],"curies":[{"name":"wp","href":"https:\/\/api.w.org\/{rel}","templated":true}]}}