{"id":488452,"date":"2025-10-25T06:14:17","date_gmt":"2025-10-25T06:14:17","guid":{"rendered":"https:\/\/www.europesays.com\/fr\/488452\/"},"modified":"2025-10-25T06:14:17","modified_gmt":"2025-10-25T06:14:17","slug":"justice-shay-thomas-bangalter-because-beaubourg-deux-jours-de-fete-avant-la-fermeture-du-centre-pompidou","status":"publish","type":"post","link":"https:\/\/www.europesays.com\/fr\/488452\/","title":{"rendered":"Justice, Shay, Thomas Bangalter\u2026 \u00ab\u00a0Because Beaubourg\u00a0\u00bb, deux jours de f\u00eate avant la fermeture du centre Pompidou"},"content":{"rendered":"<p class=\"paragraph text_align_left lp-f-body-02\">Cette fois, c\u2019est (vraiment) le dernier \u00e9v\u00e9nement organis\u00e9 \u00e0 Beaubourg <a href=\"https:\/\/www.leparisien.fr\/paris-75\/quand-les-touristes-ne-seront-plus-la-a-paris-la-fermeture-de-beaubourg-pour-cinq-ans-inquiete-le-quartier-21-09-2025-6NDYBMMWNRGKXGN2DCESVDNEEM.php\" target=\"_blank\" rel=\"noreferrer nofollow noopener\">avant sa fermeture pour cinq ann\u00e9es de travaux<\/a> de modernisation et d\u2019agrandissement. Et c\u2019est le label parisien ind\u00e9pendant Because Music qui y f\u00eate pendant deux jours, ce vendredi 24 octobre et samedi, son 20e anniversaire avec ses artistes, qui y donnent des concerts, des masterclass ou y font des installations \u00e9ph\u00e9m\u00e8res. L\u2019entr\u00e9e est gratuite et sans r\u00e9servation de 11 heures \u00e0 18 heures (dans la limite de la jauge de 7 500 personnes), les concerts le soir affichant d\u00e9j\u00e0 complet.<\/p>\n<p class=\"paragraph text_align_left lp-f-body-02\">Retourner dans le centre Pompidou est d\u00e9j\u00e0 une premi\u00e8re exp\u00e9rience en soi. Reprendre les escalators avec vue magique sur Paris, revenir au niveau 2 dans la biblioth\u00e8que vid\u00e9e de tous ses livres et p\u00e9riodiques, la traverser sous les panneaux \u00ab histoire-g\u00e9ographie \u00bb et \u00ab sciences \u00bb qui pendent encore du plafond. Suivre les panneaux \u00ab Camera\/Man \u00bb et, un grondement sonore, passer de grands rideaux noirs\u2026<\/p>\n","protected":false},"excerpt":{"rendered":"Cette fois, c\u2019est (vraiment) le dernier \u00e9v\u00e9nement organis\u00e9 \u00e0 Beaubourg avant sa fermeture pour cinq ann\u00e9es de travaux&hellip;\n","protected":false},"author":2,"featured_media":488453,"comment_status":"","ping_status":"","sticky":false,"template":"","format":"standard","meta":{"footnotes":""},"categories":[1888],"tags":[11,872,1777,674,1011,27,873,12,626,25],"class_list":{"0":"post-488452","1":"post","2":"type-post","3":"status-publish","4":"format-standard","5":"has-post-thumbnail","7":"category-paris","8":"tag-actualites","9":"tag-culture-et-loisirs","10":"tag-eu","11":"tag-europe","12":"tag-fr","13":"tag-france","14":"tag-musique","15":"tag-news","16":"tag-paris","17":"tag-republique-francaise"},"share_on_mastodon":{"url":"https:\/\/pubeurope.com\/@fr\/115433338540169514","error":""},"_links":{"self":[{"href":"https:\/\/www.europesays.com\/fr\/wp-json\/wp\/v2\/posts\/488452","targetHints":{"allow":["GET"]}}],"collection":[{"href":"https:\/\/www.europesays.com\/fr\/wp-json\/wp\/v2\/posts"}],"about":[{"href":"https:\/\/www.europesays.com\/fr\/wp-json\/wp\/v2\/types\/post"}],"author":[{"embeddable":true,"href":"https:\/\/www.europesays.com\/fr\/wp-json\/wp\/v2\/users\/2"}],"replies":[{"embeddable":true,"href":"https:\/\/www.europesays.com\/fr\/wp-json\/wp\/v2\/comments?post=488452"}],"version-history":[{"count":0,"href":"https:\/\/www.europesays.com\/fr\/wp-json\/wp\/v2\/posts\/488452\/revisions"}],"wp:featuredmedia":[{"embeddable":true,"href":"https:\/\/www.europesays.com\/fr\/wp-json\/wp\/v2\/media\/488453"}],"wp:attachment":[{"href":"https:\/\/www.europesays.com\/fr\/wp-json\/wp\/v2\/media?parent=488452"}],"wp:term":[{"taxonomy":"category","embeddable":true,"href":"https:\/\/www.europesays.com\/fr\/wp-json\/wp\/v2\/categories?post=488452"},{"taxonomy":"post_tag","embeddable":true,"href":"https:\/\/www.europesays.com\/fr\/wp-json\/wp\/v2\/tags?post=488452"}],"curies":[{"name":"wp","href":"https:\/\/api.w.org\/{rel}","templated":true}]}}