{"id":488464,"date":"2025-10-25T06:20:11","date_gmt":"2025-10-25T06:20:11","guid":{"rendered":"https:\/\/www.europesays.com\/fr\/488464\/"},"modified":"2025-10-25T06:20:11","modified_gmt":"2025-10-25T06:20:11","slug":"une-14e-defaite-pour-la-france-contre-lallemagne-rebond-imperatif-a-caen","status":"publish","type":"post","link":"https:\/\/www.europesays.com\/fr\/488464\/","title":{"rendered":"Une 14e d\u00e9faite pour la France contre l&rsquo;Allemagne, rebond imp\u00e9ratif \u00e0 Caen"},"content":{"rendered":"<p>C\u2019est un bilan tr\u00e8s n\u00e9gatif qui ne se redore pas, match apr\u00e8s match. L\u2019\u00e9quipe de France f\u00e9minine a enregistr\u00e9 sa 14e d\u00e9faite contre l\u2019Allemagne ce 24 octobre, en 25 rencontres au total.<\/p>\n<p>C\u2019est un petit score, qui pourrait avoir des cons\u00e9quences. La France a perdu 1-0 contre l\u2019Allemagne ce 24 octobre en demi-finale aller de ligue des nations f\u00e9minine. Son dernier succ\u00e8s contre cet adversaire restait justement la demi-finale de la pr\u00e9c\u00e9dente ligue des nations, en f\u00e9vrier 2024 (2-1).<\/p>\n<p>Le seul \u00e9clat en match comp\u00e9titif. Sinon, l\u2019histoire se termine toujours mal pour les Tricolores. Euro 2005, d\u00e9faite 3-0. Euro 2009, claque 5-1. Mondial 2011, d\u00e9route 4-2. Mondial 2015, \u00e9limination de la France aux tirs au but en quarts. Euro 2022, d\u00e9faite en demi-finale, 2-1. <a href=\"https:\/\/footeuses.com\/euro-2025-rebelote-lallemagne-punit-la-france\/\" rel=\"nofollow noopener\" target=\"_blank\">Euro 2025, \u00e9limination de la France<\/a> aux tirs au but en quarts.<\/p>\n<p>Renouvelant sans cesse leurs g\u00e9n\u00e9rations, les Allemandes continuent \u00e0 dominer les Fran\u00e7aises, qui les ont battu 6 fois au total dans l\u2019histoire. En amical en 2003, \u00e0 l\u2019Algarve Cup en 2007, en amical en 2014, \u00e0 la She Believes Cup en 2018, en amical en 2021 et le match de ligue des nations de 2024. <\/p>\n<p>Les Bleues peuvent-elles battre l\u2019Allemagne mardi prochain \u00e0 Caen et signer deux victoires en deux ans contre ce rival pour la premi\u00e8re fois de leur histoire ?<\/p>\n<p class=\"has-text-align-right\">Photo \u00a9<a href=\"https:\/\/x.com\/DFB_Frauen\" rel=\"nofollow\">DFB_Frauen<\/a><\/p>\n","protected":false},"excerpt":{"rendered":"C\u2019est un bilan tr\u00e8s n\u00e9gatif qui ne se redore pas, match apr\u00e8s match. L\u2019\u00e9quipe de France f\u00e9minine a&hellip;\n","protected":false},"author":2,"featured_media":488465,"comment_status":"","ping_status":"","sticky":false,"template":"","format":"standard","meta":{"footnotes":""},"categories":[1587],"tags":[11,672,1804,1805,1803,1777,674,1801,12,1802],"class_list":{"0":"post-488464","1":"post","2":"type-post","3":"status-publish","4":"format-standard","5":"has-post-thumbnail","7":"category-allemagne","8":"tag-actualites","9":"tag-allemagne","10":"tag-bundesrepublik-deutschland","11":"tag-de","12":"tag-deutschland","13":"tag-eu","14":"tag-europe","15":"tag-germany","16":"tag-news","17":"tag-republique-federale-dallemagne"},"share_on_mastodon":{"url":"https:\/\/pubeurope.com\/@fr\/115433362320215342","error":""},"_links":{"self":[{"href":"https:\/\/www.europesays.com\/fr\/wp-json\/wp\/v2\/posts\/488464","targetHints":{"allow":["GET"]}}],"collection":[{"href":"https:\/\/www.europesays.com\/fr\/wp-json\/wp\/v2\/posts"}],"about":[{"href":"https:\/\/www.europesays.com\/fr\/wp-json\/wp\/v2\/types\/post"}],"author":[{"embeddable":true,"href":"https:\/\/www.europesays.com\/fr\/wp-json\/wp\/v2\/users\/2"}],"replies":[{"embeddable":true,"href":"https:\/\/www.europesays.com\/fr\/wp-json\/wp\/v2\/comments?post=488464"}],"version-history":[{"count":0,"href":"https:\/\/www.europesays.com\/fr\/wp-json\/wp\/v2\/posts\/488464\/revisions"}],"wp:featuredmedia":[{"embeddable":true,"href":"https:\/\/www.europesays.com\/fr\/wp-json\/wp\/v2\/media\/488465"}],"wp:attachment":[{"href":"https:\/\/www.europesays.com\/fr\/wp-json\/wp\/v2\/media?parent=488464"}],"wp:term":[{"taxonomy":"category","embeddable":true,"href":"https:\/\/www.europesays.com\/fr\/wp-json\/wp\/v2\/categories?post=488464"},{"taxonomy":"post_tag","embeddable":true,"href":"https:\/\/www.europesays.com\/fr\/wp-json\/wp\/v2\/tags?post=488464"}],"curies":[{"name":"wp","href":"https:\/\/api.w.org\/{rel}","templated":true}]}}