{"id":488468,"date":"2025-10-25T06:22:15","date_gmt":"2025-10-25T06:22:15","guid":{"rendered":"https:\/\/www.europesays.com\/fr\/488468\/"},"modified":"2025-10-25T06:22:15","modified_gmt":"2025-10-25T06:22:15","slug":"changement-dheure-ce-week-end-pourquoi-ce-passage-a-lheure-dhiver-pourrait-bien-etre-le-dernier","status":"publish","type":"post","link":"https:\/\/www.europesays.com\/fr\/488468\/","title":{"rendered":"Changement d\u2019heure ce week-end : pourquoi ce passage \u00e0 l\u2019heure d\u2019hiver pourrait bien \u00eatre le dernier"},"content":{"rendered":"<p>Les aiguilles de l&rsquo;horloge reculeront d\u2019une heure ce week-end dans la nuit du 25 au 26\u00a0octobre. Quand il sera 3\u00a0heures, il sera en r\u00e9alit\u00e9 2\u00a0heures. Chaque ann\u00e9e, le passage d\u2019une saison \u00e0 l\u2019autre est marqu\u00e9 par <a href=\"https:\/\/www.capital.fr\/conso\/changement-d-heure-quand-passe-t-on-a-l-heure-d-hiver-et-d-ete-1503586\" target=\"_blank\" rel=\"noopener\">le changement d\u2019heure<\/a> et ce, depuis 50 ans.<\/p>\n<p>Dans les ann\u00e9es 1970, apr\u00e8s le choc p\u00e9trolier de 1973-1974 et face \u00e0 l\u2019augmentation des prix de l\u2019\u00e9lectricit\u00e9, Val\u00e9ry Giscard d\u2019Estaing, pr\u00e9sident de la R\u00e9publique \u00e0 l&rsquo;\u00e9poque, d\u00e9cide d\u2019instaurer le changement d\u2019heure. Progressivement, les autres pays membres de l\u2019Union europ\u00e9enne (UE) se calquent sur le rythme fran\u00e7ais, avec un <a href=\"https:\/\/www.capital.fr\/votre-carriere\/changement-dheure-allez-vous-perdre-une-heure-de-salaire-1510734\" target=\"_blank\" rel=\"noopener\">changement d\u2019heure estival<\/a> et un autre hivernal. En 2002, les dates pour le changement d\u2019heure sont harmonis\u00e9es au sein de l\u2019UE.<\/p>\n<p>Vers la suppression du changement d\u2019heure en France et en Europe\u00a0?<\/p>\n<p>Alors que cette mesure se voulait provisoire, elle est d\u00e9sormais ancr\u00e9e dans nos habitudes. Le changement d\u2019heure ne convainc cependant plus vraiment les Europ\u00e9ens. Le sujet est revenu sur le tapis jeudi 23\u00a0octobre, quelques jours avant le passage \u00e0 l\u2019heure hivernale, lors d\u2019un d\u00e9bat au Parlement europ\u00e9en. \u00abLe temps est venu de mettre enfin un coup d\u2019arr\u00eat au changement d\u2019heure\u00bb, a lanc\u00e9 le commissaire aux Transports, Apostolos Tzitzikostas. Ce syst\u00e8me \u00abnous concerne tous, agace la plupart d\u2019entre nous et je dirai m\u00eame plus, nous fait du mal\u00bb, alors qu\u2019il \u00abne g\u00e9n\u00e8re <a href=\"https:\/\/www.capital.fr\/economie-politique\/le-changement-dheure-permet-il-vraiment-de-faire-des-economies-denergie-1483614\" target=\"_blank\" rel=\"noopener\">m\u00eame plus d\u2019\u00e9conomies d\u2019\u00e9nergie<\/a>\u00bb, a ajout\u00e9 l\u2019eurod\u00e9put\u00e9.<\/p>\n<p>L\u2019Espagne s\u2019est prononc\u00e9e en faveur de la suppression de ce m\u00e9canisme lors d\u2019une r\u00e9union lundi des ministres de l\u2019Energie des pays membres de l\u2019UE. \u00abChanger d&rsquo;heure deux fois par an n&rsquo;a plus aucun sens. Cela contribue \u00e0 peine \u00e0 faire des \u00e9conomies d&rsquo;\u00e9nergie, mais \u00e7a a des effets n\u00e9gatifs sur la sant\u00e9 et la vie des gens\u00bb, a d\u00e9fendu le Premier ministre espagnol Pedro Sanchez, sur le r\u00e9seau social X. Selon une source diplomatique europ\u00e9enne, la Pologne et la Finlande ont apport\u00e9 leur soutien \u00e0 l\u2019Espagne.<\/p>\n<p>La Commission europ\u00e9enne a command\u00e9 une nouvelle analyse pour conforter ses efforts en vue de la suppression du changement d\u2019heure. En effet, ce n\u2019est pas la premi\u00e8re fois que le sujet est \u00e9voqu\u00e9. En 2018, les eurod\u00e9put\u00e9s avaient adopt\u00e9 une r\u00e9solution \u00e0 cet effet. En 2019, la Commission europ\u00e9enne avait organis\u00e9 une consultation publique, qui avait recueilli la participation de plus de 6\u00a0millions d&rsquo;Europ\u00e9ens et proposait alors une nouvelle directive. Cette derni\u00e8re visait \u00e0 supprimer d\u00e9finitivement le changement d\u2019heure \u00e0 partir de 2021.<\/p>\n<p>D\u00e8s lors, les Etats membres de l\u2019UE auraient eu \u00e0 choisir entre s\u2019aligner sur l\u2019heure d\u2019\u00e9t\u00e9 ou sur celle d\u2019hiver. Mais en raison de la crise du Covid-19, la mesure n\u2019est jamais entr\u00e9e en vigueur. Elle a \u00e9t\u00e9 d\u00e9battue pour la derni\u00e8re fois au Conseil de l\u2019UE en d\u00e9cembre\u00a02019. En 2025, la proposition a r\u00e9apparu dans le programme de travail de la Commission europ\u00e9enne. Reste \u00e0 savoir si un d\u00e9bat pourra de nouveau \u00eatre organis\u00e9 sur ce sujet.<\/p>\n","protected":false},"excerpt":{"rendered":"Les aiguilles de l&rsquo;horloge reculeront d\u2019une heure ce week-end dans la nuit du 25 au 26\u00a0octobre. Quand il&hellip;\n","protected":false},"author":2,"featured_media":488469,"comment_status":"","ping_status":"","sticky":false,"template":"","format":"standard","meta":{"footnotes":""},"categories":[1586],"tags":[11,7663,1777,674,1779,1011,27,6736,12,32836,25,8755,1778,364,2475],"class_list":{"0":"post-488468","1":"post","2":"type-post","3":"status-publish","4":"format-standard","5":"has-post-thumbnail","7":"category-europe","8":"tag-actualites","9":"tag-commission-europu00e9enne","10":"tag-eu","11":"tag-europe","12":"tag-european-union","13":"tag-fr","14":"tag-france","15":"tag-hiver","16":"tag-news","17":"tag-parlement-europu00e9en","18":"tag-republique-francaise","19":"tag-santu00e9","20":"tag-ue","21":"tag-union-europeenne","22":"tag-union-europu00e9enne"},"share_on_mastodon":{"url":"https:\/\/pubeurope.com\/@fr\/115433369956744469","error":""},"_links":{"self":[{"href":"https:\/\/www.europesays.com\/fr\/wp-json\/wp\/v2\/posts\/488468","targetHints":{"allow":["GET"]}}],"collection":[{"href":"https:\/\/www.europesays.com\/fr\/wp-json\/wp\/v2\/posts"}],"about":[{"href":"https:\/\/www.europesays.com\/fr\/wp-json\/wp\/v2\/types\/post"}],"author":[{"embeddable":true,"href":"https:\/\/www.europesays.com\/fr\/wp-json\/wp\/v2\/users\/2"}],"replies":[{"embeddable":true,"href":"https:\/\/www.europesays.com\/fr\/wp-json\/wp\/v2\/comments?post=488468"}],"version-history":[{"count":0,"href":"https:\/\/www.europesays.com\/fr\/wp-json\/wp\/v2\/posts\/488468\/revisions"}],"wp:featuredmedia":[{"embeddable":true,"href":"https:\/\/www.europesays.com\/fr\/wp-json\/wp\/v2\/media\/488469"}],"wp:attachment":[{"href":"https:\/\/www.europesays.com\/fr\/wp-json\/wp\/v2\/media?parent=488468"}],"wp:term":[{"taxonomy":"category","embeddable":true,"href":"https:\/\/www.europesays.com\/fr\/wp-json\/wp\/v2\/categories?post=488468"},{"taxonomy":"post_tag","embeddable":true,"href":"https:\/\/www.europesays.com\/fr\/wp-json\/wp\/v2\/tags?post=488468"}],"curies":[{"name":"wp","href":"https:\/\/api.w.org\/{rel}","templated":true}]}}