{"id":488475,"date":"2025-10-25T06:26:19","date_gmt":"2025-10-25T06:26:19","guid":{"rendered":"https:\/\/www.europesays.com\/fr\/488475\/"},"modified":"2025-10-25T06:26:19","modified_gmt":"2025-10-25T06:26:19","slug":"la-belle-histoire-michael-brennan-rozner-et-perez-a-la-lutte-pour-le-cut","status":"publish","type":"post","link":"https:\/\/www.europesays.com\/fr\/488475\/","title":{"rendered":"La belle histoire Michael Brennan, Rozner et Perez \u00e0 la lutte pour le cut"},"content":{"rendered":"<p>\t\t\t\t\t\t<img width=\"770\" height=\"556\" src=\"https:\/\/www.europesays.com\/fr\/wp-content\/uploads\/2025\/10\/victor-perez-blessure-epaule-golf-planete-770x556.jpeg\" class=\"img-responsive wp-post-image\" alt=\"Victor Perez Photo by Ben STANSALL \/ AFP\" decoding=\"async\" fetchpriority=\"high\"  \/>\t\t\t\t\t<\/p>\n<p>\t\t\t\t\t\t Partager cet article <\/p>\n<p class=\"screen-reader-text juiz_sps_maybe_hidden_text\">Partager la publication \u00ab\u00a0La belle histoire Michael Brennan, Rozner et Perez \u00e0 la lutte pour le cut\u00a0\u00bb<\/p>\n<p><strong>Un homme s\u2019est extirp\u00e9 du pack en t\u00eate du Utah Bank Championship, apr\u00e8s deux tours du 4e tournoi de la tourn\u00e9e automnale sur le PGA tour. Michael Brennan m\u00e8ne les d\u00e9bats en -10 devant pl\u00e9thore de poursuivants. Antoine Rozner et Victor Perez n\u2019ont pas encore termin\u00e9 mais sont \u00e0 la lutte pour passer le cut.<\/strong><\/p>\n<p>\t\t\t\t\t<a id=\"187716\" href=\"https:\/\/kalika.org\/fr\/actualites\/articles\/pro-am-de-l-hotel-du-palais\" target=\"_blank\" rel=\"sponsorised nofollow noopener\"><img fetchpriority=\"high\" decoding=\"async\" src=\"https:\/\/www.europesays.com\/fr\/wp-content\/uploads\/2025\/09\/kalika-e01-proam-hotel-palais-1170x275-1.jpg\" class=\"img-responsive\" alt=\"\"\/><\/a><\/p>\n<p>Dans cette meute de loups solitaires enrag\u00e9s \u00e0 l\u2019id\u00e9e de sauver leur carte cette semaine dans l\u2019Utah, se trouve un jeune loup que personne n\u2019attendait \u00e0 ce niveau. Son nom ? <strong>Michael Brennan<\/strong> qui vit ce vendredi soir au <strong>Bank of Utah Championship<\/strong>, un r\u00eave \u00e9veill\u00e9.<\/p>\n<p><a href=\"https:\/\/www.pgatour.com\/tournaments\/2025\/bank-of-utah-championship\/R2025554\/leaderboard\" target=\"_blank\" rel=\"noopener nofollow\">Retrouvez le classement complet<\/a><\/p>\n<p>Le jeune joueur am\u00e9ricain de 23 ans originaire de l\u2019\u00e9tat de Virginie ne vous dit peut-\u00eatre rien, et on ne vous en voudra pas, mais il vient cette ann\u00e9e de se faire un nom sur les circuits satellites professionnels du PGA Tour.<\/p>\n<blockquote class=\"twitter-tweet\"><p>&#13;<\/p>\n<p dir=\"ltr\" lang=\"en\">One month ago, Michael Brennan finished No. 1 on <a href=\"https:\/\/twitter.com\/PGATOURAmericas?ref_src=twsrc%5Etfw\" rel=\"nofollow noopener\" target=\"_blank\">@PGATOURAmericas<\/a> to secure 2026 <a href=\"https:\/\/twitter.com\/KornFerryTour?ref_src=twsrc%5Etfw\" rel=\"nofollow noopener\" target=\"_blank\">@KornFerryTour<\/a> membership.<\/p>\n<p>Today, he leads <a href=\"https:\/\/twitter.com\/BOUChampionship?ref_src=twsrc%5Etfw\" rel=\"nofollow noopener\" target=\"_blank\">@BOUChampionship<\/a>. <a href=\"https:\/\/t.co\/89yhvYhZzR\" rel=\"nofollow\">pic.twitter.com\/89yhvYhZzR<\/a><\/p>\n<p>&#13;<br \/>\n&#13;<br \/>\n\u2014 PGA TOUR (@PGATOUR) <a href=\"https:\/\/twitter.com\/PGATOUR\/status\/1981853011736469951?ref_src=twsrc%5Etfw\" rel=\"nofollow noopener\" target=\"_blank\">October 24, 2025<\/a><\/p><\/blockquote>\n<p>Apr\u00e8s son passage en facult\u00e9 du c\u00f4t\u00e9 de <strong>Wake Forest<\/strong> (la m\u00eame que <strong>Matt Fitzpatrick<\/strong> par exemple), Brennan a roul\u00e9 sa bosse du c\u00f4t\u00e9 du <strong>PGA Tour Americas<\/strong> (la troisi\u00e8me division), dont il vient de remporter l\u2019ordre du m\u00e9rite. C\u2019est cette performance qui lui vaut l\u2019honneur d\u2019une invitation cette semaine sur le <strong>Black Desert Resort<\/strong>. Un ticket d\u2019entr\u00e9e qu\u2019il honore \u00e0 merveille puisqu\u2019il occupe la t\u00eate du classement en -10 total apr\u00e8s deux cartes de 67 (-4) et 65 (-6).<\/p>\n<p>\t\t\t\t\t<a id=\"188235\" href=\"https:\/\/www.formigolf.fr\/voyage-pays~rocco-forte-s-verdura-golf--spa-resort-5etoilesl~370~sicile\" target=\"_blank\" rel=\"sponsorised nofollow noopener\"><img decoding=\"async\" src=\"data:image\/svg+xml,%3Csvg%20xmlns=\" http:=\"\" class=\"img-responsive\" alt=\"\" data-lazy-src=\"https:\/\/www.europesays.com\/fr\/wp-content\/uploads\/2025\/10\/formigolf-e10-sicile-verdura-1170x275-1.gif\"\/><\/a><br \/>\nHoma se blesse\u2026 mais se relance !<\/p>\n<p>En pleine op\u00e9ration r\u00e9demption depuis plusieurs mois, l\u2019ex 5e joueur mondial (actuel 130e) <strong>Max Homa<\/strong> a coch\u00e9 cette \u00e9tape dans l\u2019Utah pour redorer son blason. Dans cette qu\u00eate, le Californien ne s\u2019attendait sans doute pas \u00e0 connaitre telle aventure, mais ce vendredi pourrait bien \u00eatre fondateur pour la suite.<\/p>\n<blockquote class=\"twitter-tweet\"><p>&#13;<\/p>\n<p dir=\"ltr\" lang=\"en\">Despite an injury, <a href=\"https:\/\/twitter.com\/Maxhoma?ref_src=twsrc%5Etfw\" rel=\"nofollow noopener\" target=\"_blank\">@MaxHoma<\/a> battles through for a bogey-free 66 <a href=\"https:\/\/twitter.com\/BOUChampionship?ref_src=twsrc%5Etfw\" rel=\"nofollow noopener\" target=\"_blank\">@BOUChampionship<\/a> \ud83d\udcaa <a href=\"https:\/\/t.co\/GkvAkjrxoT\" rel=\"nofollow\">pic.twitter.com\/GkvAkjrxoT<\/a><\/p>\n<p>&#13;<br \/>\n&#13;<br \/>\n\u2014 PGA TOUR (@PGATOUR) <a href=\"https:\/\/twitter.com\/PGATOUR\/status\/1981837212455993855?ref_src=twsrc%5Etfw\" rel=\"nofollow noopener\" target=\"_blank\">October 24, 2025<\/a><\/p><\/blockquote>\n<p>Bless\u00e9 \u00e0 la cheville en d\u00e9but de journ\u00e9e, l\u2019Am\u00e9ricain qui a re\u00e7u un traitement m\u00e9dical sur le parcours, a pr\u00e9f\u00e9r\u00e9 serrer les dents plut\u00f4t que d\u2019abandonner. Bien lui en a pris puisqu\u2019il est aux portes du top 10 apr\u00e8s deux tours et totalement dans le coup pour la victoire avant le week-end.<\/p>\n<p>\t\t\t\t<img loading=\"lazy\" decoding=\"async\" src=\"data:image\/svg+xml,%3Csvg%20xmlns=\" http:=\"\" attributionsrc=\"\" border=\"0\" height=\"1\" width=\"1\" alt=\"Advertisement\" data-lazy-src=\"https:\/\/www.europesays.com\/fr\/wp-content\/uploads\/2025\/10\/B33047934.424844132;dc_trk_aid=615928068;dc_trk_cid=236605808;ord=[timestamp];dc_lat=;dc_rdid=;tag_f.gif\"\/><\/p>\n<p>\t\t\t\t\t<a id=\"179415\" href=\"https:\/\/ad.doubleclick.net\/ddm\/trackclk\/N1153799.3770024GOLFPLANATE\/B33047934.424844132;dc_trk_aid=615928068;dc_trk_cid=236605808;dc_lat=;dc_rdid=;tag_for_child_directed_treatment=;tfua=;gdpr=${GDPR};gdpr_consent=${GDPR_CONSENT_755};ltd=;dc_tdv=1\" target=\"_blank\" rel=\"sponsorised nofollow noopener\"><img decoding=\"async\" src=\"data:image\/svg+xml,%3Csvg%20xmlns=\" http:=\"\" class=\"img-responsive\" alt=\"\" data-lazy-src=\"https:\/\/www.europesays.com\/fr\/wp-content\/uploads\/2025\/07\/callaway-e01-apex-v1-770x385-1.jpg\"\/><\/a><br \/>\nDes erreurs qui coutent cher pour Perez, Rozner sur un fil<\/p>\n<p>Dans les tournois de les Fall Series sur le PGA Tour, il n\u2019est pas rare de devoir scorer une myriade de birdies pour avoir ne serait-ce qu\u2019une chance d\u2019accrocher un top 10. A l\u2019inverse, la moindre erreur de taille vous r\u00e9duit \u00e0 la portion congrue. Imaginez donc trois grosses erreurs en l\u2019espace de deux tours. C\u2019est la m\u00e9saventure v\u00e9cue par <strong>Victor Perez<\/strong> qui a sign\u00e9 3 double-bogeys en l\u2019espace de deux tours. La faute a un driving trop impr\u00e9cis, le Fran\u00e7ais est en passe manquer son 8e cut de la saison, le 2e en trois tournois pour cette tourn\u00e9e automnale. Il lui reste 4 trous pour inverser la tendance.<\/p>\n<p>Du c\u00f4t\u00e9 du Parisien <strong>Antoine Rozner<\/strong>, pas d\u2019erreur majeure \u00e0 signaler mais pas non plus d\u2019\u00e9tincelle n\u00e9cessaire pour aller chercher le gros r\u00e9sultat dont il aurait besoin pour relancer sa saison. Le Fran\u00e7ais a 6 trous pour rester du bon c\u00f4t\u00e9 du cut, puis carte blanche le week-end pour enflammer son golf et ses cartes de scores.<\/p>\n<p>\u00a0<\/p>\n<p>\u00a0<\/p>\n<p>\u00a0<\/p>\n<p>\u00a0<\/p>\n<p>Le Leaderboard \u00e0 l\u2019interruption<\/p>\n<p><img loading=\"lazy\" decoding=\"async\" class=\"alignnone size-full wp-image-189930\" src=\"data:image\/svg+xml,%3Csvg%20xmlns=\" http:=\"\" alt=\"\" width=\"829\" height=\"763\" data-lazy- data-lazy- data-lazy-src=\"https:\/\/www.europesays.com\/fr\/wp-content\/uploads\/2025\/10\/clas-pga-1.png\"\/><\/p>\n<p>\t\t\t\t\t<a id=\"186378\" href=\"https:\/\/www.garmin.com\/fr-FR\/c\/sports-fitness\/golf-gps-devices-smartwatches\/\" target=\"_blank\" rel=\"sponsorised nofollow noopener\"><img decoding=\"async\" src=\"data:image\/svg+xml,%3Csvg%20xmlns=\" http:=\"\" class=\"img-responsive\" alt=\"\" data-lazy-src=\"https:\/\/www.europesays.com\/fr\/wp-content\/uploads\/2025\/06\/garmin-e01-serie-approach-1170x275-1.jpeg\"\/><\/a><\/p>\n<p>Photo : Victor Perez Photo by Ben STANSALL \/ AFP<\/p>\n<p>\t\t\t<script async src=\"https:\/\/platform.twitter.com\/widgets.js\" charset=\"utf-8\"><\/script><\/p>\n","protected":false},"excerpt":{"rendered":"Partager cet article Partager la publication \u00ab\u00a0La belle histoire Michael Brennan, Rozner et Perez \u00e0 la lutte pour&hellip;\n","protected":false},"author":2,"featured_media":488476,"comment_status":"","ping_status":"","sticky":false,"template":"","format":"standard","meta":{"footnotes":""},"categories":[1418],"tags":[1011,27,1472,60],"class_list":{"0":"post-488475","1":"post","2":"type-post","3":"status-publish","4":"format-standard","5":"has-post-thumbnail","7":"category-golf","8":"tag-fr","9":"tag-france","10":"tag-golf","11":"tag-sports"},"share_on_mastodon":{"url":"https:\/\/pubeurope.com\/@fr\/115433385842372116","error":""},"_links":{"self":[{"href":"https:\/\/www.europesays.com\/fr\/wp-json\/wp\/v2\/posts\/488475","targetHints":{"allow":["GET"]}}],"collection":[{"href":"https:\/\/www.europesays.com\/fr\/wp-json\/wp\/v2\/posts"}],"about":[{"href":"https:\/\/www.europesays.com\/fr\/wp-json\/wp\/v2\/types\/post"}],"author":[{"embeddable":true,"href":"https:\/\/www.europesays.com\/fr\/wp-json\/wp\/v2\/users\/2"}],"replies":[{"embeddable":true,"href":"https:\/\/www.europesays.com\/fr\/wp-json\/wp\/v2\/comments?post=488475"}],"version-history":[{"count":0,"href":"https:\/\/www.europesays.com\/fr\/wp-json\/wp\/v2\/posts\/488475\/revisions"}],"wp:featuredmedia":[{"embeddable":true,"href":"https:\/\/www.europesays.com\/fr\/wp-json\/wp\/v2\/media\/488476"}],"wp:attachment":[{"href":"https:\/\/www.europesays.com\/fr\/wp-json\/wp\/v2\/media?parent=488475"}],"wp:term":[{"taxonomy":"category","embeddable":true,"href":"https:\/\/www.europesays.com\/fr\/wp-json\/wp\/v2\/categories?post=488475"},{"taxonomy":"post_tag","embeddable":true,"href":"https:\/\/www.europesays.com\/fr\/wp-json\/wp\/v2\/tags?post=488475"}],"curies":[{"name":"wp","href":"https:\/\/api.w.org\/{rel}","templated":true}]}}