{"id":488516,"date":"2025-10-25T06:54:14","date_gmt":"2025-10-25T06:54:14","guid":{"rendered":"https:\/\/www.europesays.com\/fr\/488516\/"},"modified":"2025-10-25T06:54:14","modified_gmt":"2025-10-25T06:54:14","slug":"en-direct-suivez-montpellier-as-nancy-lorraine-avec-nous","status":"publish","type":"post","link":"https:\/\/www.europesays.com\/fr\/488516\/","title":{"rendered":"En direct. Suivez Montpellier &#8211; AS Nancy Lorraine avec nous !"},"content":{"rendered":"<p>L&rsquo;ASNL, qui ne s&rsquo;est impos\u00e9e qu&rsquo;une seule fois lors des sept derni\u00e8re journ\u00e9es, rend visite ce samedi \u00e0 une formation montpelli\u00e9raine\u00a0en pleine reconstruction apr\u00e8s sa derni\u00e8re saison cauchemardesque\u00a0en Ligue 1. Il serait bon de ne pas revenir bredouille&#8230;<\/p>\n<p>&#13;<br \/>\n              L&rsquo;Est R\u00e9publicain  &#8211; &#13;<br \/>\n        &#13;<br \/>\n          Aujourd&rsquo;hui \u00e0 08:00&#13;<br \/>\n    &#13;<br \/>\n        &#8211; Temps de lecture : &#13;<br \/>\n  &#13;\n<\/p>\n<p>                            <img class=\"placeholder-svg\" loading=\"lazy\" decoding=\"async\" src=\"https:\/\/cdn-files.prsmedia.fr\/files\/REDAC\/images\/svg\/placeholders\/digiteka.svg\" alt=\"Digiteka PlaceHolder\"\/><\/p>\n","protected":false},"excerpt":{"rendered":"L&rsquo;ASNL, qui ne s&rsquo;est impos\u00e9e qu&rsquo;une seule fois lors des sept derni\u00e8re journ\u00e9es, rend visite ce samedi \u00e0&hellip;\n","protected":false},"author":2,"featured_media":488517,"comment_status":"","ping_status":"","sticky":false,"template":"","format":"standard","meta":{"footnotes":""},"categories":[9635],"tags":[1111,11,3703,3545,3602,1707,1704,1706,1705,1777,674,107,1701,63,1011,27,775,3457,1702,12,25,517,1700],"class_list":{"0":"post-488516","1":"post","2":"type-post","3":"status-publish","4":"format-standard","5":"has-post-thumbnail","7":"category-nancy","8":"tag-actu","9":"tag-actualites","10":"tag-asnl","11":"tag-direct-sport","12":"tag-edition-bar-le-duc","13":"tag-edition-luneville","14":"tag-edition-nancy-et-agglomeration","15":"tag-edition-pont-a-mousson","16":"tag-edition-toul","17":"tag-eu","18":"tag-europe","19":"tag-fil-info","20":"tag-fil-info-sport","21":"tag-football","22":"tag-fr","23":"tag-france","24":"tag-grand-est","25":"tag-meurthe-et-moselle","26":"tag-nancy","27":"tag-news","28":"tag-republique-francaise","29":"tag-sport","30":"tag-sport-lorrain"},"share_on_mastodon":{"url":"https:\/\/pubeurope.com\/@fr\/115433496396336118","error":""},"_links":{"self":[{"href":"https:\/\/www.europesays.com\/fr\/wp-json\/wp\/v2\/posts\/488516","targetHints":{"allow":["GET"]}}],"collection":[{"href":"https:\/\/www.europesays.com\/fr\/wp-json\/wp\/v2\/posts"}],"about":[{"href":"https:\/\/www.europesays.com\/fr\/wp-json\/wp\/v2\/types\/post"}],"author":[{"embeddable":true,"href":"https:\/\/www.europesays.com\/fr\/wp-json\/wp\/v2\/users\/2"}],"replies":[{"embeddable":true,"href":"https:\/\/www.europesays.com\/fr\/wp-json\/wp\/v2\/comments?post=488516"}],"version-history":[{"count":0,"href":"https:\/\/www.europesays.com\/fr\/wp-json\/wp\/v2\/posts\/488516\/revisions"}],"wp:featuredmedia":[{"embeddable":true,"href":"https:\/\/www.europesays.com\/fr\/wp-json\/wp\/v2\/media\/488517"}],"wp:attachment":[{"href":"https:\/\/www.europesays.com\/fr\/wp-json\/wp\/v2\/media?parent=488516"}],"wp:term":[{"taxonomy":"category","embeddable":true,"href":"https:\/\/www.europesays.com\/fr\/wp-json\/wp\/v2\/categories?post=488516"},{"taxonomy":"post_tag","embeddable":true,"href":"https:\/\/www.europesays.com\/fr\/wp-json\/wp\/v2\/tags?post=488516"}],"curies":[{"name":"wp","href":"https:\/\/api.w.org\/{rel}","templated":true}]}}