{"id":488518,"date":"2025-10-25T06:55:10","date_gmt":"2025-10-25T06:55:10","guid":{"rendered":"https:\/\/www.europesays.com\/fr\/488518\/"},"modified":"2025-10-25T06:55:10","modified_gmt":"2025-10-25T06:55:10","slug":"une-ouverture-a-prendre-pour-marius-domon-lors-de-toulouse","status":"publish","type":"post","link":"https:\/\/www.europesays.com\/fr\/488518\/","title":{"rendered":"Une ouverture \u00e0 prendre pour Marius Domon lors de Toulouse"},"content":{"rendered":"<p class=\"fs-5 \">Depuis le d\u00e9but de la saison, ses courses bien senties et sa gestuelle l\u00e9ch\u00e9e continuent de ravir les passionn\u00e9s toulonnais. Sa pleine r\u00e9ussite face aux perches (85,7 %), quant \u00e0 elle, n\u2019en finit plus de les rassurer.<\/p>\n<p class=\"fs-5 \">Pour s\u00fbr, \u00e0 Toulon, Marius Domon s\u2019est bel et bien fait un nom. Apr\u00e8s avoir d\u2019abord profit\u00e9 de l\u2019absence pour suspension de Melvyn Jaminet lors de la derni\u00e8re saison, l\u2019enfant des Cara\u00efbes a encha\u00een\u00e9, s\u2019imposant comme un \u00e9l\u00e9ment fiable du collectif varois jusqu\u2019au moins de juin. Puis, il est parti en Nouvelle-Z\u00e9lande avec les Bleus durant l\u2019\u00e9t\u00e9\u2026 Avant de retrouver le pied du Faron, riche d\u2019une nouvelle exp\u00e9rience, et toujours plein d\u2019aplomb.<\/p>\n<p>                                                                                Une seule titularisation comme num\u00e9ro 10<\/p>\n<p class=\"fs-5 \">\u00ab Domonstre \u00bb, comme certains aiment l\u2019appeler, a disput\u00e9 cette saison toutes les rencontres du club frapp\u00e9 du muguet. Un signe de la confiance que lui accorde son entra\u00eeneur, Pierre Mignoni, qui va le reconduire ce dimanche soir \u00e0 Toulouse\u2026 Avec encore davantage de responsabilit\u00e9s.<\/p>\n<p class=\"fs-5 \">Chez le champion de France, le moustachu devrait en effet endosser le maillot floqu\u00e9 du \u00ab 10 \u00bb, ce qui fera de lui le chef d\u2019orchestre de la troupe rouge et noir. Un r\u00f4le qu\u2019il a souvent \u00e9t\u00e9 amen\u00e9 \u00e0 occuper avec r\u00e9ussite en cours de partie et chez les jeunes, mais rarement au d\u00e9part d\u2019un match professionnel. Il ne l\u2019a m\u00eame fait qu\u2019une seule fois : \u00e0 Vannes, le 26 avril dernier. C\u2019\u00e9tait alors sans franc succ\u00e8s, puisque le jeune homme (23 ans) avait d\u00e9jou\u00e9 dans le chaudron de la Rabine. \u00ab Marius a tr\u00e8s souvent fait de bonnes rentr\u00e9es \u00e0 ce poste, recadre d\u2019entr\u00e9e Mignoni. Il a juste un peu d\u00e9\u00e7u la saison derni\u00e8re, sur ce match \u00e0 Vannes. Mais il me semble qu\u2019on \u00e9tait 23, en plus du staff, \u00e0 avoir d\u00e9\u00e7u ce jour-l\u00e0. Donc, \u00e9pargnez-lui un peu cette performance. \u00bb<\/p>\n<p class=\"fs-5 \">Il est vrai que, depuis, pour paraphraser le technicien, Domon a rarement \u00e9t\u00e9 en dessous de la moyenne. De plus, les qualit\u00e9s qui sont les siennes en font un candidat cr\u00e9dible pour des titularisations \u00e0 l\u2019ouverture. Car, avec le d\u00e9part pr\u00e9matur\u00e9 d\u2019Enzo Herv\u00e9 en direction de Castres, le RCT ne compte plus que deux ouvreurs de m\u00e9tier dans ses rangs : Paolo Garbisi et Mat\u00e9o Garcia.<\/p>\n<p class=\"fs-5 \">Le premier, international italien, va en plus \u00eatre amen\u00e9 \u00e0 disputer la tourn\u00e9e d\u2019automne (et probablement le prochain Tournoi des Six nations) avec la Squadra Azzurra. Quant au deuxi\u00e8me, recrut\u00e9 \u00e0 l\u2019intersaison puis rapidement bless\u00e9 \u00e0 un genou, il doit encore bien assimiler le syst\u00e8me de jeu. \u00ab Ce n\u2019est pas que Mat\u00e9o n\u2019a pas sa place, justifie Mignoni. Il est dans le groupe pour ce week-end. Mais il arrive dans cette \u00e9quipe et a encore besoin d\u2019un peu de recul. \u00bb<\/p>\n<p class=\"fs-5 \">De l\u00e0 \u00e0 dire que l\u2019option Domon \u00e9tait la plus pr\u00e9f\u00e9rable pour d\u00e9buter lors de cette 8e journ\u00e9e de Top 14, il n\u2019y a qu\u2019un pas : \u00ab Marius est un joueur courageux. Il d\u00e9fend, attaque, a du pied, de l\u2019intelligence\u2026 Il a tous les atouts pour jouer \u00e0 ce poste. Il l\u2019a prouv\u00e9 depuis plus de deux ans. Et je sais que J\u00e9r\u00e9my Sinzelle va beaucoup l\u2019aider autour. Il va donc faire le maximum, et on verra. \u00bb<\/p>\n<p>                                                                                La part belle au jeu<\/p>\n<p class=\"fs-5 \">L\u2019exp\u00e9riment\u00e9 trois-quarts centre, qui a d\u00e9j\u00e0 jou\u00e9 \u00e0 l\u2019ouverture durant sa carri\u00e8re, poursuit en ce sens : \u00ab Je vais surtout essayer de bien placer les avants apr\u00e8s lui. C\u2019est plus g\u00e9rer \u00e7a que Marius lui-m\u00eame. Car Marius va bien se g\u00e9rer, il n\u2019y aura aucun probl\u00e8me. \u00bb Et ce m\u00eame si, dixit Mignoni, \u00ab ce n\u2019est pas le match le plus facile pour jouer \u00e0 ce poste. \u00bb<\/p>\n<p class=\"fs-5 \">D\u2019un autre c\u00f4t\u00e9, n\u00e9anmoins, n\u2019est-ce pas l\u00e0 aussi une belle occasion de prouver, face \u00e0 la meilleure adversit\u00e9 du championnat, sa valeur en tant qu\u2019ouvreur titulaire ? L\u2019entra\u00eeneur toulonnais l\u2019a d\u00e9j\u00e0 confirm\u00e9 ce vendredi en conf\u00e9rence de presse : en plus de Garbisi et Garcia, Domon est plus qu\u2019une option \u00e0 la m\u00e8ne. Alors, pourquoi ne pas saisir l\u2019ouverture et tenter de bousculer la hi\u00e9rarchie, comme il a d\u00e9j\u00e0 pu le faire avec le \u00ab 15 \u00bb dans le dos ?<\/p>\n<p class=\"fs-5 \">\u00ab C\u2019est quelqu\u2019un qui a l\u2019habitude de jouer \u00e0 l\u2019arri\u00e8re, donc il est plut\u00f4t entreprenant et aime jouer, fait valoir Sinzelle. Paolo le fait aussi tr\u00e8s bien. Mais de par son poste d\u2019origine, Marius est plus dans la relance et le d\u00e9placement du ballon. C\u2019est \u00e7a qui est int\u00e9ressant avec lui \u00e0 l\u2019ouverture. \u00bb Et, dimanche soir, l\u2019int\u00e9ress\u00e9 aura probablement \u00e0 c\u0153ur de le montrer.<\/p>\n<p class=\"fs-5 \">Il d\u00e9fend, attaque, a du pied, de l\u2019intelligence&#8230; Il a tous les atouts<\/p>\n<p class=\"fs-5 \">pour jouer \u00e0 ce poste.<\/p>\n","protected":false},"excerpt":{"rendered":"Depuis le d\u00e9but de la saison, ses courses bien senties et sa gestuelle l\u00e9ch\u00e9e continuent de ravir les&hellip;\n","protected":false},"author":2,"featured_media":488519,"comment_status":"","ping_status":"","sticky":false,"template":"","format":"standard","meta":{"footnotes":""},"categories":[9619],"tags":[1111,11,1777,674,1011,27,12,882,3461,25,2310],"class_list":{"0":"post-488518","1":"post","2":"type-post","3":"status-publish","4":"format-standard","5":"has-post-thumbnail","7":"category-toulon","8":"tag-actu","9":"tag-actualites","10":"tag-eu","11":"tag-europe","12":"tag-fr","13":"tag-france","14":"tag-news","15":"tag-provence-alpes-cote-dazur","16":"tag-rct","17":"tag-republique-francaise","18":"tag-toulon"},"share_on_mastodon":{"url":"https:\/\/pubeurope.com\/@fr\/115433499723695423","error":""},"_links":{"self":[{"href":"https:\/\/www.europesays.com\/fr\/wp-json\/wp\/v2\/posts\/488518","targetHints":{"allow":["GET"]}}],"collection":[{"href":"https:\/\/www.europesays.com\/fr\/wp-json\/wp\/v2\/posts"}],"about":[{"href":"https:\/\/www.europesays.com\/fr\/wp-json\/wp\/v2\/types\/post"}],"author":[{"embeddable":true,"href":"https:\/\/www.europesays.com\/fr\/wp-json\/wp\/v2\/users\/2"}],"replies":[{"embeddable":true,"href":"https:\/\/www.europesays.com\/fr\/wp-json\/wp\/v2\/comments?post=488518"}],"version-history":[{"count":0,"href":"https:\/\/www.europesays.com\/fr\/wp-json\/wp\/v2\/posts\/488518\/revisions"}],"wp:featuredmedia":[{"embeddable":true,"href":"https:\/\/www.europesays.com\/fr\/wp-json\/wp\/v2\/media\/488519"}],"wp:attachment":[{"href":"https:\/\/www.europesays.com\/fr\/wp-json\/wp\/v2\/media?parent=488518"}],"wp:term":[{"taxonomy":"category","embeddable":true,"href":"https:\/\/www.europesays.com\/fr\/wp-json\/wp\/v2\/categories?post=488518"},{"taxonomy":"post_tag","embeddable":true,"href":"https:\/\/www.europesays.com\/fr\/wp-json\/wp\/v2\/tags?post=488518"}],"curies":[{"name":"wp","href":"https:\/\/api.w.org\/{rel}","templated":true}]}}