{"id":488542,"date":"2025-10-25T07:10:27","date_gmt":"2025-10-25T07:10:27","guid":{"rendered":"https:\/\/www.europesays.com\/fr\/488542\/"},"modified":"2025-10-25T07:10:27","modified_gmt":"2025-10-25T07:10:27","slug":"le-marche-des-arts-a-nantes-suspendu-aux-departs-et-aux-arrivees-des-commercants","status":"publish","type":"post","link":"https:\/\/www.europesays.com\/fr\/488542\/","title":{"rendered":"Le march\u00e9 des Arts \u00e0 Nantes, suspendu aux d\u00e9parts et aux arriv\u00e9es des commer\u00e7ants"},"content":{"rendered":"<tr wp_automatic_readability=\"6.86\">\n<td valign=\"middle\" align=\"center\" class=\"col-logo\" wp_automatic_readability=\"5\">\n    <img decoding=\"async\" src=\"https:\/\/maville.com\/design\/images\/logo-of-monetise.svg?version=20130627\" alt=\"logo Ouest-France\" height=\"66\"\/><\/p>\n<p>Contenu r\u00e9serv\u00e9 aux abonn\u00e9s<\/p>\n<\/td>\n<td class=\"col-titre\">\n\t\t\tSamedi 25 octobre 2025 07:00<br \/>\n\t\t\t<a class=\"icon-bulle sizeL count\" href=\"#ancreAvis\"><br \/>\n\t&#8230;<br \/>\n<\/a><\/td>\n<\/tr>\n<p>\t\t<a class=\"mavillebox2 elmt-photo\" href=\"https:\/\/maville.com\/photosmvi\/2025\/10\/25\/P35543639D7036483G.jpg\" title=\" La boulangerie Chez Fred, ouverte il y a trois semaines, va servir de locomotive au march\u00e9 des Arts, qui f\u00eate bient\u00f4t sa premi\u00e8re ann\u00e9e.  \u00a9  Ouest-France  \" rel=\"galerie_actu nofollow noopener\" target=\"_blank\"><br \/>\n\t<img decoding=\"async\" src=\"https:\/\/www.europesays.com\/fr\/wp-content\/uploads\/2025\/10\/P35543639D7036483G_crop_640-330_.jpg\" alt=\"photo  la boulangerie chez fred, ouverte il y a trois semaines, va servir de locomotive au march\u00e9 des arts, qui f\u00eate bient\u00f4t sa premi\u00e8re ann\u00e9e.  \u00a9  ouest-france \"\/><br \/>\n\t7<br \/>\n<\/a><\/p>\n<p class=\"elmt-legende\"> La boulangerie Chez Fred, ouverte il y a trois semaines, va servir de locomotive au march\u00e9 des Arts, qui f\u00eate bient\u00f4t sa premi\u00e8re ann\u00e9e.  \u00a9  Ouest-France  <\/p>\n<p><a class=\"mavillebox2\" href=\"https:\/\/maville.com\/photosmvi\/2025\/10\/25\/P35543640D7036483G.jpg\" title=\"J\u00e9r\u00e9my Quinty, responsable de la boulangerie Chez Fred, deuxi\u00e8me boutique apr\u00e8s celle de Bouguenais, dirig\u00e9e par Fred \u00c9pi\u00e9. \u00a9  Ouest-France \" rel=\"galerie_actu nofollow noopener\" target=\"_blank\"><a class=\"mavillebox2\" href=\"https:\/\/maville.com\/photosmvi\/2025\/10\/25\/P35543641D7036483G.jpg\" title=\"Boulevard de la Prairie-au-Duc, la nouvelle boulangerie offre une plus grande visibilit\u00e9 au march\u00e9 des Arts. \u00a9  Ouest-France \" rel=\"galerie_actu nofollow noopener\" target=\"_blank\"><a class=\"mavillebox2\" href=\"https:\/\/maville.com\/photosmvi\/2025\/10\/25\/P35543642D7036483G.jpg\" title=\"Le futur bistrot des Arts est en travaux, l\u2019ouverture est pr\u00e9vue \u00e0 la fin de cette ann\u00e9e. \u00a9  Ouest-France \" rel=\"galerie_actu nofollow noopener\" target=\"_blank\"><a class=\"mavillebox2\" href=\"https:\/\/maville.com\/photosmvi\/2025\/10\/25\/P35543643D7036483G.jpg\" title=\"Le traiteur m\u00e9diterran\u00e9en Kalamata, qui arrivait du food hall Magmaa, a d\u00e9finitivement baiss\u00e9 le rideau au march\u00e9 des Arts. \u00a9  Ouest-France \" rel=\"galerie_actu nofollow noopener\" target=\"_blank\"><a class=\"mavillebox2\" href=\"https:\/\/maville.com\/photosmvi\/2025\/10\/25\/P35543644D7036483G.jpg\" title=\"Joris Pedron est le responsable du banc de la Ferme de la for\u00eat, qui propose r\u00f4tisserie, volaille et lapins. \u00a9  Ouest-France \" rel=\"galerie_actu nofollow noopener\" target=\"_blank\"><a class=\"mavillebox2\" href=\"https:\/\/maville.com\/photosmvi\/2025\/10\/25\/P35543645D7036483G.jpg\" title=\"L\u2019enseigne de torr\u00e9faction Tinto, lanc\u00e9e par le Costaricain Andy Valerio et le Colombien Luis Renteria. \u00a9  Ouest-France \" rel=\"galerie_actu nofollow noopener\" target=\"_blank\"><\/p>\n<p>\t\tParmi les arriv\u00e9es au march\u00e9 des Arts, sur l\u2019\u00eele de Nantes (Loire-Atlantique), une boulangerie, un bistrot, une \u00e9picerie corse, un traiteur laotien\u2026 Dans le m\u00eame temps, quelques d\u00e9parts laissent un go\u00fbt d\u2019inachev\u00e9. La patience reste de mise, disent certains commer\u00e7ants.<\/p>\n<p><b>Cet article est r\u00e9serv\u00e9 aux abonn\u00e9s<\/b><\/p>\n<p>Pour un acc\u00e8s imm\u00e9diat, abonnez-vous<\/p>\n<p><b>1\u00e8re semaine offerte<\/b><\/p>\n<p>\t\t Christian MEAS. \u00a0\u00a0<br \/>\n\t\tOuest-France<\/p>\n<p>Retrouvez d&rsquo;autres actus sur la commune de :<\/p>\n<p>\t\t&#13;<\/p>\n","protected":false},"excerpt":{"rendered":"Contenu r\u00e9serv\u00e9 aux abonn\u00e9s Samedi 25 octobre 2025 07:00 &#8230; 7 La boulangerie Chez Fred, ouverte il y&hellip;\n","protected":false},"author":2,"featured_media":488543,"comment_status":"","ping_status":"","sticky":false,"template":"","format":"standard","meta":{"footnotes":""},"categories":[2818],"tags":[1111,11,27277,1348,7230,16162,1777,674,1011,27,2089,766,12,2636,25,20719],"class_list":{"0":"post-488542","1":"post","2":"type-post","3":"status-publish","4":"format-standard","5":"has-post-thumbnail","7":"category-nantes","8":"tag-actu","9":"tag-actualites","10":"tag-arrivees","11":"tag-arts","12":"tag-commercants","13":"tag-departs","14":"tag-eu","15":"tag-europe","16":"tag-fr","17":"tag-france","18":"tag-marche","19":"tag-nantes","20":"tag-news","21":"tag-pays-de-la-loire","22":"tag-republique-francaise","23":"tag-suspendu"},"share_on_mastodon":{"url":"https:\/\/pubeurope.com\/@fr\/115433558882399679","error":""},"_links":{"self":[{"href":"https:\/\/www.europesays.com\/fr\/wp-json\/wp\/v2\/posts\/488542","targetHints":{"allow":["GET"]}}],"collection":[{"href":"https:\/\/www.europesays.com\/fr\/wp-json\/wp\/v2\/posts"}],"about":[{"href":"https:\/\/www.europesays.com\/fr\/wp-json\/wp\/v2\/types\/post"}],"author":[{"embeddable":true,"href":"https:\/\/www.europesays.com\/fr\/wp-json\/wp\/v2\/users\/2"}],"replies":[{"embeddable":true,"href":"https:\/\/www.europesays.com\/fr\/wp-json\/wp\/v2\/comments?post=488542"}],"version-history":[{"count":0,"href":"https:\/\/www.europesays.com\/fr\/wp-json\/wp\/v2\/posts\/488542\/revisions"}],"wp:featuredmedia":[{"embeddable":true,"href":"https:\/\/www.europesays.com\/fr\/wp-json\/wp\/v2\/media\/488543"}],"wp:attachment":[{"href":"https:\/\/www.europesays.com\/fr\/wp-json\/wp\/v2\/media?parent=488542"}],"wp:term":[{"taxonomy":"category","embeddable":true,"href":"https:\/\/www.europesays.com\/fr\/wp-json\/wp\/v2\/categories?post=488542"},{"taxonomy":"post_tag","embeddable":true,"href":"https:\/\/www.europesays.com\/fr\/wp-json\/wp\/v2\/tags?post=488542"}],"curies":[{"name":"wp","href":"https:\/\/api.w.org\/{rel}","templated":true}]}}