{"id":488550,"date":"2025-10-25T07:14:09","date_gmt":"2025-10-25T07:14:09","guid":{"rendered":"https:\/\/www.europesays.com\/fr\/488550\/"},"modified":"2025-10-25T07:14:09","modified_gmt":"2025-10-25T07:14:09","slug":"un-nouveau-centre-de-livraisons-va-sortir-de-terre","status":"publish","type":"post","link":"https:\/\/www.europesays.com\/fr\/488550\/","title":{"rendered":"un nouveau centre de livraisons va sortir de terre"},"content":{"rendered":"<p>            Par<br \/>\n        <strong><br \/>\n            <a href=\"https:\/\/actu.fr\/auteur\/margot-fournie\" title=\"Consulter tous les articles de Margot Fournie\" target=\"_blank\" rel=\"noopener\">Margot Fournie<\/a><br \/>\n        <\/strong><\/p>\n<p>        Publi\u00e9 le<\/p>\n<p>            25 oct. 2025 \u00e0 9h06        <\/p>\n<p>L\u2019\u00c9tat a autoris\u00e9 Airbus \u00e0 am\u00e9nager son foncier. Une permission de d\u00e9roger \u00e0 la loi <a href=\"https:\/\/actu.fr\/societe\/loi-climat-le-parlement-doit-adopter-le-texte-un-tournant-ecologique-pour-l-executif_43560072.html\" target=\"_blank\" rel=\"noopener\">Climat et R\u00e9silience de 2021<\/a>, gr\u00e2ce \u00e0 laquelle le site Jean-Luc Lagard\u00e8re, <a href=\"https:\/\/actu.fr\/occitanie\/blagnac_31069\/toulouse-une-cathedrale-industrielle-chez-airbus-decouvrez-cet-edifice-geant_59841075.html\" target=\"_blank\" rel=\"noopener\">v\u00e9ritable cath\u00e9drale industrielle<\/a>, va pouvoir <strong>s\u2019agrandir de 18 hectares \u00e0 Toulouse<\/strong>. Le site devrait arriver \u00e0 maturit\u00e9 d\u2019ici \u00e0 2028 \u2013 d\u00e9but 2029. L\u2019ambition de l\u2019avionneur est simple\u2009: <a href=\"https:\/\/actu.fr\/occitanie\/toulouse_31555\/le-benefice-net-d-airbus-atteint-des-sommets-le-groupe-va-accelerer-sa-cadence-de-production_62274747.html\" target=\"_blank\" rel=\"noopener\">faire monter en cadence<\/a> tous <strong>ses programmes<\/strong> et permettre \u00e0 Airbus de r\u00e9pondre \u00e0 la demande mondiale d\u2019avions commerciaux. On vous en dit plus sur ce projet.<\/p>\n<p>Un nouveau centre de livraison, une zone d\u2019essais en vol\u2026<\/p>\n<p class=\" wall-content\">Sur le site implant\u00e9 sur les communes de Blagnac et Cornebarrieu, Airbus va b\u00e2tir un nouveau hangar. Ce dernier va servir \u00e0 l\u2019<strong>am\u00e9nagement des cabines<\/strong> des avions A330 et A350.<\/p>\n<p class=\" wall-content\">\u00c0 ce hangar va s\u2019ajouter des halles, d\u00e9j\u00e0 pr\u00e9sentes, et qui \u00e9taient d\u00e9di\u00e9es auparavant \u00e0 l\u2019A380.<\/p>\n<p class=\" wall-content\">En parall\u00e8le, un <strong>nouveau centre de livraison<\/strong> est en cours de construction. Il est destin\u00e9 aux avions de la famille A320. \u00c0 cela devrait encore s\u2019ajouter six hangars o\u00f9 seront effectu\u00e9es des retouches. Mais aussi une zone ext\u00e9rieure qui servira \u00e0 faire des essais en vol.<\/p>\n<p>Objectif\u2009: livrer jusqu\u2019\u00e0 75 avions A320 par mois en 2027<\/p>\n<p class=\" wall-content\">Gr\u00e2ce \u00e0 ces chantiers, l\u2019ouverture d\u2019une <strong>nouvelle ligne d\u2019assemblage<\/strong> pour les avions de la famille des A320 en 2026, Airbus envisage de livrer 75 avions A320 par mois \u00e0 l\u2019horizon 2027. Mais aussi stabiliser la <strong>livraison<\/strong> des appareils <strong>A330 \u00e0 quatre par mois<\/strong>.<\/p>\n<p class=\" wall-content\">En attendant, les commandes ne faiblissent pas. Indigo, <a href=\"https:\/\/actu.fr\/occitanie\/toulouse_31555\/airbus-son-plus-gros-client-confirme-une-nouvelle-commande-ferme-c-est-un-jour-special_63317520.html\" target=\"_blank\" rel=\"noopener\">son plus gros client<\/a>, en a confirm\u00e9 une il y a peu de temps. Et l\u2019avionneur a d\u00e9j\u00e0 commenc\u00e9 \u00e0 <a href=\"https:\/\/actu.fr\/occitanie\/toulouse_31555\/airbus-booste-ses-livraisons-d-a320-pour-detroner-son-eternel-rival-boeing_63274732.html\" target=\"_blank\" rel=\"noopener\">booster ses livraisons<\/a>.<\/p>\n<p class=\" wall-content\">Personnalisez votre actualit\u00e9 en ajoutant vos villes et m\u00e9dias en favori avec <a href=\"https:\/\/moncompte.actu.fr\" title=\"D\u00e9couvez Mon Actu\" rel=\"nofollow noopener\" data-trk=\"{&quot;cta&quot;:{&quot;action&quot;:&quot;https:\\\/\\\/moncompte.actu.fr&quot;,&quot;category&quot;:&quot;mon compte&quot;,&quot;from&quot;:&quot;article footer&quot;,&quot;name&quot;:&quot;Mon actu&quot;,&quot;type&quot;:&quot;cta&quot;}}\" target=\"_blank\">Mon Actu<\/a>.<\/p>\n","protected":false},"excerpt":{"rendered":"Par Margot Fournie Publi\u00e9 le 25 oct. 2025 \u00e0 9h06 L\u2019\u00c9tat a autoris\u00e9 Airbus \u00e0 am\u00e9nager son foncier.&hellip;\n","protected":false},"author":2,"featured_media":488551,"comment_status":"","ping_status":"","sticky":false,"template":"","format":"standard","meta":{"footnotes":""},"categories":[2816],"tags":[1111,11,36,33,436,1777,674,1011,27,693,12,2680,25,2312],"class_list":{"0":"post-488550","1":"post","2":"type-post","3":"status-publish","4":"format-standard","5":"has-post-thumbnail","7":"category-toulouse","8":"tag-actu","9":"tag-actualites","10":"tag-airbus","11":"tag-economie","12":"tag-environnement","13":"tag-eu","14":"tag-europe","15":"tag-fr","16":"tag-france","17":"tag-industrie","18":"tag-news","19":"tag-occitanie","20":"tag-republique-francaise","21":"tag-toulouse"},"share_on_mastodon":{"url":"https:\/\/pubeurope.com\/@fr\/115433574503961492","error":""},"_links":{"self":[{"href":"https:\/\/www.europesays.com\/fr\/wp-json\/wp\/v2\/posts\/488550","targetHints":{"allow":["GET"]}}],"collection":[{"href":"https:\/\/www.europesays.com\/fr\/wp-json\/wp\/v2\/posts"}],"about":[{"href":"https:\/\/www.europesays.com\/fr\/wp-json\/wp\/v2\/types\/post"}],"author":[{"embeddable":true,"href":"https:\/\/www.europesays.com\/fr\/wp-json\/wp\/v2\/users\/2"}],"replies":[{"embeddable":true,"href":"https:\/\/www.europesays.com\/fr\/wp-json\/wp\/v2\/comments?post=488550"}],"version-history":[{"count":0,"href":"https:\/\/www.europesays.com\/fr\/wp-json\/wp\/v2\/posts\/488550\/revisions"}],"wp:featuredmedia":[{"embeddable":true,"href":"https:\/\/www.europesays.com\/fr\/wp-json\/wp\/v2\/media\/488551"}],"wp:attachment":[{"href":"https:\/\/www.europesays.com\/fr\/wp-json\/wp\/v2\/media?parent=488550"}],"wp:term":[{"taxonomy":"category","embeddable":true,"href":"https:\/\/www.europesays.com\/fr\/wp-json\/wp\/v2\/categories?post=488550"},{"taxonomy":"post_tag","embeddable":true,"href":"https:\/\/www.europesays.com\/fr\/wp-json\/wp\/v2\/tags?post=488550"}],"curies":[{"name":"wp","href":"https:\/\/api.w.org\/{rel}","templated":true}]}}