{"id":488566,"date":"2025-10-25T07:24:12","date_gmt":"2025-10-25T07:24:12","guid":{"rendered":"https:\/\/www.europesays.com\/fr\/488566\/"},"modified":"2025-10-25T07:24:12","modified_gmt":"2025-10-25T07:24:12","slug":"une-medium-un-enseignant-un-informaticien-dix-personnes-jugees-pour-cyberharcelement-sexiste-envers-brigitte-macron-a-paris","status":"publish","type":"post","link":"https:\/\/www.europesays.com\/fr\/488566\/","title":{"rendered":"Une m\u00e9dium, un enseignant, un informaticien&#8230; Dix personnes jug\u00e9es pour cyberharc\u00e8lement sexiste envers Brigitte Macron \u00e0 Paris"},"content":{"rendered":"<p class=\"paragraph text_align_left lp-f-body-02\">\u00c9lu, galeriste, enseignant, m\u00e9dium, ou encore informaticien : huit hommes et deux femmes seront jug\u00e9s lundi et mardi devant le tribunal correctionnel de Paris pour <a href=\"https:\/\/www.leparisien.fr\/politique\/rumeurs-transphobes-pourquoi-brigitte-macron-doit-fournir-des-preuves-dans-son-proces-pour-diffamation-contre-candace-owens-19-09-2025-EWKER5334JDDFPJRVXQX34DRXQ.php\" target=\"_self\" rel=\"nofollow noopener\">cyberharc\u00e8lement sexiste<\/a> \u00e0 l\u2019encontre de <a href=\"https:\/\/www.leparisien.fr\/politique\/brigitte-macron\/\" target=\"_self\" rel=\"nofollow noopener\">Brigitte Macron<\/a>.<\/p>\n<p class=\"paragraph text_align_left lp-f-body-02\">Ce proc\u00e8s intervient apr\u00e8s que le couple pr\u00e9sidentiel a engag\u00e9, fin juillet, des poursuites <a href=\"https:\/\/www.leparisien.fr\/international\/etats-unis\/\" target=\"_self\" rel=\"nofollow noopener\">aux \u00c9tats-Unis<\/a> pour diffamation, en lien avec une infox virale sur la transsexualit\u00e9 suppos\u00e9e de l\u2019\u00e9pouse du chef de l\u2019\u00c9tat.<\/p>\n<p class=\"paragraph text_align_left lp-f-body-02\">Les pr\u00e9venus \u00e2g\u00e9s de 41 \u00e0 60 ans sont soup\u00e7onn\u00e9s d\u2019avoir tenu \u00e0 l\u2019\u00e9gard de Brigitte Macron de nombreux propos malveillants sur son \u00ab genre \u00bb, sa \u00ab sexualit\u00e9 \u00bb, assimilant sa diff\u00e9rence d\u2019\u00e2ge avec son mari \u00e0 de la \u00ab p\u00e9dophilie \u00bb, selon le parquet de Paris.<\/p>\n<p class=\"paragraph text_align_left lp-f-body-02\">L\u2019enqu\u00eate pour cyberharc\u00e8lement a \u00e9t\u00e9 confi\u00e9e \u00e0 la brigade de r\u00e9pression de la d\u00e9linquance contre la personne (BRDP) apr\u00e8s une plainte d\u00e9pos\u00e9e par Brigitte Macron le 27 ao\u00fbt 2024, conduisant \u00e0 plusieurs vagues d\u2019interpellations, notamment en d\u00e9cembre 2024 et en f\u00e9vrier 2025. Sollicit\u00e9 par l\u2019AFP, l\u2019avocat de Brigitte Macron, Me Jean Ennochi, n\u2019a pas donn\u00e9 suite, ni voulu dire si la Premi\u00e8re dame serait pr\u00e9sente ou absente \u00e0 l\u2019audience.<\/p>\n<p class=\"lp-card-podcast-highlighting__title  lp-f-subtitle-05\">[2\/2] Drogues dures et corps plong\u00e9 dans l\u2019acide\u00a0: la d\u00e9rive sordide de deux \u00e9tudiants brillants<\/p>\n<p class=\"lp-card-podcast-highlighting__description lp-f-ui-05\">Crime story raconte chaque semaine les grandes affaires criminelles.<\/p>\n<p><a class=\"lp-card-podcast-highlighting__call-to-action\" data-page-type=\"HP\" data-block-name=\"podcast-highlight\">\u00c9couter<\/a>Certains profils d\u00e9j\u00e0 connus<\/p>\n<p class=\"paragraph text_align_left lp-f-body-02\">Parmi les pr\u00e9venus, le publicitaire Aur\u00e9lien Poirson-Atlan, 41 ans, connu et suivi sur les r\u00e9seaux sociaux sous <a href=\"https:\/\/www.leparisien.fr\/faits-divers\/lhomme-derriere-zoe-sagan-et-trois-autres-personnes-jugees-en-juillet-a-paris-apres-une-plainte-de-brigitte-macron-12-12-2024-QXZCOFGAYJGWPDFVIBAPTAU5ZU.php\" target=\"_self\" rel=\"nofollow noopener\">le pseudonyme de \u00ab Zo\u00e9 Sagan \u00bb<\/a>. Son compte X, suspendu depuis, a fait l\u2019objet de plusieurs plaintes et est souvent pr\u00e9sent\u00e9 comme li\u00e9 aux sph\u00e8res complotistes.<\/p>\n<p class=\"paragraph text_align_left lp-f-body-02\">Outre ses propos visant Brigitte Macron, \u00ab Zo\u00e9 Sagan \u00bb est connu pour avoir diffus\u00e9 sur les r\u00e9seaux sociaux <a href=\"https:\/\/www.leparisien.fr\/faits-divers\/affaire-des-videos-intimes-de-benjamin-griveaux-alexandra-de-taddeo-relaxee-en-appel-31-01-2025-O6OFT6LKSJEQFIA6DQ32GIZTJQ.php\" target=\"_self\" rel=\"nofollow noopener\">les vid\u00e9os \u00e0 caract\u00e8re sexuel de Benjamin Griveaux<\/a>, macroniste qui avait renonc\u00e9 en f\u00e9vrier 2020 \u00e0 briguer la mairie de Paris pour le parti pr\u00e9sidentiel \u00e0 la suite du scandale.<\/p>\n<p class=\"paragraph text_align_left lp-f-body-02\">La \u00ab m\u00e9dium \u00bb, \u00ab journaliste \u00bb et \u00ab lanceuse d\u2019alerte \u00bb de 51 ans, Delphine J., connue sous le pseudo d\u2019Amandine Roy, sera \u00e9galement jug\u00e9e. Elle a largement contribu\u00e9 \u00e0 relayer la rumeur selon laquelle Brigitte Macron, n\u00e9e Trogneux, serait en r\u00e9alit\u00e9 une femme transgenre dont le pr\u00e9nom de naissance \u00e9tait Jean-Michel. Delphine J. n\u2019a fait que \u00ab rebondir sur l\u2019actualit\u00e9 \u00bb, selon son avocate, Maud Marian, ajoutant \u00ab qu\u2019aucun message n\u2019a directement \u00e9t\u00e9 adress\u00e9 \u00e0 Mme Macron. \u00bb<\/p>\n<p class=\"paragraph text_align_left lp-f-body-02\">Condamn\u00e9e pour diffamation en premi\u00e8re instance en septembre 2024 par la justice fran\u00e7aise, aux c\u00f4t\u00e9s de <a href=\"https:\/\/www.leparisien.fr\/faits-divers\/rumeurs-transphobes-sur-brigitte-macron-deux-femmes-qui-avaient-propage-lintox-relaxees-en-appel-10-07-2025-WFUHMGTQXVA57BDOPDYGPXTZUI.php\" target=\"_self\" rel=\"nofollow noopener\">Natacha Rey<\/a>, \u00e0 payer plusieurs milliers d\u2019euros de dommages et int\u00e9r\u00eats \u00e0 Brigitte Macron et 5 000 \u00e0 son fr\u00e8re Jean-Michel Trogneux, elle a \u00e9t\u00e9 relax\u00e9e en appel le 10 juillet dernier. Brigitte Macron et son fr\u00e8re se sont pourvus en cassation contre cette d\u00e9cision. <\/p>\n<p>Une infox devenue virale aux \u00c9tats-Unis<\/p>\n<p class=\"paragraph text_align_left lp-f-body-02\">L\u2019\u00e9cart d\u2019\u00e2ge de 24 ans entre les \u00e9poux Macron explique en partie la propagation de cette rumeur qui s\u2019est export\u00e9e bien au-del\u00e0 du pays.<\/p>\n<p class=\"paragraph text_align_left lp-f-body-02\">N\u00e9e d\u00e8s l\u2019\u00e9lection d\u2019Emmanuel Macron en 2017, l\u2019infox transphobe est devenue virale aux \u00c9tats-Unis o\u00f9 le couple pr\u00e9sidentiel a engag\u00e9 cet \u00e9t\u00e9 des poursuites contre la <a href=\"https:\/\/www.leparisien.fr\/politique\/candace-owens-invitee-de-marion-marechal-macron-n-est-pas-un-leader-fort-21-09-2019-8156766.php\" target=\"_self\" rel=\"nofollow noopener\">podcasteuse d\u2019extr\u00eame droite Candace Owens<\/a>, auteure d\u2019une s\u00e9rie de vid\u00e9os intitul\u00e9e \u00ab Becoming Brigitte \u00bb (\u00ab Devenir Brigitte \u00bb).<\/p>\n<p class=\"title-embed-dailymotion lp-color-text lp-f-subtitle-04\">Vid\u00e9oTransphobe, antis\u00e9mite&#8230; Candace Owens, l&rsquo;influenceuse qui propage les rumeurs sur Brigitte Macron<\/p>\n<p class=\"paragraph text_align_left lp-f-body-02\">Plusieurs des personnes qui seront jug\u00e9es \u00e0 Paris pour cyberharc\u00e8lement ont relay\u00e9 des publications de l\u2019influenceuse MAGA. Sur une Une d\u00e9tourn\u00e9e du magazine Time, o\u00f9 Brigitte Macron appara\u00eet en \u00ab homme de l\u2019ann\u00e9e \u00bb, on peut lire le mot \u00ab Excellent \u00bb.<\/p>\n<p class=\"paragraph text_align_left lp-f-body-02\">Dans une autre publication, un pr\u00e9venu relaie la pr\u00e9sence de \u00ab 2 000 personnes \u00bb pr\u00eates \u00e0 aller faire du \u00ab porte-\u00e0-porte \u00e0 Amiens pour y voir clair dans l\u2019affaire Brigitte \u00bb, promettant l\u2019implication de blogueurs am\u00e9ricains. Les pr\u00e9venus encourent jusqu\u2019\u00e0 deux ans d\u2019emprisonnement.<\/p>\n","protected":false},"excerpt":{"rendered":"\u00c9lu, galeriste, enseignant, m\u00e9dium, ou encore informaticien : huit hommes et deux femmes seront jug\u00e9s lundi et mardi&hellip;\n","protected":false},"author":2,"featured_media":488567,"comment_status":"","ping_status":"","sticky":false,"template":"","format":"standard","meta":{"footnotes":""},"categories":[1888],"tags":[1111,1928,11,1927,1777,674,118,1011,27,12,1926,626,1925,316,25],"class_list":{"0":"post-488566","1":"post","2":"type-post","3":"status-publish","4":"format-standard","5":"has-post-thumbnail","7":"category-paris","8":"tag-actu","9":"tag-actu-paris","10":"tag-actualites","11":"tag-actualites-paris","12":"tag-eu","13":"tag-europe","14":"tag-faits-divers","15":"tag-fr","16":"tag-france","17":"tag-news","18":"tag-news-paris","19":"tag-paris","20":"tag-paris-news","21":"tag-politique","22":"tag-republique-francaise"},"share_on_mastodon":{"url":"https:\/\/pubeurope.com\/@fr\/115433613822035737","error":""},"_links":{"self":[{"href":"https:\/\/www.europesays.com\/fr\/wp-json\/wp\/v2\/posts\/488566","targetHints":{"allow":["GET"]}}],"collection":[{"href":"https:\/\/www.europesays.com\/fr\/wp-json\/wp\/v2\/posts"}],"about":[{"href":"https:\/\/www.europesays.com\/fr\/wp-json\/wp\/v2\/types\/post"}],"author":[{"embeddable":true,"href":"https:\/\/www.europesays.com\/fr\/wp-json\/wp\/v2\/users\/2"}],"replies":[{"embeddable":true,"href":"https:\/\/www.europesays.com\/fr\/wp-json\/wp\/v2\/comments?post=488566"}],"version-history":[{"count":0,"href":"https:\/\/www.europesays.com\/fr\/wp-json\/wp\/v2\/posts\/488566\/revisions"}],"wp:featuredmedia":[{"embeddable":true,"href":"https:\/\/www.europesays.com\/fr\/wp-json\/wp\/v2\/media\/488567"}],"wp:attachment":[{"href":"https:\/\/www.europesays.com\/fr\/wp-json\/wp\/v2\/media?parent=488566"}],"wp:term":[{"taxonomy":"category","embeddable":true,"href":"https:\/\/www.europesays.com\/fr\/wp-json\/wp\/v2\/categories?post=488566"},{"taxonomy":"post_tag","embeddable":true,"href":"https:\/\/www.europesays.com\/fr\/wp-json\/wp\/v2\/tags?post=488566"}],"curies":[{"name":"wp","href":"https:\/\/api.w.org\/{rel}","templated":true}]}}