{"id":488568,"date":"2025-10-25T07:25:26","date_gmt":"2025-10-25T07:25:26","guid":{"rendered":"https:\/\/www.europesays.com\/fr\/488568\/"},"modified":"2025-10-25T07:25:26","modified_gmt":"2025-10-25T07:25:26","slug":"on-ne-se-sent-pas-juges-a-paris-avec-les-fanas-de-lhyrox-la-nouvelle-discipline-sportive-en-vogue","status":"publish","type":"post","link":"https:\/\/www.europesays.com\/fr\/488568\/","title":{"rendered":"\u00ab\u00a0On ne se sent pas jug\u00e9s\u00a0\u00bb\u00a0: \u00e0 Paris avec les fanas de l\u2019Hyrox, la nouvelle discipline sportive en vogue"},"content":{"rendered":"<p class=\"paragraph text_align_left lp-f-body-02\">\u00ab J\u2019en ai entendu parler sur les r\u00e9seaux sociaux, explique Mathilde (20 ans), originaire de Tours (<a href=\"https:\/\/www.leparisien.fr\/indre-et-loire-37\/\" target=\"_blank\" rel=\"noreferrer nofollow noopener\">Indre-et-Loire<\/a>). Et dans la salle o\u00f9 je fais du crossfit, il y avait de la pub sur l\u2019Hyrox. \u00bb Venu avec son copain, Mathieu (23 ans), Mathilde est impressionn\u00e9e par l\u2019ambiance \u00e0 la porte de Versailles (<a href=\"https:\/\/www.leparisien.fr\/paris-75\/paris-75015\/\" target=\"_blank\" rel=\"noreferrer nofollow noopener\">XVe arrondissement de Paris<\/a>). \u00ab Il y a une super ambiance. On ne se sent pas jug\u00e9s. On se bat contre nous-m\u00eames et pas contre les autres. Quand je pense qu\u2019il y a cinq mois encore, je ne courrais jamais. Aujourd\u2019hui, je fais mes 8 km \u00e0 mon rythme. \u00bb Mathieu acquiesce : \u00ab Il y en a pour tous les \u00e2ges et tous les niveaux. Cela fait longtemps que je voulais en faire. Ce sport pr\u00f4ne le d\u00e9passement de soi. Et c\u2019est gratifiant de voir \u00e0 quel point on peut repousser nos limites. \u00bb<\/p>\n","protected":false},"excerpt":{"rendered":"\u00ab J\u2019en ai entendu parler sur les r\u00e9seaux sociaux, explique Mathilde (20 ans), originaire de Tours (Indre-et-Loire). Et&hellip;\n","protected":false},"author":2,"featured_media":488569,"comment_status":"","ping_status":"","sticky":false,"template":"","format":"standard","meta":{"footnotes":""},"categories":[1888],"tags":[1111,1928,11,1927,1777,674,1011,27,12,1926,626,1925,25,60],"class_list":{"0":"post-488568","1":"post","2":"type-post","3":"status-publish","4":"format-standard","5":"has-post-thumbnail","7":"category-paris","8":"tag-actu","9":"tag-actu-paris","10":"tag-actualites","11":"tag-actualites-paris","12":"tag-eu","13":"tag-europe","14":"tag-fr","15":"tag-france","16":"tag-news","17":"tag-news-paris","18":"tag-paris","19":"tag-paris-news","20":"tag-republique-francaise","21":"tag-sports"},"share_on_mastodon":{"url":"https:\/\/pubeurope.com\/@fr\/115433618029840918","error":""},"_links":{"self":[{"href":"https:\/\/www.europesays.com\/fr\/wp-json\/wp\/v2\/posts\/488568","targetHints":{"allow":["GET"]}}],"collection":[{"href":"https:\/\/www.europesays.com\/fr\/wp-json\/wp\/v2\/posts"}],"about":[{"href":"https:\/\/www.europesays.com\/fr\/wp-json\/wp\/v2\/types\/post"}],"author":[{"embeddable":true,"href":"https:\/\/www.europesays.com\/fr\/wp-json\/wp\/v2\/users\/2"}],"replies":[{"embeddable":true,"href":"https:\/\/www.europesays.com\/fr\/wp-json\/wp\/v2\/comments?post=488568"}],"version-history":[{"count":0,"href":"https:\/\/www.europesays.com\/fr\/wp-json\/wp\/v2\/posts\/488568\/revisions"}],"wp:featuredmedia":[{"embeddable":true,"href":"https:\/\/www.europesays.com\/fr\/wp-json\/wp\/v2\/media\/488569"}],"wp:attachment":[{"href":"https:\/\/www.europesays.com\/fr\/wp-json\/wp\/v2\/media?parent=488568"}],"wp:term":[{"taxonomy":"category","embeddable":true,"href":"https:\/\/www.europesays.com\/fr\/wp-json\/wp\/v2\/categories?post=488568"},{"taxonomy":"post_tag","embeddable":true,"href":"https:\/\/www.europesays.com\/fr\/wp-json\/wp\/v2\/tags?post=488568"}],"curies":[{"name":"wp","href":"https:\/\/api.w.org\/{rel}","templated":true}]}}