{"id":488594,"date":"2025-10-25T07:45:12","date_gmt":"2025-10-25T07:45:12","guid":{"rendered":"https:\/\/www.europesays.com\/fr\/488594\/"},"modified":"2025-10-25T07:45:12","modified_gmt":"2025-10-25T07:45:12","slug":"augustin-gallerne-en-n3-actualite","status":"publish","type":"post","link":"https:\/\/www.europesays.com\/fr\/488594\/","title":{"rendered":"Augustin Gallerne en N3 &#8211; Actualit\u00e9"},"content":{"rendered":"<p style=\"text-align: justify;\">Apr\u00e8s une premi\u00e8re saison en Espoir riche de plusieurs Top 5, Augustin Gallerne rejoint l&rsquo;U23 Cycling Project Gedzilla.com. Le coureur restera licenci\u00e9 au VCS Altkirch car le club alsacien rejoint l&rsquo;entente en N3.<\/p>\n<p>Augustin Gallerne, 19 ans, s&rsquo;est distingu\u00e9 avec la 2e place du Grand Prix de Charvieu-Chavagneux. Il compte sept autres Top 5 : 2e du Grand Prix de Saint-Di\u00e9-des-Vosges, 4e du Crit\u00e9rium de Saint-Louis, du Grand Prix de Vendenheim, du Grand Prix de Saint-Ly\u00e9, du Grand Prix d&rsquo;Erstein, 5e du Crit\u00e9rium d&rsquo;Erstein et de Tout Eckbo \u00e0 V\u00e9lo. L&rsquo;an dernier, chez les Juniors, il avait gagn\u00e9 <a href=\"https:\/\/www.directvelo.com\/actualite\/115464\/augustin-gallerne-la-premiere-pour-sa-derniere\" target=\"_blank\" rel=\"noopener\"><strong>la derni\u00e8re \u00e9tape de la Classique des Bourbons<\/strong><\/a>.<\/p>\n<p>Suivez toutes les mutations de\u00a0l&rsquo;intersaison 2025-2026\u00a0<a href=\"https:\/\/www.directvelo.com\/mutations\/2026\" target=\"_blank\" rel=\"noopener\"><strong>en cliquant ici<\/strong><\/a>.<\/p>\n","protected":false},"excerpt":{"rendered":"Apr\u00e8s une premi\u00e8re saison en Espoir riche de plusieurs Top 5, Augustin Gallerne rejoint l&rsquo;U23 Cycling Project Gedzilla.com.&hellip;\n","protected":false},"author":2,"featured_media":488595,"comment_status":"","ping_status":"","sticky":false,"template":"","format":"standard","meta":{"footnotes":""},"categories":[1411],"tags":[834,828,836,829,837,827,83,826,824,823,1154,207,814,817,815,816,822,821,832,211,839,1011,27,820,818,819,835,831,830,833,838,60,212,208,825],"class_list":{"0":"post-488594","1":"post","2":"type-post","3":"status-publish","4":"format-standard","5":"has-post-thumbnail","7":"category-cyclisme","8":"tag-attaque","9":"tag-belgique","10":"tag-braquet","11":"tag-bretagne","12":"tag-chute","13":"tag-competition","14":"tag-coupe-de-france","15":"tag-coureur","16":"tag-course-cyclisme","17":"tag-course-cycliste","18":"tag-cycling","19":"tag-cyclisme","20":"tag-direct","21":"tag-direct-velo","22":"tag-directvelo","23":"tag-directvelo-com","24":"tag-epreuve","25":"tag-epreuve-cycliste","26":"tag-federation-francaise-de-cyclisme","27":"tag-ffc","28":"tag-flandres","29":"tag-fr","30":"tag-france","31":"tag-live","32":"tag-live-course","33":"tag-live-epreuve","34":"tag-peloton","35":"tag-radio-peloton","36":"tag-radio-tour","37":"tag-ravitaillement","38":"tag-relance","39":"tag-sports","40":"tag-uci","41":"tag-velo","42":"tag-velos"},"share_on_mastodon":{"url":"https:\/\/pubeurope.com\/@fr\/115433696372339081","error":""},"_links":{"self":[{"href":"https:\/\/www.europesays.com\/fr\/wp-json\/wp\/v2\/posts\/488594","targetHints":{"allow":["GET"]}}],"collection":[{"href":"https:\/\/www.europesays.com\/fr\/wp-json\/wp\/v2\/posts"}],"about":[{"href":"https:\/\/www.europesays.com\/fr\/wp-json\/wp\/v2\/types\/post"}],"author":[{"embeddable":true,"href":"https:\/\/www.europesays.com\/fr\/wp-json\/wp\/v2\/users\/2"}],"replies":[{"embeddable":true,"href":"https:\/\/www.europesays.com\/fr\/wp-json\/wp\/v2\/comments?post=488594"}],"version-history":[{"count":0,"href":"https:\/\/www.europesays.com\/fr\/wp-json\/wp\/v2\/posts\/488594\/revisions"}],"wp:featuredmedia":[{"embeddable":true,"href":"https:\/\/www.europesays.com\/fr\/wp-json\/wp\/v2\/media\/488595"}],"wp:attachment":[{"href":"https:\/\/www.europesays.com\/fr\/wp-json\/wp\/v2\/media?parent=488594"}],"wp:term":[{"taxonomy":"category","embeddable":true,"href":"https:\/\/www.europesays.com\/fr\/wp-json\/wp\/v2\/categories?post=488594"},{"taxonomy":"post_tag","embeddable":true,"href":"https:\/\/www.europesays.com\/fr\/wp-json\/wp\/v2\/tags?post=488594"}],"curies":[{"name":"wp","href":"https:\/\/api.w.org\/{rel}","templated":true}]}}