{"id":488611,"date":"2025-10-25T07:56:10","date_gmt":"2025-10-25T07:56:10","guid":{"rendered":"https:\/\/www.europesays.com\/fr\/488611\/"},"modified":"2025-10-25T07:56:10","modified_gmt":"2025-10-25T07:56:10","slug":"ne-coupez-pas-vos-fleurs-fanees-tout-de-suite-les-paysagistes-revelent-pourquoi-il-vaut-mieux-attendre","status":"publish","type":"post","link":"https:\/\/www.europesays.com\/fr\/488611\/","title":{"rendered":"Ne coupez pas vos fleurs fan\u00e9es tout de suite ! Les paysagistes r\u00e9v\u00e8lent pourquoi il vaut mieux attendre"},"content":{"rendered":"<p>L&rsquo;arriv\u00e9e de la Toussaint et les premi\u00e8res gel\u00e9es transforment les massifs et bordures des jardins fran\u00e7ais en v\u00e9ritables tableaux d&rsquo;automne. Pourtant, beaucoup s&rsquo;arment de s\u00e9cateurs pour faire table rase d\u00e8s qu&rsquo;une fleur se fane. Est-ce un r\u00e9flexe \u00e0 repenser ? Les paysagistes estiment que laisser les fleurs fan\u00e9es sur place pourrait bien m\u00e9tamorphoser l&rsquo;aspect, la sant\u00e9 et la biodiversit\u00e9 de tout jardin paysager. Entre design naturel, respect du vivant et id\u00e9es pour l&rsquo;hiver, il existe de <strong>nombreuses raisons<\/strong> de retarder le grand nettoyage\u2026 m\u00eame si, \u00e0 premi\u00e8re vue, quelques tiges d\u00e9color\u00e9es jurent sur le gazon ou la terrasse.<\/p>\n<p>Quand la nature fait le spectacle : pourquoi les fleurs fan\u00e9es ont encore leur r\u00f4le \u00e0 jouer<\/p>\n<p>Contrairement aux id\u00e9es re\u00e7ues, les fleurs fan\u00e9es ne sont pas uniquement synonymes de laisser-aller au jardin. Leur pr\u00e9sence amorce une nouvelle sc\u00e8ne, <strong>riche d&rsquo;avantages insoup\u00e7onn\u00e9s<\/strong>, \u00e0 l&rsquo;heure o\u00f9 le froid s&rsquo;installe et que la vie ext\u00e9rieure se fait plus discr\u00e8te.<\/p>\n<p> Un refuge hivernal pour les insectes et autres petites cr\u00e9atures<\/p>\n<p>En automne, de nombreuses plantes annuelles et vivaces, une fois fleuries, offrent \u00e0 la petite faune un abri providentiel. <strong>Tiges creuses, feuilles s\u00e8ches et inflorescences fan\u00e9es<\/strong> font office de duvet naturel pour coccinelles, chrysopes, perce-oreilles ou papillons en attente du printemps. Ces micro-habitats contribuent \u00e0 pr\u00e9server un \u00e9quilibre dans la biodiversit\u00e9 du jardin, stimulent la pr\u00e9sence d&rsquo;auxiliaires essentiels et favorisent, \u00e0 long terme, la <strong>vitalit\u00e9 des massifs<\/strong> et du potager.<\/p>\n<p> Prot\u00e9ger la richesse du sol gr\u00e2ce \u00e0 la couverture v\u00e9g\u00e9tale<\/p>\n<p>Durant l&rsquo;hiver, les fleurs fan\u00e9es et leur feuillage servent de <a href=\"https:\/\/journaldesseniors.20minutes.fr\/maison\/voici-pourquoi-les-amateurs-de-bien-etre-eco-responsable-ne-jurent-que-par-la-diatomite\/\" target=\"_blank\" rel=\"noopener\">paillis naturel<\/a>. En conservant l&rsquo;humidit\u00e9 et la temp\u00e9rature du sol, ils limitent le d\u00e9veloppement des mousses ind\u00e9sirables dans la pelouse et emp\u00eachent le lessivage des terres lors des pluies automnales, notamment sur les all\u00e9es, en pente ou au pied de haies. En se d\u00e9composant lentement, ils apportent une <strong>pr\u00e9cieuse mati\u00e8re organique<\/strong>, enrichissant le substrat sans recourir \u00e0 des engrais chimiques.<\/p>\n<p> Les \u00e9tonnantes nuances et textures pour sublimer votre jardin en hiver<\/p>\n<p>Loin de ternir l&rsquo;esth\u00e9tique du jardin, <strong>les t\u00eates de fleurs s\u00e9ch\u00e9es ajoutent reliefs, touches dor\u00e9es, bruns profonds et fins givre le matin<\/strong>. Elles cr\u00e9ent un design naturel qui se remarque particuli\u00e8rement en novembre et d\u00e9cembre, quand le jardin zen ou les alternatives \u00e0 la pelouse prennent tout leur sens. Les ombelles d&rsquo;achill\u00e9es ou de fenouil, les panicules d&rsquo;hortensias et les tiges d&rsquo;\u00e9chinac\u00e9es offrent ainsi un <strong>spectacle vivant<\/strong>, \u00e0 appr\u00e9cier depuis la terrasse lors des matin\u00e9es automnales.<\/p>\n<p>Les secrets des paysagistes : des vivaces et annuelles pr\u00e9cieuses apr\u00e8s floraison<\/p>\n<p>Si les professionnels du jardin paysager recommandent de ne pas tout tailler \u00e0 l&rsquo;automne, c&rsquo;est qu&rsquo;ils connaissent la v\u00e9ritable richesse des vivaces et annuelles apr\u00e8s leur floraison. Certaines esp\u00e8ces deviennent m\u00eame les <strong>stars de l&rsquo;hiver<\/strong> par leur capacit\u00e9 \u00e0 structurer l&rsquo;espace ou \u00e0 pr\u00e9server la vie.<\/p>\n<p> Les plantes stars \u00e0 ne surtout pas couper trop vite<\/p>\n<p>Quelques incontournables \u00e0 pr\u00e9server sur place pour maximiser les b\u00e9n\u00e9fices \u00e9cologiques et d\u00e9coratifs :<\/p>\n<ul>\n<li><strong>Cosmos et zinnias<\/strong>, dont les t\u00eates offrent abri et graines appr\u00e9ci\u00e9es des oiseaux.<\/li>\n<li><strong>\u00c9chinac\u00e9es, rudbeckias, chardons, verges d&rsquo;or<\/strong>, pour leurs tiges solides et silhouettes graphiques.<\/li>\n<li><strong>Gramin\u00e9es (pennisetum, miscanthus)<\/strong> : en gardant leurs plumets, ils apportent mouvement aux massifs et ralentissent le vent, tout en prot\u00e9geant le sol sec.<\/li>\n<li><strong>Hortensias<\/strong> : leurs inflorescences prennent de subtiles teintes cuivr\u00e9es jusqu&rsquo;en f\u00e9vrier.<\/li>\n<\/ul>\n<p> Comment les professionnels exploitent les fan\u00e9es pour un jardin vivant toute l&rsquo;ann\u00e9e<\/p>\n<p>En laissant volontairement en place certaines annuelles fan\u00e9es et les vivaces les plus robustes, <strong>les paysagistes structurent le jardin durant la saison froide<\/strong>. Ils cr\u00e9ent des zones-refuge pour la biodiversit\u00e9 et offrent un d\u00e9cor changeant, travers\u00e9 par la lumi\u00e8re rase de l&rsquo;hiver. Cette approche donne aussi un rythme au nettoyage du jardin : les interventions m\u00e9caniques se rar\u00e9fient, pour le <strong>plus grand b\u00e9n\u00e9fice<\/strong> de la faune et du sol.<\/p>\n<p>Le ballet hivernal dans votre jardin : l&rsquo;int\u00e9r\u00eat \u00e9cologique insoup\u00e7onn\u00e9<\/p>\n<p>En automne-hiver, chaque massif devient un microcosme. Les choix d&rsquo;entretien impactent l&rsquo;\u00e9quilibre naturel et peuvent rendre le jardin bien plus <strong>vivant et dynamique<\/strong>\u2026 m\u00eame au c\u0153ur de la basse saison.<\/p>\n<p> Nourrir les oiseaux et la biodiversit\u00e9 locale gr\u00e2ce aux graines et tiges laiss\u00e9es<\/p>\n<p>Laisser les <strong>graines sur pied<\/strong> offre un garde-manger pr\u00e9cieux aux m\u00e9sanges, chardonnerets ou moineaux, \u00e0 une \u00e9poque o\u00f9 la nourriture se fait rare. Les tiges s\u00e8ches accueillent col\u00e9opt\u00e8res et araign\u00e9es, tandis que les escargots trouvent refuge sous les touffes \u00e9paisses. Cette richesse attire tout un cort\u00e8ge de petits visiteurs, formant une <strong>surveillance naturelle<\/strong> contre les ravageurs printaniers.<\/p>\n<p> Lutter naturellement contre l&rsquo;\u00e9rosion et les mauvaises herbes<\/p>\n<p>Les parties a\u00e9riennes pr\u00e9serv\u00e9es cr\u00e9ent une sorte de couverture anti-\u00e9rosion pour le sol, id\u00e9ale sur les terrains en pente ou dans les jardins m\u00e9diterran\u00e9ens. En limitant l&rsquo;opportunisme des adventices (mauvaises herbes), cette couverture de d\u00e9chets v\u00e9g\u00e9taux \u00e9vite le d\u00e9sherbage intensif au printemps et favorise la <strong>sant\u00e9 globale<\/strong> de la pelouse et des bordures.<\/p>\n<p>Oser un nouveau regard : conseils pratiques pour profiter de vos plantes fan\u00e9es<\/p>\n<p>Changer de perspective sur les fleurs fan\u00e9es, c&rsquo;est aussi adopter des astuces simples pour maintenir son jardin attrayant tout en lui permettant de <strong>respirer naturellement<\/strong> jusqu&rsquo;au printemps.<\/p>\n<p> Les astuces pour conserver l&rsquo;\u00e9quilibre esth\u00e9tique sans n\u00e9gliger la vitalit\u00e9 du jardin<\/p>\n<p>Voici quelques conseils de jardinier paysagiste \u00e0 int\u00e9grer dans sa routine d&rsquo;octobre \u00e0 f\u00e9vrier :<\/p>\n<ul>\n<li><strong>S\u00e9lectionner<\/strong> : conserver les tiges robustes et d\u00e9coratives, couper seulement ce qui est v\u00e9ritablement ab\u00eem\u00e9 ou malade.<\/li>\n<li>Structurer ses massifs gr\u00e2ce \u00e0 un panachage de formes et de hauteurs, en gardant gramin\u00e9es, alliums et ombellif\u00e8res.<\/li>\n<li><strong>Installer quelques \u00e9l\u00e9ments d\u00e9coratifs<\/strong> (lanternes, paillage color\u00e9) pour d\u00e9tourner l&rsquo;attention des zones en repos v\u00e9g\u00e9tatif.<\/li>\n<li>\u00c9viter le broyage ou la coupe rase sur l&rsquo;ensemble du jardin : privil\u00e9gier une taille au cas par cas.<\/li>\n<\/ul>\n<p> \u00c0 quel moment intervenir pour pr\u00e9parer le retour du printemps<\/p>\n<p>La meilleure p\u00e9riode pour tailler et nettoyer les <strong>parties fan\u00e9es<\/strong> se situe vers la fin de l&rsquo;hiver, lorsque les gels s\u00e9v\u00e8res diminuent (souvent courant mars, selon la r\u00e9gion). Une taille douce \u00e0 ce moment redonne de la vigueur \u00e0 vos plantes, tout en laissant le temps aux petits habitants et aux graines de profiter au maximum de leur <strong>abri hivernal<\/strong>.<\/p>\n<p> Ce que l&rsquo;hiver r\u00e9serve \u00e0 votre jardin gr\u00e2ce aux fleurs fan\u00e9es<\/p>\n<p>Alors que le froid s&rsquo;installe fin octobre, chaque d\u00e9cision prise vis-\u00e0-vis des fleurs fan\u00e9es fa\u00e7onne la sant\u00e9 et la beaut\u00e9 du jardin \u00e0 venir.<\/p>\n<p> Les b\u00e9n\u00e9fices cumul\u00e9s pour vos plantations et la faune<\/p>\n<p><strong>Laisser en place certaines annuelles fan\u00e9es permet de prot\u00e9ger le sol, abriter la petite faune et offrir de nouvelles textures d\u00e9coratives jusqu&rsquo;au printemps<\/strong>. C&rsquo;est un triple avantage : moindre travail d&rsquo;entretien, jardin plus r\u00e9silient et biodiversit\u00e9 renforc\u00e9e, pour une <strong>relance spectaculaire<\/strong> des massifs d\u00e8s les premiers rayons de soleil printaniers.<\/p>\n<p>Pourquoi changer ses habitudes, c&rsquo;est donner une seconde vie \u00e0 son espace vert<\/p>\n<p>Les pratiques traditionnelles, dict\u00e9es par la recherche de propret\u00e9, c\u00e8dent peu \u00e0 peu la place \u00e0 un entretien raisonn\u00e9. Offrir \u00e0 son jardin cette pause hivernale, c&rsquo;est cr\u00e9er un refuge discret mais pr\u00e9cieux, tout en r\u00e9duisant les d\u00e9penses et les interventions superflues. Au fond, il s&rsquo;agit de <strong>renouer avec les cycles naturels<\/strong> et de mieux comprendre le rythme du vivant pour des espaces verts v\u00e9ritablement durables.<\/p>\n<p>Ne pas couper imm\u00e9diatement ses fleurs fan\u00e9es, c&rsquo;est tendre la main \u00e0 la biodiversit\u00e9, donner du caract\u00e8re \u00e0 la saison froide et nourrir la promesse d&rsquo;un printemps plus \u00e9clatant. Il appartient d\u00e9sormais \u00e0 chacun d&rsquo;adopter cette nouvelle perspective et d&rsquo;observer son jardin se transformer magnifiquement au fil des saisons.<\/p>\n","protected":false},"excerpt":{"rendered":"L&rsquo;arriv\u00e9e de la Toussaint et les premi\u00e8res gel\u00e9es transforment les massifs et bordures des jardins fran\u00e7ais en v\u00e9ritables&hellip;\n","protected":false},"author":2,"featured_media":488612,"comment_status":"","ping_status":"","sticky":false,"template":"","format":"standard","meta":{"footnotes":""},"categories":[7],"tags":[1011,27,56,43,40,41,39,42,44],"class_list":{"0":"post-488611","1":"post","2":"type-post","3":"status-publish","4":"format-standard","5":"has-post-thumbnail","7":"category-sciences-et-technologies","8":"tag-fr","9":"tag-france","10":"tag-push","11":"tag-science","12":"tag-science-and-technology","13":"tag-sciences","14":"tag-sciences-et-technologies","15":"tag-technologies","16":"tag-technology"},"share_on_mastodon":{"url":"https:\/\/pubeurope.com\/@fr\/115433739702299870","error":""},"_links":{"self":[{"href":"https:\/\/www.europesays.com\/fr\/wp-json\/wp\/v2\/posts\/488611","targetHints":{"allow":["GET"]}}],"collection":[{"href":"https:\/\/www.europesays.com\/fr\/wp-json\/wp\/v2\/posts"}],"about":[{"href":"https:\/\/www.europesays.com\/fr\/wp-json\/wp\/v2\/types\/post"}],"author":[{"embeddable":true,"href":"https:\/\/www.europesays.com\/fr\/wp-json\/wp\/v2\/users\/2"}],"replies":[{"embeddable":true,"href":"https:\/\/www.europesays.com\/fr\/wp-json\/wp\/v2\/comments?post=488611"}],"version-history":[{"count":0,"href":"https:\/\/www.europesays.com\/fr\/wp-json\/wp\/v2\/posts\/488611\/revisions"}],"wp:featuredmedia":[{"embeddable":true,"href":"https:\/\/www.europesays.com\/fr\/wp-json\/wp\/v2\/media\/488612"}],"wp:attachment":[{"href":"https:\/\/www.europesays.com\/fr\/wp-json\/wp\/v2\/media?parent=488611"}],"wp:term":[{"taxonomy":"category","embeddable":true,"href":"https:\/\/www.europesays.com\/fr\/wp-json\/wp\/v2\/categories?post=488611"},{"taxonomy":"post_tag","embeddable":true,"href":"https:\/\/www.europesays.com\/fr\/wp-json\/wp\/v2\/tags?post=488611"}],"curies":[{"name":"wp","href":"https:\/\/api.w.org\/{rel}","templated":true}]}}