{"id":488615,"date":"2025-10-25T07:58:18","date_gmt":"2025-10-25T07:58:18","guid":{"rendered":"https:\/\/www.europesays.com\/fr\/488615\/"},"modified":"2025-10-25T07:58:18","modified_gmt":"2025-10-25T07:58:18","slug":"la-thailande-veut-avancer-la-signature-de-la-paix-avec-le-cambodge-apres-le-deces-de-la-reine-mere","status":"publish","type":"post","link":"https:\/\/www.europesays.com\/fr\/488615\/","title":{"rendered":"La Tha\u00eflande veut avancer la signature de la paix avec le Cambodge apr\u00e8s le d\u00e9c\u00e8s de la reine m\u00e8re"},"content":{"rendered":"<p>\n    Le premier ministre Anutin Charnvirakul a retard\u00e9 son d\u00e9part apr\u00e8s la mort de l\u2019ancienne reine Sirikit Kitiyakorn, figure puissante de la royaut\u00e9 tha\u00eflandaise.<\/p>\n<p class=\"fig-paragraph\">Le premier ministre tha\u00eflandais a retard\u00e9 samedi son d\u00e9part pour le\u00a0<a href=\"http:\/\/www.lefigaro.fr\/international\/courtisee-par-la-chine-l-asie-du-sud-est-tente-d-amadouer-trump-20251024\" data-fig-type=\"Article\" data-gtm-custom-categorie=\"navigation\" data-gtm-custom-action=\"crossclick\" data-gtm-custom-label=\"Contextuel\" data-gtm-event=\"customEventSPE\" data-fig-domain=\"LEFIGARO\" rel=\"nofollow noopener\" target=\"_blank\">sommet de l&rsquo;Asean en Malaisie<\/a>, en raison du d\u00e9c\u00e8s de la reine m\u00e8re, Sirikit Kitiyakorn, \u00e9pouse de Bhumibol Adulyadej qui a r\u00e9gn\u00e9 sur la Tha\u00eflande pendant 70 ans et m\u00e8re du monarque actuel. Toutefois, il a d\u00e9clar\u00e9 vouloir s&rsquo;y rendre pour signer un accord de paix avec le Cambodge en pr\u00e9sence de\u00a0<a href=\"http:\/\/www.lefigaro.fr\/international\/donald-trump-entame-une-tournee-asiatique-a-forts-enjeux-pour-tenter-d-apaiser-les-tensions-commerciales-20251024\" data-fig-type=\"Article\" data-gtm-custom-categorie=\"navigation\" data-gtm-custom-action=\"crossclick\" data-gtm-custom-label=\"Contextuel\" data-gtm-event=\"customEventSPE\" data-fig-domain=\"LEFIGARO\" rel=\"nofollow noopener\" target=\"_blank\">Donald Trump<\/a>.<\/p>\n<p class=\"fig-paragraph\">\u00abJ&rsquo;ai annul\u00e9 mon voyage en Malaisie aujourd&rsquo;hui. Cependant, concernant l&rsquo;accord de paix entre la Tha\u00eflande et le Cambodge avec le premier ministre de la Malaisie et le pr\u00e9sident des \u00c9tats-Unis, je leur ai demand\u00e9 de le reprogrammer pour demain matin\u00bb, a d\u00e9clar\u00e9 \u00e0 la presse Anutin Charnvirakul, lors d&rsquo;une retransmission t\u00e9l\u00e9vis\u00e9e.<\/p>\n","protected":false},"excerpt":{"rendered":"Le premier ministre Anutin Charnvirakul a retard\u00e9 son d\u00e9part apr\u00e8s la mort de l\u2019ancienne reine Sirikit Kitiyakorn, figure&hellip;\n","protected":false},"author":2,"featured_media":488616,"comment_status":"","ping_status":"","sticky":false,"template":"","format":"standard","meta":{"footnotes":""},"categories":[5],"tags":[11,33442,9265,1011,27,14,12,2403,1684,28],"class_list":{"0":"post-488615","1":"post","2":"type-post","3":"status-publish","4":"format-standard","5":"has-post-thumbnail","7":"category-international","8":"tag-actualites","9":"tag-asean","10":"tag-cambodge","11":"tag-fr","12":"tag-france","13":"tag-international","14":"tag-news","15":"tag-paix","16":"tag-thailande","17":"tag-world"},"share_on_mastodon":{"url":"https:\/\/pubeurope.com\/@fr\/115433747544577296","error":""},"_links":{"self":[{"href":"https:\/\/www.europesays.com\/fr\/wp-json\/wp\/v2\/posts\/488615","targetHints":{"allow":["GET"]}}],"collection":[{"href":"https:\/\/www.europesays.com\/fr\/wp-json\/wp\/v2\/posts"}],"about":[{"href":"https:\/\/www.europesays.com\/fr\/wp-json\/wp\/v2\/types\/post"}],"author":[{"embeddable":true,"href":"https:\/\/www.europesays.com\/fr\/wp-json\/wp\/v2\/users\/2"}],"replies":[{"embeddable":true,"href":"https:\/\/www.europesays.com\/fr\/wp-json\/wp\/v2\/comments?post=488615"}],"version-history":[{"count":0,"href":"https:\/\/www.europesays.com\/fr\/wp-json\/wp\/v2\/posts\/488615\/revisions"}],"wp:featuredmedia":[{"embeddable":true,"href":"https:\/\/www.europesays.com\/fr\/wp-json\/wp\/v2\/media\/488616"}],"wp:attachment":[{"href":"https:\/\/www.europesays.com\/fr\/wp-json\/wp\/v2\/media?parent=488615"}],"wp:term":[{"taxonomy":"category","embeddable":true,"href":"https:\/\/www.europesays.com\/fr\/wp-json\/wp\/v2\/categories?post=488615"},{"taxonomy":"post_tag","embeddable":true,"href":"https:\/\/www.europesays.com\/fr\/wp-json\/wp\/v2\/tags?post=488615"}],"curies":[{"name":"wp","href":"https:\/\/api.w.org\/{rel}","templated":true}]}}