{"id":488617,"date":"2025-10-25T07:59:11","date_gmt":"2025-10-25T07:59:11","guid":{"rendered":"https:\/\/www.europesays.com\/fr\/488617\/"},"modified":"2025-10-25T07:59:11","modified_gmt":"2025-10-25T07:59:11","slug":"devant-lenm-gerald-darmanin-engage-la-magistrature-a-faire-son-aggiornamento","status":"publish","type":"post","link":"https:\/\/www.europesays.com\/fr\/488617\/","title":{"rendered":"Devant l\u2019ENM, G\u00e9rald Darmanin engage la magistrature \u00e0 faire son aggiornamento"},"content":{"rendered":"<p>\n    <strong>D\u00c9CRYPTAGE &#8211;<\/strong> Le ministre de la justice incite les magistrats \u00e0 se rapprocher de la soci\u00e9t\u00e9 fran\u00e7aise.<\/p>\n<p class=\"fig-paragraph\">Pris \u00e0 revers. La visite d\u2019un ministre de la justice \u00e0 l\u2019\u00e9cole nationale de la magistrature (ENM), \u00e0 Bordeaux est toujours un exercice \u00e0 haut risque qui en dit toujours long sur les relations difficiles, entre magistrats et politiques. Surtout quand il s\u2019agit d\u2019annoncer une r\u00e9forme que l\u2019on promet d\u2019envergure.\u00a0<a href=\"http:\/\/www.lefigaro.fr\/actualite-france\/il-diffuse-un-etrange-message-la-future-visite-de-gerald-darmanin-a-nicolas-sarkozy-en-prison-irrite-la-magistrature-20251020\" target=\"_blank\" data-fig-type=\"Article\" rel=\"noopener\" data-gtm-custom-categorie=\"navigation\" data-gtm-custom-action=\"crossclick\" data-gtm-custom-label=\"Contextuel\" data-gtm-event=\"customEventSPE\" data-fig-domain=\"LEFIGARO\">G\u00e9rald Darmanin<\/a>\u00a0qui vendredi s\u2019y est rendu, avait piment\u00e9 la rencontre, en prenant soin, la veille, d\u2019en annoncer les grandes lignes sur X\u00a0: une r\u00e9forme du concours et du recrutement en profondeur, l\u2019introduction de modules d\u2019enseignement consacr\u00e9 au monde \u00e9conomique et financier, \u00e0 la connaissance des rouages administratifs et \u00e9tatiques, des cours de management, et l\u2019obligation \u00e0 la mobilit\u00e9 du corps. Des pistes qu\u2019une mission de pr\u00e9figuration anim\u00e9e par un non-magistrat d\u00e9battra pendant trois mois.<\/p>\n<p class=\"fig-paragraph\">Cela a suffi pour mobiliser d\u2019un seul coup d\u2019un seul les 468 auditeurs de justice, la Promotion \u00ab\u00c9tat de droit\u00bb dite encore la \u00abPromotion des 500\u00bb chauff\u00e9e \u00e0 blanc par toutes les\u2026<\/p>\n<p class=\"fig-premium-paywall__infos\">\n        Cet article est r\u00e9serv\u00e9 aux abonn\u00e9s.        Il vous reste 86% \u00e0 d\u00e9couvrir.\n    <\/p>\n<p>                <img  data- alt=\"Le Figaro\" class=\"fig-img--complete fig-img\"\/><\/p>\n<p class=\"fig-premium-paywall__title\">Vous avez envie de lire la suite ?<\/p>\n<p class=\"fig-premium-paywall__subtitle\">D\u00e9bloquez tous les articles imm\u00e9diatement.<\/p>\n<p class=\"fig-premium-paywall__connect\">\n                D\u00e9j\u00e0 abonn\u00e9\u00a0?                <a class=\"fig-premium-paywall__connect-link\" href=\"https:\/\/connect.lefigaro.fr\/login?client=horizon_web&amp;type=main&amp;redirect_uri=https%3A%2F%2Fwww.lefigaro.fr%2Factualite-france%2Fdevant-l-enm-gerald-darmanin-engage-la-magistrature-a-faire-son-aggiornamento-20251025\" data-js-gtm=\"{&quot;customCategorie&quot;: &quot;conversion&quot;, &quot;customAction&quot;: &quot;before_Landing_Connexion_paywall_auto&quot;, &quot;customLabel&quot;: &quot;bGVmaWdhcm8uZnJfXzFmMGIwZDgwLTI0N2MtNmQ1ZS05NWM1LWJiYzcwNGRhZDljZF9fQXJ0aWNsZQ==_Devant l\u2019ENM, G\u00e9rald Darmanin engage la magistrature \u00e0 faire son aggiornamento_178&quot;, &quot;customIDSPE&quot;: &quot;bGVmaWdhcm8uZnJfXzFmMGIwZDgwLTI0N2MtNmQ1ZS05NWM1LWJiYzcwNGRhZDljZF9fQXJ0aWNsZQ==&quot;, &quot;event&quot;: &quot;customEventSPE&quot;}\" target=\"_blank\" rel=\"noopener\"><br \/>\n                    Connectez-vous<br \/>\n                <\/a>\n            <\/p>\n","protected":false},"excerpt":{"rendered":"D\u00c9CRYPTAGE &#8211; Le ministre de la justice incite les magistrats \u00e0 se rapprocher de la soci\u00e9t\u00e9 fran\u00e7aise. Pris&hellip;\n","protected":false},"author":2,"featured_media":488618,"comment_status":"","ping_status":"","sticky":false,"template":"","format":"standard","meta":{"footnotes":""},"categories":[4],"tags":[11,1011,27,432,12,25],"class_list":{"0":"post-488617","1":"post","2":"type-post","3":"status-publish","4":"format-standard","5":"has-post-thumbnail","7":"category-france","8":"tag-actualites","9":"tag-fr","10":"tag-france","11":"tag-gerald-darmanin","12":"tag-news","13":"tag-republique-francaise"},"share_on_mastodon":{"url":"https:\/\/pubeurope.com\/@fr\/115433751432989103","error":""},"_links":{"self":[{"href":"https:\/\/www.europesays.com\/fr\/wp-json\/wp\/v2\/posts\/488617","targetHints":{"allow":["GET"]}}],"collection":[{"href":"https:\/\/www.europesays.com\/fr\/wp-json\/wp\/v2\/posts"}],"about":[{"href":"https:\/\/www.europesays.com\/fr\/wp-json\/wp\/v2\/types\/post"}],"author":[{"embeddable":true,"href":"https:\/\/www.europesays.com\/fr\/wp-json\/wp\/v2\/users\/2"}],"replies":[{"embeddable":true,"href":"https:\/\/www.europesays.com\/fr\/wp-json\/wp\/v2\/comments?post=488617"}],"version-history":[{"count":0,"href":"https:\/\/www.europesays.com\/fr\/wp-json\/wp\/v2\/posts\/488617\/revisions"}],"wp:featuredmedia":[{"embeddable":true,"href":"https:\/\/www.europesays.com\/fr\/wp-json\/wp\/v2\/media\/488618"}],"wp:attachment":[{"href":"https:\/\/www.europesays.com\/fr\/wp-json\/wp\/v2\/media?parent=488617"}],"wp:term":[{"taxonomy":"category","embeddable":true,"href":"https:\/\/www.europesays.com\/fr\/wp-json\/wp\/v2\/categories?post=488617"},{"taxonomy":"post_tag","embeddable":true,"href":"https:\/\/www.europesays.com\/fr\/wp-json\/wp\/v2\/tags?post=488617"}],"curies":[{"name":"wp","href":"https:\/\/api.w.org\/{rel}","templated":true}]}}