{"id":488639,"date":"2025-10-25T08:18:13","date_gmt":"2025-10-25T08:18:13","guid":{"rendered":"https:\/\/www.europesays.com\/fr\/488639\/"},"modified":"2025-10-25T08:18:13","modified_gmt":"2025-10-25T08:18:13","slug":"a-betton-francois-brochain1er-adjoint-sera-a-la-tete-dune-liste-qui-mise-sur-la","status":"publish","type":"post","link":"https:\/\/www.europesays.com\/fr\/488639\/","title":{"rendered":"\u00c0 Betton, Fran\u00e7ois Brochain,1er adjoint, sera \u00e0 la t\u00eate d\u2019une liste qui mise sur la"},"content":{"rendered":"<tr wp_automatic_readability=\"8.8363636363636\">\n<td valign=\"middle\" align=\"center\" class=\"col-logo\" wp_automatic_readability=\"5\">\n    <img decoding=\"async\" src=\"https:\/\/maville.com\/design\/images\/logo-of-monetise.svg?version=20130627\" alt=\"logo Ouest-France\" height=\"66\"\/><\/p>\n<p>Contenu r\u00e9serv\u00e9 aux abonn\u00e9s<\/p>\n<\/td>\n<td class=\"col-titre\">\n\t\t\tSamedi 25 octobre 2025 08:01<br \/>\n\t\t\t<a class=\"icon-bulle sizeL count\" href=\"#ancreAvis\"><br \/>\n\t&#8230;<br \/>\n<\/a><\/td>\n<\/tr>\n<p>\t\t<a class=\"mavillebox2 elmt-photo\" href=\"https:\/\/maville.com\/photosmvi\/2025\/10\/25\/P35543779D7036575G.jpg\" title=\" Fran\u00e7ois Brochain \u00e9tait pr\u00e9sident d\u2019une association bettonnaise avant d\u2019entrer au conseil municipal en 2014. Il a occup\u00e9 diff\u00e9rents postes d\u2019adjoint au fil des bient\u00f4t douze\u00a0ans de vie politique locale.  \u00a9  Ville de Betton  \" rel=\"galerie_actu nofollow noopener\" target=\"_blank\"><br \/>\n\t<img decoding=\"async\" src=\"https:\/\/www.europesays.com\/fr\/wp-content\/uploads\/2025\/10\/P35543779D7036575G_crop_640-330_.jpg\" alt=\"photo  fran\u00e7ois brochain \u00e9tait pr\u00e9sident d\u2019une association bettonnaise avant d\u2019entrer au conseil municipal en 2014. il a occup\u00e9 diff\u00e9rents postes d\u2019adjoint au fil des bient\u00f4t douze\u00a0ans de vie politique locale.  \u00a9  ville de betton \"\/><br \/>\n\t1<br \/>\n<\/a><\/p>\n<p class=\"elmt-legende\"> Fran\u00e7ois Brochain \u00e9tait pr\u00e9sident d\u2019une association bettonnaise avant d\u2019entrer au conseil municipal en 2014. Il a occup\u00e9 diff\u00e9rents postes d\u2019adjoint au fil des bient\u00f4t douze\u00a0ans de vie politique locale.  \u00a9  Ville de Betton  <\/p>\n<p>\t\tDans la m\u00e9tropole rennaise, la majorit\u00e9 de Betton s\u2019organise pour les \u00e9lections municipales de 2026. Fran\u00e7ois Brochain, l\u2019actuel premier adjoint, briguera la place de maire avec des \u00e9lus d\u00e9j\u00e0 en poste et beaucoup de nouveaux candidats. \u00ab\u00a0Une liste avec des valeurs de gauche, \u00e9cologique, dans la continuit\u00e9\u00a0\u00bb, r\u00e9sume le Bettonnais.<\/p>\n<p><b>Cet article est r\u00e9serv\u00e9 aux abonn\u00e9s<\/b><\/p>\n<p>Pour un acc\u00e8s imm\u00e9diat, abonnez-vous<\/p>\n<p><b>1\u00e8re semaine offerte<\/b><\/p>\n<p>\t\t Karin CHERLONEIX. \u00a0\u00a0<br \/>\n\t\tOuest-France<\/p>\n<p>Retrouvez d&rsquo;autres actus sur la commune de :<\/p>\n<p>\t\t&#13;<\/p>\n","protected":false},"excerpt":{"rendered":"Contenu r\u00e9serv\u00e9 aux abonn\u00e9s Samedi 25 octobre 2025 08:01 &#8230; 1 Fran\u00e7ois Brochain \u00e9tait pr\u00e9sident d\u2019une association bettonnaise&hellip;\n","protected":false},"author":2,"featured_media":488640,"comment_status":"","ping_status":"","sticky":false,"template":"","format":"standard","meta":{"footnotes":""},"categories":[2821],"tags":[1111,11,16190,4395,829,61160,20758,1777,674,1011,27,11846,5110,6352,12,3086,584,25,17643],"class_list":{"0":"post-488639","1":"post","2":"type-post","3":"status-publish","4":"format-standard","5":"has-post-thumbnail","7":"category-rennes","8":"tag-actu","9":"tag-actualites","10":"tag-adjoint","11":"tag-betton","12":"tag-bretagne","13":"tag-brochain","14":"tag-continuite","15":"tag-eu","16":"tag-europe","17":"tag-fr","18":"tag-france","19":"tag-francois","20":"tag-liste","21":"tag-mise","22":"tag-news","23":"tag-redon","24":"tag-rennes","25":"tag-republique-francaise","26":"tag-tete"},"share_on_mastodon":{"url":"https:\/\/pubeurope.com\/@fr\/115433827023046803","error":""},"_links":{"self":[{"href":"https:\/\/www.europesays.com\/fr\/wp-json\/wp\/v2\/posts\/488639","targetHints":{"allow":["GET"]}}],"collection":[{"href":"https:\/\/www.europesays.com\/fr\/wp-json\/wp\/v2\/posts"}],"about":[{"href":"https:\/\/www.europesays.com\/fr\/wp-json\/wp\/v2\/types\/post"}],"author":[{"embeddable":true,"href":"https:\/\/www.europesays.com\/fr\/wp-json\/wp\/v2\/users\/2"}],"replies":[{"embeddable":true,"href":"https:\/\/www.europesays.com\/fr\/wp-json\/wp\/v2\/comments?post=488639"}],"version-history":[{"count":0,"href":"https:\/\/www.europesays.com\/fr\/wp-json\/wp\/v2\/posts\/488639\/revisions"}],"wp:featuredmedia":[{"embeddable":true,"href":"https:\/\/www.europesays.com\/fr\/wp-json\/wp\/v2\/media\/488640"}],"wp:attachment":[{"href":"https:\/\/www.europesays.com\/fr\/wp-json\/wp\/v2\/media?parent=488639"}],"wp:term":[{"taxonomy":"category","embeddable":true,"href":"https:\/\/www.europesays.com\/fr\/wp-json\/wp\/v2\/categories?post=488639"},{"taxonomy":"post_tag","embeddable":true,"href":"https:\/\/www.europesays.com\/fr\/wp-json\/wp\/v2\/tags?post=488639"}],"curies":[{"name":"wp","href":"https:\/\/api.w.org\/{rel}","templated":true}]}}