{"id":488645,"date":"2025-10-25T08:21:13","date_gmt":"2025-10-25T08:21:13","guid":{"rendered":"https:\/\/www.europesays.com\/fr\/488645\/"},"modified":"2025-10-25T08:21:13","modified_gmt":"2025-10-25T08:21:13","slug":"fonseca-ol-dithyrambique-envers-strasbourg","status":"publish","type":"post","link":"https:\/\/www.europesays.com\/fr\/488645\/","title":{"rendered":"Fonseca (OL) dithyrambique envers Strasbourg"},"content":{"rendered":"<p>                            <img width=\"770\" height=\"433\" src=\"https:\/\/www.europesays.com\/fr\/wp-content\/uploads\/2025\/09\/AFP__20250328__38CE6U8__v1__HighRes__FblFraLigue1StrasbourgLyon-e1743233710783-770x433.jpg\" class=\"attachment-article size-article wp-post-image\" alt=\"Abner (OL) face \u00e0 Strasbourg\" decoding=\"async\" fetchpriority=\"high\"  \/><\/p>\n<p>Abner (OL) face \u00e0 Strasbourg (Photo by SEBASTIEN BOZON \/ AFP)<\/p>\n<p>Avant la r\u00e9ception de Strasbourg dimanche soir en cl\u00f4ture de la 9e journ\u00e9e de Ligue 1, l\u2019entra\u00eeneur de l\u2019Olympique lyonnais, Paulo Fonseca s\u2019attend \u00e0 un match relev\u00e9 face \u00e0 une \u00e9quipe qui \u00ab\u00a0fait partie des meilleures du championnat\u00a0\u00bb.<\/p>\n<p>Apr\u00e8s deux d\u00e9faites en championnat, l&rsquo;<strong>OL<\/strong>\u00a0a r\u00e9ussi \u00e0 relever la t\u00eate gr\u00e2ce \u00e0 la Ligue Europa. Une victoire s\u00e9rieuse<a href=\"https:\/\/www.olympique-et-lyonnais.com\/lol-releve-la-tete-et-continue-son-sans-faute-en-ligue-europa,383246.html\" target=\"_blank\" rel=\"noopener\">\u00a0(2-0)<\/a>contre le\u00a0<strong>FC B\u00e2le<\/strong>\u00a0pour relancer la machine et arriver dans les meilleures dispositions en championnat contre\u00a0<strong>Strasbourg<\/strong>. Un gros morceau dans une s\u00e9rie de matchs tout aussi difficiles. Paulo\u00a0<strong>Fonseca<\/strong>\u00a0est conscient du d\u00e9fi qui attend ses joueurs dimanche \u00e0 D\u00e9cines. \u00ab\u00a0Nous allons affronter une grande \u00e9quipe, probablement l&rsquo;adversaire le plus difficile que nous ayons eu \u00e0 affronter jusqu&rsquo;\u00e0 pr\u00e9sent, a d\u00e9clar\u00e9 vendredi l&rsquo;entra\u00eeneur lyonnais.\u00a0Strasbourg est l&rsquo;une des meilleures \u00e9quipes du championnat apr\u00e8s avoir op\u00e9r\u00e9 un investissement important, plus que Paris Saint-Germain ou Marseille cet \u00e9t\u00e9\u00a0\u00bb.<\/p>\n<p>\u00ab\u00a0Tout le monde est conscient de la difficult\u00e9 de la t\u00e2che\u00a0\u00bb<\/p>\n<p>Dans le sillage de sa belle saison derni\u00e8re, l&rsquo;\u00e9quipe de Liam\u00a0<strong>Rosenior<\/strong>\u00a0a en effet beaucoup recrut\u00e9, gr\u00e2ce \u00e0 l&rsquo;appui de\u00a0BlueCo, actionnaire de\u00a0<strong>Chelsea<\/strong>, mais la dynamique n&rsquo;en a pas pris un coup pour autant. Troisi\u00e8me avec un point d&rsquo;avance sur l&rsquo;<strong>OL<\/strong>, le RCSA joue les outsiders et sera un vrai concurrent aux Lyonnais sur cette saison. Alors un r\u00e9sultat positif dimanche sera bon \u00e0 prendre pour Paulo\u00a0<strong>Fonseca<\/strong>\u00a0et ses joueurs. \u00ab\u00a0Tout le monde est bien conscient de la difficult\u00e9 de la t\u00e2che qui nous attend. Strasbourg poss\u00e8de beaucoup de qualit\u00e9s individuelles \u00e9galement et il est clair que c&rsquo;est un adversaire plus fort que B\u00e2le\u00a0\u00bb, a encore estim\u00e9 l&rsquo;entra\u00eeneur de l&rsquo;OL. La t\u00e2che s&rsquo;annonce difficile, mais le r\u00e9sultat ne pourra en \u00eatre que plus beau avec l&rsquo;appui du public d\u00e9cinois.<\/p>\n<p>\t\t\t\t\t<a href=\"https:\/\/www.olympique-et-lyonnais.com\/allemagne-france-brand-prend-une-option-sur-ses-coequipieres-de-lol-lyonnes,383356.html\" title=\"Allemagne - France : Brand prend une option sur ses co\u00e9quipi\u00e8res de l\u2019OL Lyonnes\" target=\"_blank\" rel=\"noopener\"><img loading=\"lazy\" width=\"580\" height=\"326\" src=\"https:\/\/www.europesays.com\/fr\/wp-content\/uploads\/2025\/10\/AFP__20250719__67AH7EQ__v1__HighRes__FblWomenEuro2025Match28FraGer-e1752986840694-580x326.jpg\" class=\"attachment-actularge size-actularge wp-post-image\" alt=\"Jule Brand (Allemagne) face \u00e0 Kadidiatou Diani (France)\" decoding=\"async\"  \/>\t\t\t\t\t<\/a><\/p>\n","protected":false},"excerpt":{"rendered":"Abner (OL) face \u00e0 Strasbourg (Photo by SEBASTIEN BOZON \/ AFP) Avant la r\u00e9ception de Strasbourg dimanche soir&hellip;\n","protected":false},"author":2,"featured_media":371882,"comment_status":"","ping_status":"","sticky":false,"template":"","format":"standard","meta":{"footnotes":""},"categories":[2820],"tags":[1111,11,1777,674,1011,27,775,66,12,241,978,25,640],"class_list":{"0":"post-488645","1":"post","2":"type-post","3":"status-publish","4":"format-standard","5":"has-post-thumbnail","7":"category-strasbourg","8":"tag-actu","9":"tag-actualites","10":"tag-eu","11":"tag-europe","12":"tag-fr","13":"tag-france","14":"tag-grand-est","15":"tag-ligue-1","16":"tag-news","17":"tag-ol","18":"tag-olympique-lyonnais","19":"tag-republique-francaise","20":"tag-strasbourg"},"share_on_mastodon":{"url":"https:\/\/pubeurope.com\/@fr\/115433838080924669","error":""},"_links":{"self":[{"href":"https:\/\/www.europesays.com\/fr\/wp-json\/wp\/v2\/posts\/488645","targetHints":{"allow":["GET"]}}],"collection":[{"href":"https:\/\/www.europesays.com\/fr\/wp-json\/wp\/v2\/posts"}],"about":[{"href":"https:\/\/www.europesays.com\/fr\/wp-json\/wp\/v2\/types\/post"}],"author":[{"embeddable":true,"href":"https:\/\/www.europesays.com\/fr\/wp-json\/wp\/v2\/users\/2"}],"replies":[{"embeddable":true,"href":"https:\/\/www.europesays.com\/fr\/wp-json\/wp\/v2\/comments?post=488645"}],"version-history":[{"count":0,"href":"https:\/\/www.europesays.com\/fr\/wp-json\/wp\/v2\/posts\/488645\/revisions"}],"wp:featuredmedia":[{"embeddable":true,"href":"https:\/\/www.europesays.com\/fr\/wp-json\/wp\/v2\/media\/371882"}],"wp:attachment":[{"href":"https:\/\/www.europesays.com\/fr\/wp-json\/wp\/v2\/media?parent=488645"}],"wp:term":[{"taxonomy":"category","embeddable":true,"href":"https:\/\/www.europesays.com\/fr\/wp-json\/wp\/v2\/categories?post=488645"},{"taxonomy":"post_tag","embeddable":true,"href":"https:\/\/www.europesays.com\/fr\/wp-json\/wp\/v2\/tags?post=488645"}],"curies":[{"name":"wp","href":"https:\/\/api.w.org\/{rel}","templated":true}]}}