{"id":488668,"date":"2025-10-25T08:34:14","date_gmt":"2025-10-25T08:34:14","guid":{"rendered":"https:\/\/www.europesays.com\/fr\/488668\/"},"modified":"2025-10-25T08:34:14","modified_gmt":"2025-10-25T08:34:14","slug":"un-homme-tue-a-larme-blanche-le-tram-t4-interrompu-une-partie-de-la-matinee","status":"publish","type":"post","link":"https:\/\/www.europesays.com\/fr\/488668\/","title":{"rendered":"un homme tu\u00e9 \u00e0 l\u2019arme blanche, le tram T4 interrompu une partie de la matin\u00e9e"},"content":{"rendered":"<p>Les secours n\u2019ont rien pu faire. Un homme a perdu la vie t\u00f4t ce samedi 25 octobre, vers 5 heures du matin, \u00e0 la suite d\u2019une agression \u00e0 l\u2019arme blanche survenue boulevard Joliot-Curie, \u00e0 V\u00e9nissieux (Rh\u00f4ne). Malgr\u00e9 l\u2019intervention rapide des secours et une tentative de r\u00e9animation, la victime n\u2019a pas surv\u00e9cu.<\/p>\n<p>Selon nos informations, l\u2019homme d\u00e9c\u00e9d\u00e9 \u00e9tait connu d\u00e9favorablement des services de police. Une enqu\u00eate a \u00e9t\u00e9 ouverte pour d\u00e9terminer les circonstances exactes de cette agression. Au moins un individu est actuellement activement recherch\u00e9 par les enqu\u00eateurs.<\/p>\n<p>Ce drame a eu lieu au niveau d&rsquo;un arr\u00eat du tramway T4. La ligne de tramway\u00a0a ainsi\u00a0a \u00e9t\u00e9\u00a0interrompue entre les stations \u00c9tats-Unis \u2013 Tony Garnier et La Borelle. Elle circulait ce samedi matin en deux parties : de\u00a0La Doua \u2013 Gaston Berger \u00e0 Lyc\u00e9e Lumi\u00e8re, puis de\u00a0Gare de V\u00e9nissieux \u00e0 H\u00f4pital Feyzin V\u00e9nissieux.<\/p>\n<p>Des\u00a0bus relais\u00a0ont \u00e9t\u00e9 mis en place pour assurer la desserte des stations manquantes, le temps des investigations sur place.Le trafic reprend depuis 9h30. La reprise compl\u00e8te du trafic est estim\u00e9e \u00e0\u00a010 heures.\u00a0<\/p>\n<p>Une enqu\u00eate est en cours pour faire toute la lumi\u00e8re sur les faits.<\/p>\n","protected":false},"excerpt":{"rendered":"Les secours n\u2019ont rien pu faire. Un homme a perdu la vie t\u00f4t ce samedi 25 octobre, vers&hellip;\n","protected":false},"author":2,"featured_media":488669,"comment_status":"","ping_status":"","sticky":false,"template":"","format":"standard","meta":{"footnotes":""},"categories":[1889],"tags":[1111,11,2813,2190,2430,1109,251,1112,2811,1777,674,118,1011,27,1922,1110,1114,2428,2810,12,241,316,25,2812,517,800],"class_list":{"0":"post-488668","1":"post","2":"type-post","3":"status-publish","4":"format-standard","5":"has-post-thumbnail","7":"category-lyon","8":"tag-actu","9":"tag-actualites","10":"tag-article","11":"tag-asvel","12":"tag-auvergne-rhone-alpes","13":"tag-breves","14":"tag-culture","15":"tag-depeches","16":"tag-economique","17":"tag-eu","18":"tag-europe","19":"tag-faits-divers","20":"tag-fr","21":"tag-france","22":"tag-info","23":"tag-informations","24":"tag-infos","25":"tag-lyon","26":"tag-lyonmag","27":"tag-news","28":"tag-ol","29":"tag-politique","30":"tag-republique-francaise","31":"tag-sociale","32":"tag-sport","33":"tag-transports"},"share_on_mastodon":{"url":"https:\/\/pubeurope.com\/@fr\/115433889142340296","error":""},"_links":{"self":[{"href":"https:\/\/www.europesays.com\/fr\/wp-json\/wp\/v2\/posts\/488668","targetHints":{"allow":["GET"]}}],"collection":[{"href":"https:\/\/www.europesays.com\/fr\/wp-json\/wp\/v2\/posts"}],"about":[{"href":"https:\/\/www.europesays.com\/fr\/wp-json\/wp\/v2\/types\/post"}],"author":[{"embeddable":true,"href":"https:\/\/www.europesays.com\/fr\/wp-json\/wp\/v2\/users\/2"}],"replies":[{"embeddable":true,"href":"https:\/\/www.europesays.com\/fr\/wp-json\/wp\/v2\/comments?post=488668"}],"version-history":[{"count":0,"href":"https:\/\/www.europesays.com\/fr\/wp-json\/wp\/v2\/posts\/488668\/revisions"}],"wp:featuredmedia":[{"embeddable":true,"href":"https:\/\/www.europesays.com\/fr\/wp-json\/wp\/v2\/media\/488669"}],"wp:attachment":[{"href":"https:\/\/www.europesays.com\/fr\/wp-json\/wp\/v2\/media?parent=488668"}],"wp:term":[{"taxonomy":"category","embeddable":true,"href":"https:\/\/www.europesays.com\/fr\/wp-json\/wp\/v2\/categories?post=488668"},{"taxonomy":"post_tag","embeddable":true,"href":"https:\/\/www.europesays.com\/fr\/wp-json\/wp\/v2\/tags?post=488668"}],"curies":[{"name":"wp","href":"https:\/\/api.w.org\/{rel}","templated":true}]}}