{"id":488670,"date":"2025-10-25T08:35:13","date_gmt":"2025-10-25T08:35:13","guid":{"rendered":"https:\/\/www.europesays.com\/fr\/488670\/"},"modified":"2025-10-25T08:35:13","modified_gmt":"2025-10-25T08:35:13","slug":"peter-cincotti-en-concert-a-la-cite-internationale-de-lyon-le-24-novembre","status":"publish","type":"post","link":"https:\/\/www.europesays.com\/fr\/488670\/","title":{"rendered":"Peter Cincotti en concert \u00e0 la Cit\u00e9 Internationale de Lyon le 24 novembre"},"content":{"rendered":"<p itemprop=\"description\"><strong>On est heureux de vous annoncer que Jazz Radio sera partenaire du concert de Peter Cincotti \u00e0 Lyon, le 24 novembre 2025.<\/strong><\/p>\n<p>On le sent d\u00e8s qu&rsquo;on met le nez dehors : <strong>l&rsquo;automne est l\u00e0, et il a d\u00e9marr\u00e9 de mani\u00e8re bien pluvieuse<\/strong>. Et nous, on adore l&rsquo;automne, car c&rsquo;est le retour des concerts en int\u00e9rieur ! Le moment o\u00f9 jamais de <strong>se trouver une bonne petite salle pour aller d\u00e9couvrir de nouveaux artistes jazz, ou bien des stars confirm\u00e9es<\/strong>. A l&rsquo;image de <a href=\"https:\/\/www.jazzradio.fr\/podcast\/view\/41484\/peter-cincotti\" target=\"_blank\" rel=\"noopener\"><strong>Peter Cincotti<\/strong><\/a>, qui est actuellement en tourn\u00e9e un peu partout dans le monde. Apr\u00e8s plusieurs concerts aux Etats-Unis, il va venir <strong>donner un joli show \u00e0 Lyon, le 24 novembre 2025, \u00e0 L&rsquo;Amphith\u00e9\u00e2tre 3000 de la Cit\u00e9 Internationale !<\/strong><\/p>\n<p>Le pianiste new-yorkais, auteur, compositeur et interpr\u00e8te, sera donc de passage dans la capitale de la gastronomie pour une soir\u00e9e de folie et d&rsquo;\u00e9motions. <strong>Une tourn\u00e9e qui vient pr\u00e9c\u00e9der la sortie d&rsquo;un nouvel album, qui sera apparemment intitul\u00e9 \u00ab\u00a0In Color\u00a0\u00bb, et qui devrait sortir l&rsquo;ann\u00e9e prochaine<\/strong>. En attendant, <a href=\"https:\/\/www.jazzradio.fr\/news\/culture-et-societe\/40952\/beaucoup-de-nouveaux-projets-qui-vont-sortir-l-annee-prochaine-les-confidences-de-peter-cincotti\" target=\"_blank\" rel=\"noopener\">Peter Cincotti<\/a> sera donc de passage \u00e0 Lyon, puis \u00e0 Milan, avant de repartir pour New-York.<\/p>\n<\/p>\n<p>Ce concert sera peut-\u00eatre l&rsquo;occasion pour vous de <strong>(re)d\u00e9couvrir en live la version fran\u00e7aise de \u00ab\u00a0Ghost of My Father\u00a0\u00bb, en collaboration avec la chanteuse Anne Sila<\/strong>, finaliste de \u00ab\u00a0The Voice\u00a0\u00bb en 2015 et victorieuse en 2021. <strong>Jazz Radio a l&rsquo;honneur de vous annoncer que nous serons partenaires de l&rsquo;\u00e9v\u00e8nement, et que nous aurons probablement des places \u00e0 vous faire gagner.<\/strong><\/p>\n<p>Restez \u00e0 l&rsquo;\u00e9coute sur Jazz Radio pour plus d&rsquo;informations !<\/p>\n","protected":false},"excerpt":{"rendered":"On est heureux de vous annoncer que Jazz Radio sera partenaire du concert de Peter Cincotti \u00e0 Lyon,&hellip;\n","protected":false},"author":2,"featured_media":488671,"comment_status":"","ping_status":"","sticky":false,"template":"","format":"standard","meta":{"footnotes":""},"categories":[1889],"tags":[1111,11,2430,19272,19271,8784,3526,903,11500,1777,674,1011,27,3620,19274,6910,19269,330,19278,19277,2428,19275,1361,873,19276,12,19273,3551,1825,19270,25,1858,15457,3610,11714,3655],"class_list":{"0":"post-488670","1":"post","2":"type-post","3":"status-publish","4":"format-standard","5":"has-post-thumbnail","7":"category-lyon","8":"tag-actu","9":"tag-actualites","10":"tag-auvergne-rhone-alpes","11":"tag-black-music","12":"tag-blues","13":"tag-classic","14":"tag-classique","15":"tag-concours","16":"tag-electro","17":"tag-eu","18":"tag-europe","19":"tag-fr","20":"tag-france","21":"tag-funk","22":"tag-gospel","23":"tag-jazz","24":"tag-jazz-radio","25":"tag-jeux","26":"tag-latin","27":"tag-lounge","28":"tag-lyon","29":"tag-manouche","30":"tag-music","31":"tag-musique","32":"tag-new-orleans","33":"tag-news","34":"tag-prog","35":"tag-programmation","36":"tag-radio","37":"tag-radio-jazz","38":"tag-republique-francaise","39":"tag-services","40":"tag-sexy","41":"tag-soul","42":"tag-swing","43":"tag-webradio"},"share_on_mastodon":{"url":"https:\/\/pubeurope.com\/@fr\/115433893010750485","error":""},"_links":{"self":[{"href":"https:\/\/www.europesays.com\/fr\/wp-json\/wp\/v2\/posts\/488670","targetHints":{"allow":["GET"]}}],"collection":[{"href":"https:\/\/www.europesays.com\/fr\/wp-json\/wp\/v2\/posts"}],"about":[{"href":"https:\/\/www.europesays.com\/fr\/wp-json\/wp\/v2\/types\/post"}],"author":[{"embeddable":true,"href":"https:\/\/www.europesays.com\/fr\/wp-json\/wp\/v2\/users\/2"}],"replies":[{"embeddable":true,"href":"https:\/\/www.europesays.com\/fr\/wp-json\/wp\/v2\/comments?post=488670"}],"version-history":[{"count":0,"href":"https:\/\/www.europesays.com\/fr\/wp-json\/wp\/v2\/posts\/488670\/revisions"}],"wp:featuredmedia":[{"embeddable":true,"href":"https:\/\/www.europesays.com\/fr\/wp-json\/wp\/v2\/media\/488671"}],"wp:attachment":[{"href":"https:\/\/www.europesays.com\/fr\/wp-json\/wp\/v2\/media?parent=488670"}],"wp:term":[{"taxonomy":"category","embeddable":true,"href":"https:\/\/www.europesays.com\/fr\/wp-json\/wp\/v2\/categories?post=488670"},{"taxonomy":"post_tag","embeddable":true,"href":"https:\/\/www.europesays.com\/fr\/wp-json\/wp\/v2\/tags?post=488670"}],"curies":[{"name":"wp","href":"https:\/\/api.w.org\/{rel}","templated":true}]}}