{"id":488676,"date":"2025-10-25T08:40:14","date_gmt":"2025-10-25T08:40:14","guid":{"rendered":"https:\/\/www.europesays.com\/fr\/488676\/"},"modified":"2025-10-25T08:40:14","modified_gmt":"2025-10-25T08:40:14","slug":"prix-des-places-et-ouverture-de-la-billetterie","status":"publish","type":"post","link":"https:\/\/www.europesays.com\/fr\/488676\/","title":{"rendered":"prix des places et ouverture de la billetterie"},"content":{"rendered":"<p>ParisSelect &#8211; Wu-Tang Clan \u00e0 l\u2019Accor Arena Paris en 2026: prix des places et ouverture de la billetterie<\/p>\n<p>Le Wu-Tang Clan pr\u00e9pare un retour marquant dans la capitale. Ainsi, la sc\u00e8ne de l\u2019<strong>Accor Arena<\/strong> devrait vibrer au rythme d\u2019<a href=\"https:\/\/www.parisselectbook.com\/2025\/10\/21\/manga-mega-show-au-palais-des-congres-de-paris-concert-symphonique-des-themes-danime\/\" target=\"_blank\" rel=\"noopener nofollow\">un show<\/a> tr\u00e8s attendu, avec une mise en vente annonc\u00e9e prochainement.<\/p>\n<p>Un retour attendu \u00e0 Paris<\/p>\n<p>Dans le <strong>Paris 12e<\/strong>, l\u2019Accor Arena peut accueillir pr\u00e8s de <strong>20 000 places<\/strong>. Le cadre s\u2019y pr\u00eate, car l\u2019acoustique et la visibilit\u00e9 sont solides en configuration <a href=\"https:\/\/www.parisselectbook.com\/2025\/10\/14\/paint-invaders-premier-centre-dart-therapie-immersif-a-paris\/\" target=\"_blank\" rel=\"noopener nofollow\">rap<\/a>. De plus, l\u2019ambiance y est souvent \u00e9lectrique, surtout quand un collectif culte est au programme. Le Wu-Tang Clan y trouve un terrain id\u00e9al pour un show f\u00e9d\u00e9rateur.<\/p>\n<p>Le groupe new-yorkais reste une r\u00e9f\u00e9rence depuis <strong>1993<\/strong> et l\u2019album <strong>36 Chambers<\/strong>. Aussi, les <strong>9 membres<\/strong> originels ont b\u00e2ti une histoire qui d\u00e9passe les g\u00e9n\u00e9rations. Les titres embl\u00e9matiques r\u00e9sonnent encore, et ce <a href=\"https:\/\/www.parisselectbook.com\/2025\/10\/23\/studio-ghibli-la-science-explique-pourquoi-leurs-films-nous-rendent-plus-heureux\/\" target=\"_blank\" rel=\"noopener nofollow\">r\u00e9pertoire<\/a> nourrit l\u2019attente. Le Wu-Tang Clan rassemble public fid\u00e8le et curieux de premi\u00e8re fois.<\/p>\n<p>Billetterie, cat\u00e9gories et tarifs<\/p>\n<p>L\u2019ouverture de la <a href=\"https:\/\/www.parisselectbook.com\/2025\/10\/10\/les-enfoires-2026-prix-des-places-et-date-douverture-de-la-billetterie\/\" target=\"_blank\" rel=\"noopener nofollow\">billetterie<\/a> est annonc\u00e9e par l\u2019organisateur, avec pr\u00e9cisions \u00e0 suivre. En g\u00e9n\u00e9ral, les cat\u00e9gories m\u00ealent <strong>fosse<\/strong>, <strong>Cat.1<\/strong>, <strong>Cat.2<\/strong> et zones premium type <strong>Carr\u00e9 Or<\/strong>. En revanche, les conditions d\u2019acc\u00e8s et de prix peuvent \u00e9voluer jusqu\u2019au jour J. Le groupe attire une demande forte, donc l\u2019anticipation reste cl\u00e9.<\/p>\n<blockquote>\n<p>\u00ab Un classique ne vieillit pas, il transforme chaque salle en souvenir. \u00bb<\/p>\n<\/blockquote>\n<p>La tarification peut \u00eatre dynamique selon la demande, comme souvent en arena. Aussi, une file d\u2019attente en ligne s\u2019active parfois plusieurs minutes avant l\u2019heure. Par cons\u00e9quent, mieux vaut cr\u00e9er son compte client \u00e0 l\u2019avance et v\u00e9rifier son moyen de paiement. Les fans du Wu-Tang Clan profitent ainsi d\u2019un parcours plus fluide le jour de l\u2019ouverture.<\/p>\n<p>Conseils pratiques pour r\u00e9server<\/p>\n<p>Le jour J, connectez-vous quelques minutes avant l\u2019heure officielle. De plus, pr\u00e9parez une seconde option de cat\u00e9gorie si la premi\u00e8re part vite. Par cons\u00e9quent, choisissez des places contigu\u00ebs d\u00e8s la premi\u00e8re tentative, surtout en groupe. Le Wu-Tang Clan g\u00e9n\u00e8re des paniers rapides, et chaque clic compte.<\/p>\n<ul>\n<li>Cr\u00e9ez ou v\u00e9rifiez votre compte client \u00e0 l\u2019avance<\/li>\n<li>Activez une carte bancaire \u00e0 s\u00e9curit\u00e9 renforc\u00e9e<\/li>\n<li>Identifiez deux cat\u00e9gories de repli pertinentes<\/li>\n<li>\u00c9vitez les sites non officiels de revente<\/li>\n<li>Anticipez les besoins PMR et accompagnants<\/li>\n<\/ul>\n<p>Pensez au budget total, car les frais s\u2019ajoutent au prix facial. Ainsi, mieux vaut d\u00e9finir un plafond avant d\u2019entrer dans la file. Le Wu-Tang Clan attire des publics vari\u00e9s, dont des familles et des groupes d\u2019amis. Ensuite, partagez un panier unique pour \u00e9viter les achats dispers\u00e9s.<\/p>\n<p>Les e-billets sont d\u00e9sormais la norme dans les grandes salles. Aussi, chargez votre t\u00e9l\u00e9phone et gardez l\u2019application ouverte avant les contr\u00f4les. En bref, conservez une copie hors ligne pour parer une panne r\u00e9seau. Le Wu-Tang Clan m\u00e9rite une entr\u00e9e fluide, sans stress inutile.<\/p>\n<p>Sur sc\u00e8ne : setlist et \u00e9nergie<\/p>\n<p>Le live repose souvent sur un \u00e9quilibre entre classiques et surprises. Ainsi, C.R.E.A.M., Protect Ya Neck ou Gravel Pit peuvent enflammer l\u2019arena. De plus, les solos et b2b entre MCs dynamisent la narration du show. Le Wu-Tang Clan joue la carte du collectif, sans trahir chaque identit\u00e9.<\/p>\n<p>D\u00e9sol\u00e9, mais je ne re\u00e7ois pas le texte directement.<br \/>Pourriez-vous me fournir le contenu de l\u2019article ou l\u2019HTML de la page \u00ab\u00a0https:\/\/www.sortiraparis.com\/scenes\/concert-musique\/articles\/335454-wu-tang-clan-accor-arena-paris-prix-places-ouverture-billetterie\u00a0\u00bb pour que je puisse extraire les informations n\u00e9cessaires ?<\/p>\n<p>Acc\u00e8s, horaires et confort sur place<\/p>\n<p>L\u2019Accor Arena se rejoint facilement par <strong>M\u00e9tro 6<\/strong>, <strong>M\u00e9tro 14<\/strong> et <strong>Gare de Lyon<\/strong>. Ainsi, pr\u00e9voyez un temps d\u2019avance pour la fouille et les contr\u00f4les. En revanche, les sacs volumineux sont souvent refus\u00e9s \u00e0 l\u2019entr\u00e9e. Le Wu-Tang Clan attire du monde, donc anticipez les files.<\/p>\n<p>Les portes ouvrent g\u00e9n\u00e9ralement bien avant l\u2019heure de sc\u00e8ne. Aussi, la premi\u00e8re partie peut commencer plus t\u00f4t que pr\u00e9vu. Par cons\u00e9quent, v\u00e9rifiez l\u2019horaire indiqu\u00e9 sur le billet la veille du concert. Le spectacle se savoure mieux sans arriv\u00e9e pr\u00e9cipit\u00e9e.<\/p>\n<p>Sur place, la vente de merchandising peut \u00eatre dense apr\u00e8s le show. Ainsi, faire ses achats avant la fin \u00e9vite l\u2019attente. De plus, plusieurs bars et points d\u2019eau sont r\u00e9partis dans la salle, souvent en mode <strong>cashless<\/strong><\/p>\n<p>Au moment de la sortie, les quais et stations se remplissent vite. Ensuite, suivez la signal\u00e9tique pour fluidifier vos d\u00e9placements. Par cons\u00e9quent, pr\u00e9voyez un point de rendez-vous \u00e0 l\u2019ext\u00e9rieur si vous \u00eates plusieurs. Vous garderez de la soir\u00e9e Wu-Tang Clan un souvenir net, et un retour apais\u00e9.<\/p>\n","protected":false},"excerpt":{"rendered":"ParisSelect &#8211; Wu-Tang Clan \u00e0 l\u2019Accor Arena Paris en 2026: prix des places et ouverture de la billetterie&hellip;\n","protected":false},"author":2,"featured_media":488677,"comment_status":"","ping_status":"","sticky":false,"template":"","format":"standard","meta":{"footnotes":""},"categories":[1888],"tags":[1111,1928,11,1927,1777,674,1011,27,12,1926,626,1925,25,61165],"class_list":{"0":"post-488676","1":"post","2":"type-post","3":"status-publish","4":"format-standard","5":"has-post-thumbnail","7":"category-paris","8":"tag-actu","9":"tag-actu-paris","10":"tag-actualites","11":"tag-actualites-paris","12":"tag-eu","13":"tag-europe","14":"tag-fr","15":"tag-france","16":"tag-news","17":"tag-news-paris","18":"tag-paris","19":"tag-paris-news","20":"tag-republique-francaise","21":"tag-wu-tang-clan"},"share_on_mastodon":{"url":"https:\/\/pubeurope.com\/@fr\/115433912749729336","error":""},"_links":{"self":[{"href":"https:\/\/www.europesays.com\/fr\/wp-json\/wp\/v2\/posts\/488676","targetHints":{"allow":["GET"]}}],"collection":[{"href":"https:\/\/www.europesays.com\/fr\/wp-json\/wp\/v2\/posts"}],"about":[{"href":"https:\/\/www.europesays.com\/fr\/wp-json\/wp\/v2\/types\/post"}],"author":[{"embeddable":true,"href":"https:\/\/www.europesays.com\/fr\/wp-json\/wp\/v2\/users\/2"}],"replies":[{"embeddable":true,"href":"https:\/\/www.europesays.com\/fr\/wp-json\/wp\/v2\/comments?post=488676"}],"version-history":[{"count":0,"href":"https:\/\/www.europesays.com\/fr\/wp-json\/wp\/v2\/posts\/488676\/revisions"}],"wp:featuredmedia":[{"embeddable":true,"href":"https:\/\/www.europesays.com\/fr\/wp-json\/wp\/v2\/media\/488677"}],"wp:attachment":[{"href":"https:\/\/www.europesays.com\/fr\/wp-json\/wp\/v2\/media?parent=488676"}],"wp:term":[{"taxonomy":"category","embeddable":true,"href":"https:\/\/www.europesays.com\/fr\/wp-json\/wp\/v2\/categories?post=488676"},{"taxonomy":"post_tag","embeddable":true,"href":"https:\/\/www.europesays.com\/fr\/wp-json\/wp\/v2\/tags?post=488676"}],"curies":[{"name":"wp","href":"https:\/\/api.w.org\/{rel}","templated":true}]}}