{"id":488700,"date":"2025-10-25T08:52:10","date_gmt":"2025-10-25T08:52:10","guid":{"rendered":"https:\/\/www.europesays.com\/fr\/488700\/"},"modified":"2025-10-25T08:52:10","modified_gmt":"2025-10-25T08:52:10","slug":"coupe-de-france-tour-dhorizon-des-affiches-du-6e-tour-dernier-round-avant-lentree-des-pros","status":"publish","type":"post","link":"https:\/\/www.europesays.com\/fr\/488700\/","title":{"rendered":"Coupe de France : tour d&rsquo;horizon des affiches du 6e tour, dernier round avant l&rsquo;entr\u00e9e des pros"},"content":{"rendered":"<p class=\"rev-margin-0 rev-text-xs-normal\">Apr\u00e8s Moyenne Durance, les Aubagnais, Proven\u00e7aux les plus haut class\u00e9s du tableau actuel, d\u00e9fient Avignon Ouest (R2).<\/p>\n<p class=\"rev-margin-0 rev-text-xs-bold\">\/ PHOTO Eric Camoin<\/p>\n<p>La Valette (R2) &#8211; Istres (N2)<br \/>Tous les voyants au vert<\/p>\n<p>Sur le papier, cela sent tr\u00e8s bon pour le Istres FC. Et pourquoi pas, l&rsquo;opportunit\u00e9 de d\u00e9fier une \u00e9quipe professionnelle au prochain tour, comme l&rsquo;an dernier face \u00e0 Grenoble (0-4, 8e tour)\u00a0? Trois divisions d&rsquo;\u00e9cart, <a href=\"https:\/\/www.laprovence.com\/article\/sports\/125681510086214\/football-national-2-istres-a-eu-la-main-lourde-a-limonest\" target=\"_blank\" rel=\"noopener\">Istres invaincu sur ses sept derniers matches<\/a> : tous les voyants semblent au vert face \u00e0 La Valette, formation de R\u00e9gional 2 (ce samedi \u00e0 16h). L&rsquo;entra\u00eeneur <a href=\"https:\/\/www.laprovence.com\/article\/sports\/3348838072431114\/football-national-2-zaki-noubir-de-vivaux-sauvagere-a-istres-itineraire-dun-passionne\" target=\"_blank\" rel=\"noopener\">Zaki Noubir<\/a> n&rsquo;h\u00e9site d&rsquo;ailleurs pas \u00e0 donner du temps de jeu \u00e0 un groupe \u00e9largi, par obligation avec les blessures et suspensions diverses (celle de Foued Kadir a pris fin le week-end dernier) mais aussi par choix.<\/p>\n<p>Une \u00e9quipe istr\u00e9enne qui continue \u00e0 ajuster les contours de son effectif avec la venue de Bastian Badu (ex-N\u00eemes, N2) dans le secteur offensif. Une p\u00e9riode faste qui a permis notamment \u00e0 Simon Cara et \u00e0 l&rsquo;ancien Mart\u00e9gal, Aymane Nassiri, de trouver le chemin des filets. Istres sera tout de m\u00eame attentif. Il suffit de se rappeler sa qualification au 5e tour, acquise au terme d&rsquo;une s\u00e9ance de tirs au but \u00e0 rallonge face \u00e0 Esterel (2-2, 10 tab \u00e0 9).<\/p>\n<p>Grasse (N2) &#8211; Fos (N3)<br \/>Un bon coup \u00e0 jouer<\/p>\n<p>Grasse a longtemps esp\u00e9r\u00e9 b\u00e2tir une formation pour acc\u00e9der en N2. Mais les voies de la poule sud sont souvent imp\u00e9n\u00e9trables au 4e \u00e9chelon national. Des ambitions qui ont v\u00e9cu. Il s&rsquo;agit d\u00e9sormais de jouer le maintien pour une \u00e9quipe azur\u00e9enne qui s&rsquo;est invit\u00e9e dans ce 6e tour (ce samedi \u00e0 19h) en se faufilant par un trou de souris et <a href=\"https:\/\/www.laprovence.com\/article\/sports\/1752968321149614\/football-coupe-de-france-martigues-sud-est-passe-si-pres-de-lexploit-contre-grasse\" target=\"_blank\" rel=\"noopener\">une qualification aux tirs au but face \u00e0 Martigues Sud<\/a>.<\/p>\n<p>M\u00eame en d\u00e9placement, m\u00eame avec une division d&rsquo;\u00e9cart, cela peut \u00eatre une bonne opportunit\u00e9 pour les hommes d&rsquo;Eddy Cardillo de go\u00fbter au 7e tour de la comp\u00e9tition, <a href=\"https:\/\/www.laprovence.com\/article\/sports\/1048766925625614\/football-national-3-fos-sans-pitie-a-carnoux\" target=\"_blank\" rel=\"noopener\">des Foss\u00e9ens qui ont pris la bonne habitude d&#8217;empiler les buts<\/a>. Une confiance qui sera aussi pr\u00e9cieuse dans une comp\u00e9tition o\u00f9 le staff foss\u00e9en a r\u00e9guli\u00e8rement op\u00e9r\u00e9 une rotation limit\u00e9e.<\/p>\n<p>Aubagne (N) &#8211; Avignon Ouest (R2)<br \/>Nouvelle formalit\u00e9 ?<\/p>\n<p>Le club proven\u00e7al le plus haut class\u00e9 derri\u00e8re l&rsquo;OM depuis cette saison s&rsquo;est fait peur, l&rsquo;espace d&rsquo;un quart d&rsquo;heure lors de son entr\u00e9e en lice <a href=\"https:\/\/www.laprovence.com\/article\/sports\/3265662932913314\/football-coupe-de-france-aubagne-met-fin-aux-reves-de-moyenne-durance\" target=\"_blank\" rel=\"noopener\">\u00e0 Moyenne Durance avant de finalement d\u00e9rouler (1-4)<\/a> contre une formation de R3 qui n&rsquo;a pas pu donner davantage. <a href=\"https:\/\/www.laprovence.com\/article\/sports\/36743095090975\/football-national-apres-sept-matches-d-affilee-sans-defaite-la-serie-s-arrete-a-sochaux-pour-aubagne-air-bel\" target=\"_blank\" rel=\"noopener\">Aubagne-Air Bel<\/a> encha\u00eene avec un nouvel adversaire largement \u00e0 sa port\u00e9e, dimanche (15h), chez lui, cette fois, le rendez-vous en terre vauclusienne ayant \u00e9t\u00e9 d\u00e9plac\u00e9 ce samedi par la Ligue M\u00e9diterran\u00e9e qui a estim\u00e9 qu&rsquo;Avignon Ouest (R2)\u00a0 ne remplissait pas les crit\u00e8res de s\u00e9curit\u00e9 n\u00e9cessaires pour assurer le d\u00e9roulement de la rencontre.<\/p>\n<p>Le FC Avignon Ouest est class\u00e9 un cran au-dessus des Bas-Alpins (R2) et passe du coq \u00e0 l&rsquo;\u00e2ne en accueillant la seule formation de National de la zone <a href=\"https:\/\/www.laprovence.com\/article\/sports\/3241934773625114\/football-coupe-de-france-avignon-ouest-qualifie-pour-le-6e-tour-en-toute-logique\" target=\"_blank\" rel=\"noopener\">apr\u00e8s avoir \u00e9limin\u00e9 Draguignan, qui \u00e9volue en D\u00e9partemental 1<\/a>. Pour une fois dans la peau du gros, eux qui sont souvent per\u00e7us comme les Petits Poucets du N1, les Aubagnais devraient encore aligner une \u00e9quipe bis pour <a href=\"https:\/\/www.laprovence.com\/article\/sports\/2138183794202214\/football-u19-national-aubagne-air-bel-un-point-cest-tout\" target=\"_blank\" rel=\"noopener\">donner une chance aux jeunes issus de la fusion avec Air-Bel<\/a>, d&rsquo;autant que l&rsquo;infirmerie commence \u00e0 \u00eatre bien garnie.<\/p>\n<p>Pertuis (R2) &#8211; Cannes (N2)<br \/>Rendez-vous prestigieux<\/p>\n<p>Si Avignon tr\u00e9passe, il y aura toujours une lueur d&rsquo;espoir pour un exploit vauclusien. Ce dimanche (15h) sera aussi le th\u00e9\u00e2tre d&rsquo;un choc des cultures entre <a href=\"https:\/\/www.laprovence.com\/article\/sports\/1750883370861514\/football-coupe-de-france-pertuis-fait-respecter-la-hierarchie-face-aux-angles\" target=\"_blank\" rel=\"noopener\">Pertuis<\/a> et <a href=\"https:\/\/www.laprovence.com\/article\/sports\/38386184136879\/football-apres-le-fc-martigues-djamal-mohamed-rebondit-a-las-cannes\" target=\"_blank\" rel=\"noopener\">l&rsquo;AS Cannes<\/a>, candidat d\u00e9clar\u00e9 \u00e0 la mont\u00e9e depuis plusieurs ann\u00e9es, club iconique aux moyens faramineux (d\u00e9tenu par Dan Friedkin, \u00e9galement actionnaire majoritaire de l&rsquo;AS Rome et d&rsquo;Everton). Une affiche forc\u00e9ment all\u00e9chante face aux azur\u00e9ens qui ont r\u00e9ussi l&rsquo;exploit de se hisser <a href=\"https:\/\/www.laprovence.com\/article\/sports\/1442704962121815\/coupe-de-france-cannes-sincline-contre-reims-et-ne-verra-pas-le-stade-de-france\" target=\"_blank\" rel=\"noopener\">jusqu&rsquo;en demi-finale la saison derni\u00e8re<\/a>.<\/p>\n<p>Pertuis veut y croire et il le peut : Cannes a chang\u00e9 d&rsquo;entra\u00eeneur il y a cinq jours apr\u00e8s un improbable int\u00e9rim assur\u00e9 par Gr\u00e9gory Coupet et l&rsquo;ex-Olympien Morgan Amalfitano sur le banc. Sortant d&rsquo;une crise institutionnelle, c&rsquo;est peut-\u00eatre ce dimanche que l&rsquo;ancien club de Zinedine Zidane sera le plus vuln\u00e9rable. Avant l&rsquo;entr\u00e9e en lice des clubs de Ligue 2 au prochain tour, c&rsquo;est d\u00e8s maintenant que les Proven\u00e7aux ont l&rsquo;occasion de se donner le droit de r\u00eaver d&rsquo;une \u00e9pop\u00e9e.<\/p>\n","protected":false},"excerpt":{"rendered":"Apr\u00e8s Moyenne Durance, les Aubagnais, Proven\u00e7aux les plus haut class\u00e9s du tableau actuel, d\u00e9fient Avignon Ouest (R2). \/&hellip;\n","protected":false},"author":2,"featured_media":488701,"comment_status":"","ping_status":"","sticky":false,"template":"","format":"standard","meta":{"footnotes":""},"categories":[4],"tags":[17,11,12340,615,61170,154,63,1011,27,12,25,60,3584],"class_list":{"0":"post-488700","1":"post","2":"type-post","3":"status-publish","4":"format-standard","5":"has-post-thumbnail","7":"category-france","8":"tag-17","9":"tag-actualites","10":"tag-affiches","11":"tag-coupe","12":"tag-dhorizon","13":"tag-des","14":"tag-football","15":"tag-fr","16":"tag-france","17":"tag-news","18":"tag-republique-francaise","19":"tag-sports","20":"tag-tour"},"share_on_mastodon":{"url":"https:\/\/pubeurope.com\/@fr\/115433959788971721","error":""},"_links":{"self":[{"href":"https:\/\/www.europesays.com\/fr\/wp-json\/wp\/v2\/posts\/488700","targetHints":{"allow":["GET"]}}],"collection":[{"href":"https:\/\/www.europesays.com\/fr\/wp-json\/wp\/v2\/posts"}],"about":[{"href":"https:\/\/www.europesays.com\/fr\/wp-json\/wp\/v2\/types\/post"}],"author":[{"embeddable":true,"href":"https:\/\/www.europesays.com\/fr\/wp-json\/wp\/v2\/users\/2"}],"replies":[{"embeddable":true,"href":"https:\/\/www.europesays.com\/fr\/wp-json\/wp\/v2\/comments?post=488700"}],"version-history":[{"count":0,"href":"https:\/\/www.europesays.com\/fr\/wp-json\/wp\/v2\/posts\/488700\/revisions"}],"wp:featuredmedia":[{"embeddable":true,"href":"https:\/\/www.europesays.com\/fr\/wp-json\/wp\/v2\/media\/488701"}],"wp:attachment":[{"href":"https:\/\/www.europesays.com\/fr\/wp-json\/wp\/v2\/media?parent=488700"}],"wp:term":[{"taxonomy":"category","embeddable":true,"href":"https:\/\/www.europesays.com\/fr\/wp-json\/wp\/v2\/categories?post=488700"},{"taxonomy":"post_tag","embeddable":true,"href":"https:\/\/www.europesays.com\/fr\/wp-json\/wp\/v2\/tags?post=488700"}],"curies":[{"name":"wp","href":"https:\/\/api.w.org\/{rel}","templated":true}]}}