{"id":488710,"date":"2025-10-25T09:02:14","date_gmt":"2025-10-25T09:02:14","guid":{"rendered":"https:\/\/www.europesays.com\/fr\/488710\/"},"modified":"2025-10-25T09:02:14","modified_gmt":"2025-10-25T09:02:14","slug":"20-ans-apres-la-fin-de-la-serie-frankie-muniz-devoile-une-photo-avec-ses-freres-avant-leur-grand-retour-et-ils-sont-meconnaissables","status":"publish","type":"post","link":"https:\/\/www.europesays.com\/fr\/488710\/","title":{"rendered":"20 ans apr\u00e8s la fin de la s\u00e9rie, Frankie Muniz d\u00e9voile une photo avec ses \u00ab\u00a0fr\u00e8res\u00a0\u00bb avant leur grand retour et ils sont m\u00e9connaissables"},"content":{"rendered":"<p>Les fans sont aux anges avec le retour annonc\u00e9 de<br \/>\n<strong>Malcolm<\/strong> pour 2026. Le tournage de la<br \/>\nsuite tant attendue a d\u00e9marr\u00e9 et les acteurs se sont retrouv\u00e9s. Et<br \/>\nderni\u00e8rement, c&rsquo;est la star du programme, Frankie Muniz qui a<br \/>\npartag\u00e9 une photo sur laquelle il apparait tout sourire en<br \/>\ncompagnie de <strong>ses fr\u00e8res<\/strong>.<\/p>\n<p>Il faut dire que le programme diffus\u00e9 \u00e0 partir de l&rsquo;ann\u00e9e 2000<br \/>\nsur le r\u00e9seau Fox a eu un succ\u00e8s retentissant. En France, c&rsquo;est<br \/>\n<strong>sur M6<\/strong> que les t\u00e9l\u00e9spectateurs ont d\u00e9couvert le<br \/>\nquotidien de <a href=\"https:\/\/www.mariefrance.fr\/beaute\/jane-kaczmarek-malcolm-a-eu-68-ans-cette-annee-voici-a-quoi-elle-ressemble-aujourdhui-764829.html\" rel=\"nofollow noopener\" target=\"_blank\">la famille de Malcolm<\/a>, un adolescent surdou\u00e9e. L&rsquo;humour<br \/>\nparfois caustique de la s\u00e9rie et le c\u00f4t\u00e9 d\u00e9jant\u00e9e des proches du<br \/>\nh\u00e9ros ont vite contribu\u00e9 \u00e0 rendre la s\u00e9rie tr\u00e8s populaire. Et c&rsquo;est<br \/>\ntoute une g\u00e9n\u00e9ration qui a v\u00e9cu au rythme des aventures de Frankie<br \/>\nMuniz qui incarnait le personnage principal.<\/p>\n<p>Malcolm apparait en photo \u00e0 c\u00f4t\u00e9s de ses fr\u00e8res<\/p>\n<p>Mais apr\u00e8s plus de <strong>150 \u00e9pisodes<\/strong> et sept<br \/>\nsaisons, Malcolm s&rsquo;est arr\u00eat\u00e9. Et c&rsquo;est finalement<br \/>\n<strong>20 ans plus tard<\/strong> que <a href=\"https:\/\/www.mariefrance.fr\/series-tv\/retour-malcolm-gens-decouvrent-seulement-aujourdhui-marion-game-doublait-lois-1145295.html\" rel=\"nofollow noopener\" target=\"_blank\">la sitcom va rena\u00eetre de ses cendres<\/a> avec de nouveaux<br \/>\n\u00e9pisodes. La suite intitul\u00e9e Malcolm : Life\u2019s Still Unfair<br \/>\nsera diffus\u00e9e au printemps 2026 sur Disney+. Et la production a<br \/>\nr\u00e9ussi \u00e0 persuader la plupart des acteurs de rempiler.<\/p>\n<p>C&rsquo;est le cas justement de celui qui jouait Malcolm. D&rsquo;ailleurs,<br \/>\nFrankie Muniz ne boude pas son plaisir d&rsquo;avoir retrouv\u00e9 ses fr\u00e8res<br \/>\ncomme il le prouve avec une photo qu&rsquo;il a r\u00e9cemment partag\u00e9 sur<br \/>\nInstagram. Sur le clich\u00e9, il apparait aux c\u00f4t\u00e9s de <strong>Justin<br \/>\nBerfield et Christopher Masterson<\/strong>. Les deux com\u00e9diens<br \/>\nincarnaient respectivement ses fr\u00e8res <strong>Reese et<br \/>\nFrancis<\/strong> dans la s\u00e9rie originale.<\/p>\n<blockquote class=\"instagram-media\" style=\"background: #ffffff;border: 0;margin: 1px;width: 100%;padding: 0;max-width: 500px;\" data-instgrm-permalink=\"https:\/\/www.instagram.com\/p\/DQKdshfEpBv\" data-instgrm-version=\"14\"\/><p>\nFrankie Muniz a retrouv\u00e9 ses fr\u00e8res dans Malcolm<\/p>\n<p>\u00ab\u00a0On m&rsquo;a dit de ne pas encore publier \u00e7a, mais je me suis<br \/>\nsouvenu du g\u00e9n\u00e9rique de la s\u00e9rie.\u00a0\u00bb, a-t-il \u00e9crit sur Instagram<br \/>\nen marge de sa publication. Avant d&rsquo;ajouter : \u00ab\u00a0Je suis<br \/>\n<strong>trop impatient<\/strong> que vous voyiez les nouveaux<br \/>\n\u00e9pisodes et mes fr\u00e8res me manquent\u00a0\u00bb. Et si visiblement la<br \/>\nproduction lui a demand\u00e9 de ne pas d\u00e9voiler cette image, il a brav\u00e9<br \/>\nles interdits.<\/p>\n<p>D&rsquo;ailleurs, les fans se rappellent des paroles du th\u00e8me de la<br \/>\ns\u00e9rie auxquelles fait r\u00e9f\u00e9rence la star et en particulier de la<br \/>\nphrase \u00ab\u00a0You&rsquo;re not the boss of me now\u00a0\u00bb (\u00ab\u00a0<strong>Tu<br \/>\nn&rsquo;es plus mon chef<\/strong> \u00e0 partir de maintenant\u00a0\u00bb : NDLR).<br \/>\nMalcolm n&rsquo;a jamais \u00e9t\u00e9 le dernier a tent\u00e9 de braver l&rsquo;autorit\u00e9.<\/p>\n<p><img loading=\"lazy\" decoding=\"async\" aria-describedby=\"caption-attachment-1214845\" itemprop=\"thumbnailUrl\" class=\"size-full wp-image-1214845 img-responsive\" src=\"https:\/\/www.europesays.com\/fr\/wp-content\/uploads\/2025\/10\/ed-app-smartpone-2025-10-25t054946.811.jpg\" alt=\"&lt;p&gt;Frankie Muniz&lt;\/p&gt;\" width=\"1280\" height=\"720\"\/> \u00a9 Shutterstock<\/p>\n<p id=\"caption-attachment-1214845\" class=\"wp-caption-text\">Frankie<br \/>\nMuniz.<\/p>\n<p>Le com\u00e9dien qui incarne Dewey dans<br \/>\nMalcolm a \u00e9t\u00e9 remplac\u00e9<\/p>\n<p>Parmi les trois fr\u00e8res, celui qui a le plus chang\u00e9 est Reese \u00e0<br \/>\nen croire <a href=\"https:\/\/www.mariefrance.fr\/insolite\/selfie-recoit-530-000-commentaires-physique-refuse-supprimer-photo-excellente-raison-1200761.html\" rel=\"nofollow noopener\" target=\"_blank\">les commentaires qui fleurissent sur la toile<\/a>. Mais<br \/>\nc&rsquo;est surtout l&rsquo;impatience qui est palpable alors que la<br \/>\npublication de Frankie Muniz a \u00e9t\u00e9 <strong>lik\u00e9e plus de 1,2<br \/>\nmillion de fois<\/strong> et comment\u00e9 par plus de 500 000<br \/>\nutilisateurs sur Instagram. \u00ab\u00a0J\u2019ai <strong>trop h\u00e2te<\/strong> de<br \/>\nvoir \u00e7a !!!\u00a0\u00bb, \u00ab\u00a0Vous \u00eates magnifiques. Tellement press\u00e9<br \/>\npour la s\u00e9rie\u00a0\u00bb, est-il ainsi possible de lire.<\/p>\n<blockquote class=\"twitter-tweet\"><p><a class=\"twitter-link\" rel=\"noindex, nofollow noopener\" href=\"https:\/\/twitter.com\/mariefrancemag\/status\/1797583222357868975\" target=\"_blank\"><\/p><\/blockquote>\n<p>\u00ab\u00a0Toute mon enfance en une photo\u00a0\u00bb, a lanc\u00e9 un autre. Ces<br \/>\ninconditionnels attendent avec <strong>nostalgie<\/strong> le retour<br \/>\nde la s\u00e9rie culte. Il y aura toutefois un grand absent puisque Erik<br \/>\nPer Sullivan, qui incarnait le petit fr\u00e8re du h\u00e9ros, ne sera pas de<br \/>\nla partie.\u00a0 C&rsquo;est le com\u00e9dien Caleb Ellsworth-Clark qui jouera<br \/>\nle r\u00f4le de <strong>Dewey<\/strong>.<\/p>\n<p><script async src=\"https:\/\/platform.twitter.com\/widgets.js\" charset=\"utf-8\"><\/script><script async src=\"\/\/www.instagram.com\/embed.js\"><\/script><\/p>\n","protected":false},"excerpt":{"rendered":"Les fans sont aux anges avec le retour annonc\u00e9 de Malcolm pour 2026. Le tournage de la suite&hellip;\n","protected":false},"author":2,"featured_media":488711,"comment_status":"","ping_status":"","sticky":false,"template":"","format":"standard","meta":{"footnotes":""},"categories":[1359],"tags":[21303,58,59,1011,27,973],"class_list":{"0":"post-488710","1":"post","2":"type-post","3":"status-publish","4":"format-standard","5":"has-post-thumbnail","7":"category-people","8":"tag-buzz_nonli","9":"tag-divertissement","10":"tag-entertainment","11":"tag-fr","12":"tag-france","13":"tag-people"},"share_on_mastodon":{"url":"https:\/\/pubeurope.com\/@fr\/115433999823732692","error":""},"_links":{"self":[{"href":"https:\/\/www.europesays.com\/fr\/wp-json\/wp\/v2\/posts\/488710","targetHints":{"allow":["GET"]}}],"collection":[{"href":"https:\/\/www.europesays.com\/fr\/wp-json\/wp\/v2\/posts"}],"about":[{"href":"https:\/\/www.europesays.com\/fr\/wp-json\/wp\/v2\/types\/post"}],"author":[{"embeddable":true,"href":"https:\/\/www.europesays.com\/fr\/wp-json\/wp\/v2\/users\/2"}],"replies":[{"embeddable":true,"href":"https:\/\/www.europesays.com\/fr\/wp-json\/wp\/v2\/comments?post=488710"}],"version-history":[{"count":0,"href":"https:\/\/www.europesays.com\/fr\/wp-json\/wp\/v2\/posts\/488710\/revisions"}],"wp:featuredmedia":[{"embeddable":true,"href":"https:\/\/www.europesays.com\/fr\/wp-json\/wp\/v2\/media\/488711"}],"wp:attachment":[{"href":"https:\/\/www.europesays.com\/fr\/wp-json\/wp\/v2\/media?parent=488710"}],"wp:term":[{"taxonomy":"category","embeddable":true,"href":"https:\/\/www.europesays.com\/fr\/wp-json\/wp\/v2\/categories?post=488710"},{"taxonomy":"post_tag","embeddable":true,"href":"https:\/\/www.europesays.com\/fr\/wp-json\/wp\/v2\/tags?post=488710"}],"curies":[{"name":"wp","href":"https:\/\/api.w.org\/{rel}","templated":true}]}}