{"id":488714,"date":"2025-10-25T09:05:22","date_gmt":"2025-10-25T09:05:22","guid":{"rendered":"https:\/\/www.europesays.com\/fr\/488714\/"},"modified":"2025-10-25T09:05:22","modified_gmt":"2025-10-25T09:05:22","slug":"avec-la-victoire-dycare-alias-le-lapin-le-podium-vous-rappellera-les-emissions-des-annees-2000","status":"publish","type":"post","link":"https:\/\/www.europesays.com\/fr\/488714\/","title":{"rendered":"avec la victoire d\u2019Ycare, alias le Lapin, le podium vous rappellera les \u00e9missions des ann\u00e9es 2000"},"content":{"rendered":"<p>        <img decoding=\"async\" loading=\"lazy\" src=\"https:\/\/www.europesays.com\/fr\/wp-content\/uploads\/2025\/10\/872975d_upload-1-rzfr0egy6l2d-screenshot-2025-10-25-09-25-18.png\"  width=\"728\" height=\"410\" alt=\"Le podium de \u00ab\u00a0Mask Singer\u00a0\u00bb a de quoi rendre nostalgique des ann\u00e9es 2000\u00a0: la saison est remport\u00e9e par Ycare avec Priscilla Betti et Karima Charni en 2e et 3e positions.\"\/>  <\/p>\n<p>Capture d\u2019\u00e9cran TF1<\/p>\n<p>Le podium de \u00ab\u00a0Mask Singer\u00a0\u00bb a de quoi rendre nostalgique des ann\u00e9es 2000\u00a0: la saison est remport\u00e9e par Ycare avec Priscilla Betti et Karima Charni en 2e et 3e positions.<\/p>\n<p class=\"asset asset-text\">DIVERTISSEMENT &#8211; Il y avait comme un air d\u2019ann\u00e9es 2000\u00a0sur le plateau de <a href=\"https:\/\/www.huffingtonpost.fr\/divertissement\/article\/dans-mask-singer-le-youtubeur-tibo-inshape-a-enfin-ete-demasque-par-le-jury_255885.html\" target=\"_blank\" rel=\"noopener\">Mask Singer<\/a>. Le programme pr\u00e9sent\u00e9 comme \u00ab\u00a0la plus grande enqu\u00eate musicale de France\u00a0\u00bb est arriv\u00e9 \u00e0 son terme vendredi 24\u00a0octobre, apr\u00e8s une finale diffus\u00e9e sur TF1. Le public a non seulement d\u00e9couvert qui de l\u2019Agneau, la Taupe ou le Lapin a remport\u00e9 le troph\u00e9e, mais il a surtout pu (enfin) voir qui se cachait <a href=\"https:\/\/www.huffingtonpost.fr\/divertissement\/article\/dans-mask-singer-deux-acteurs-se-cachaient-derriere-le-doudou-et-lady-saucisse_255586.html\" target=\"_blank\" rel=\"noopener\">derri\u00e8re les diff\u00e9rents costumes<\/a>.<\/p>\n<p class=\"asset asset-text\">Les finalistes ont d\u2019abord partag\u00e9 des duos avec les candidats \u00e9limin\u00e9s les semaines pr\u00e9c\u00e9dentes. La prestation de tr\u00e8s haut niveau de la Taupe et du Cygne (Anne Sila), sur Halo de Beyonc\u00e9, a achev\u00e9 de convaincre que la star sous le costume du rongeur \u00e9tait une chanteuse professionnelle. La victoire finale s\u2019est jou\u00e9e dans un ultime face-\u00e0-face entre la Taupe et le Lapin, qui a finalement rafl\u00e9 le troph\u00e9e, <strong>comme vous pouvez le voir dans la s\u00e9quence ci-dessous<\/strong>.<\/p>\n<p class=\"asset asset-text\">Derri\u00e8re le masque \u00e0 grandes oreilles se cachait le chanteur Ycare, r\u00e9v\u00e9l\u00e9 par l\u2019\u00e9mission Nouvelle Star en 2008\u00a0et qui avait \u00e9t\u00e9 identifi\u00e9 par les enqu\u00eateurs, \u00e0 l\u2019exception de Chantal Ladesou. L\u2019artiste de 42\u00a0ans, qui a depuis sorti de nombreux albums et collabor\u00e9 avec plusieurs ic\u00f4nes de la chanson fran\u00e7aise, a expliqu\u00e9 avoir particip\u00e9 \u00e0 Mask Singer pour \u00ab\u00a0dire aux adultes de ne pas ignorer l\u2019enfant qui est \u00e0 l\u2019int\u00e9rieur de nous\u00a0\u00bb.<\/p>\n<p> La lecture de ce contenu est susceptible d\u2019entra\u00eener un d\u00e9p\u00f4t de cookies de la part de l\u2019op\u00e9rateur tiers qui l\u2019h\u00e9berge. Compte-tenu des choix que vous avez exprim\u00e9s en mati\u00e8re de d\u00e9p\u00f4t de cookies, nous avons bloqu\u00e9 l\u2019affichage de ce contenu. Si vous souhaitez y acc\u00e9der, vous devez accepter la cat\u00e9gorie de cookies \u201cContenus tiers\u201d en cliquant sur le bouton ci-dessous. <\/p>\n<p> Lire la Vid\u00e9o        <\/p>\n<p class=\"asset asset-text\">Ycare succ\u00e8de \u00e0 la chanteuse Lola Dubini, qui avait <a href=\"https:\/\/www.huffingtonpost.fr\/divertissement\/article\/mask-singer-saison-7-lola-dubini-alias-la-girafe-remporte-le-concours_251904.html\" target=\"_blank\" rel=\"noopener\">remport\u00e9 la saison derni\u00e8re<\/a> dans le costume de la Girafe.<\/p>\n<p>                     Priscilla Betti et Karima Charni arrivent 2e et 3e    <\/p>\n<p class=\"asset asset-text\">Les stars qui compl\u00e8tent le podium ont de quoi rendre les t\u00e9l\u00e9spectateurs nostalgiques des \u00e9missions des ann\u00e9es 2000. \u00c0 la deuxi\u00e8me place on retrouve la Taupe, qui n\u2019\u00e9tait autre que Priscilla Betti, r\u00e9v\u00e9l\u00e9e dans l\u2019\u00e9mission Dr\u00f4les de petits champions et dont les tubes \u00ab\u00a0Quand je serai jeune\u00a0\u00bb et \u00ab\u00a0Regarde-moi (teste-moi, d\u00e9teste-moi)\u00a0\u00bb ont marqu\u00e9 toute une g\u00e9n\u00e9ration. La chanteuse s\u2019est depuis illustr\u00e9e dans des com\u00e9dies musicales (notamment Flashdance), mais aussi dans l\u2019\u00e9mission Danse avec les Stars, o\u00f9 elle \u00e9tait arriv\u00e9e en deuxi\u00e8me position.<\/p>\n<p>         <img decoding=\"async\" loading=\"lazy\" src=\"https:\/\/www.europesays.com\/fr\/wp-content\/uploads\/2025\/10\/8e73b32_upload-1-hj4swh7vdo1f-screenshot-2025-10-25-09-29-18.png\"  width=\"728\" height=\"410\" alt=\"La chanteuse Priscilla Betti se cachait sous le costume de la Taupe.\"\/>  <\/p>\n<p>Capture d\u2019\u00e9cran TF1<\/p>\n<p class=\"asset asset-text\">Derri\u00e8re Priscilla Betti, l\u2019Agneau a rafl\u00e9 la troisi\u00e8me place et c\u2019est l\u2019animatrice et chroniqueuse Karima Charni qui se cachait sous le costume, <strong>comme le montre l\u2019extrait ci-dessous<\/strong>. R\u00e9v\u00e9l\u00e9e par la saison 4\u00a0de la Star Academy, elle compl\u00e8te donc un podium dont tous les membres ont commenc\u00e9 leur longue carri\u00e8re dans les ann\u00e9es 2000. Si certains des juges enqu\u00eateurs avaient devin\u00e9 son identit\u00e9, d\u2019autres ont cit\u00e9 le nom de Lucie Bernardoni, elle aussi candidate embl\u00e9matique du t\u00e9l\u00e9crochet de TF1.<\/p>\n<p> La lecture de ce contenu est susceptible d\u2019entra\u00eener un d\u00e9p\u00f4t de cookies de la part de l\u2019op\u00e9rateur tiers qui l\u2019h\u00e9berge. Compte-tenu des choix que vous avez exprim\u00e9s en mati\u00e8re de d\u00e9p\u00f4t de cookies, nous avons bloqu\u00e9 l\u2019affichage de ce contenu. Si vous souhaitez y acc\u00e9der, vous devez accepter la cat\u00e9gorie de cookies \u201cContenus tiers\u201d en cliquant sur le bouton ci-dessous. <\/p>\n<p> Lire la Vid\u00e9o        <\/p>\n<p class=\"asset asset-text\">Ce n\u2019est pas la derni\u00e8re fois que le public de la premi\u00e8re cha\u00eene verra Karima Charni sur son \u00e9cran ce week-end. En plus de son poste de chroniqueuse de la matinale Bonjour\u00a0! de TF1, elle coanime la deuxi\u00e8me partie de soir\u00e9e dans l\u2019\u00e9mission Star Academy, dont le <a href=\"https:\/\/www.huffingtonpost.fr\/divertissement\/article\/star-academy-on-connait-la-liste-des-premiers-artistes-invites-pour-le-prochain-prime-diffuse-sur-tf1_256262.html\" target=\"_blank\" rel=\"noopener\">premier prime \u00e9liminatoire<\/a> se tient ce samedi 25\u00a0octobre. Reste \u00e0 voir si Nikos Aliagas ou les professeurs reviendront avec elle sur sa folle aventure sous le masque de l\u2019Agneau.<\/p>\n","protected":false},"excerpt":{"rendered":"Capture d\u2019\u00e9cran TF1 Le podium de \u00ab\u00a0Mask Singer\u00a0\u00bb a de quoi rendre nostalgique des ann\u00e9es 2000\u00a0: la saison&hellip;\n","protected":false},"author":2,"featured_media":488715,"comment_status":"","ping_status":"","sticky":false,"template":"","format":"standard","meta":{"footnotes":""},"categories":[1356],"tags":[58,59,1011,27,5983,252,199,1364],"class_list":{"0":"post-488714","1":"post","2":"type-post","3":"status-publish","4":"format-standard","5":"has-post-thumbnail","7":"category-television","8":"tag-divertissement","9":"tag-entertainment","10":"tag-fr","11":"tag-france","12":"tag-mask-singer","13":"tag-television","14":"tag-tf1","15":"tag-tv"},"share_on_mastodon":{"url":"https:\/\/pubeurope.com\/@fr\/115434011762296467","error":""},"_links":{"self":[{"href":"https:\/\/www.europesays.com\/fr\/wp-json\/wp\/v2\/posts\/488714","targetHints":{"allow":["GET"]}}],"collection":[{"href":"https:\/\/www.europesays.com\/fr\/wp-json\/wp\/v2\/posts"}],"about":[{"href":"https:\/\/www.europesays.com\/fr\/wp-json\/wp\/v2\/types\/post"}],"author":[{"embeddable":true,"href":"https:\/\/www.europesays.com\/fr\/wp-json\/wp\/v2\/users\/2"}],"replies":[{"embeddable":true,"href":"https:\/\/www.europesays.com\/fr\/wp-json\/wp\/v2\/comments?post=488714"}],"version-history":[{"count":0,"href":"https:\/\/www.europesays.com\/fr\/wp-json\/wp\/v2\/posts\/488714\/revisions"}],"wp:featuredmedia":[{"embeddable":true,"href":"https:\/\/www.europesays.com\/fr\/wp-json\/wp\/v2\/media\/488715"}],"wp:attachment":[{"href":"https:\/\/www.europesays.com\/fr\/wp-json\/wp\/v2\/media?parent=488714"}],"wp:term":[{"taxonomy":"category","embeddable":true,"href":"https:\/\/www.europesays.com\/fr\/wp-json\/wp\/v2\/categories?post=488714"},{"taxonomy":"post_tag","embeddable":true,"href":"https:\/\/www.europesays.com\/fr\/wp-json\/wp\/v2\/tags?post=488714"}],"curies":[{"name":"wp","href":"https:\/\/api.w.org\/{rel}","templated":true}]}}