{"id":488716,"date":"2025-10-25T09:07:27","date_gmt":"2025-10-25T09:07:27","guid":{"rendered":"https:\/\/www.europesays.com\/fr\/488716\/"},"modified":"2025-10-25T09:07:27","modified_gmt":"2025-10-25T09:07:27","slug":"david-hallyday-ce-metier-tout-trouve-pour-sa-fille-ilona-elle-est-tellement-douee","status":"publish","type":"post","link":"https:\/\/www.europesays.com\/fr\/488716\/","title":{"rendered":"David Hallyday\u00a0: ce m\u00e9tier tout trouv\u00e9 pour sa fille Ilona, \u00ab\u00a0elle est tellement dou\u00e9e\u00a0\u00bb"},"content":{"rendered":"<p>En avril dernier, David Hallyday a donn\u00e9 le coup d&rsquo;envoi de <strong>sa tourn\u00e9e intitul\u00e9e Requiem pour un fou<\/strong> du nom de la chanson culte de son p\u00e8re sortie en 1976. Apr\u00e8s une pause de six mois, <a href=\"https:\/\/www.public.fr\/david-hallyday-accuse-le-public-de-lui-avoir-vole-johnny\" rel=\"nofollow noopener\" target=\"_blank\">le fils du Taulier<\/a> s&rsquo;appr\u00eate \u00e0 reprendre la route. Le 6\u00a0novembre prochain, <a href=\"https:\/\/www.public.fr\/un-psychiatre-qui-cache-beaucoup-de-choses-david-hallyday-evoque-comme-rarement-sa-nouvelle-vie-professionnelle\" rel=\"nofollow noopener\" target=\"_blank\">l&rsquo;artiste de 59 ans<\/a> se produira \u00e0 Toulon. Puis, il passera aussi par Paris, Metz, Brest ou encore Marseille le 30\u00a0novembre. Ce sera son <strong>dernier concert de 2025 <\/strong>avant qu&rsquo;il ne retrouve ses fans au printemps 2026 pour une s\u00e9rie de <strong>seize spectacles<\/strong>.<\/p>\n<p><strong>Huit ans apr\u00e8s la mort de Johnny<\/strong>, c&rsquo;est le concert que ses fans attendaient. Le succ\u00e8s est au rendez-vous et c&rsquo;est d&rsquo;ailleurs pour cela que <a href=\"https:\/\/www.public.fr\/sylvie-vartan-son-fils-david-hallyday-et-ses-petites-filles-ilona-et-emma-brisent-le-silence-apres-le-drame\" rel=\"nofollow noopener\" target=\"_blank\">le fils de Sylvie Vartan<\/a> a d\u00e9cid\u00e9 de <strong>r\u00e9\u00e9diter Requiem pour un fou le 7\u00a0novembre prochain <\/strong>en double album. L&rsquo;occasion de retrouver l&rsquo;album original et un album de son concert capt\u00e9 au Forest National de Bruxelles le 13\u00a0avril dernier.<\/p>\n<p>Une riche actualit\u00e9 pour <a href=\"https:\/\/www.public.fr\/david-hallyday-et-laura-smet-vivent-un-moment-magique-une-toute-autre-ambiance-cote-californie\" rel=\"nofollow noopener\" target=\"_blank\">le demi-fr\u00e8re de Laura Smet<\/a>. Ainsi, ce mercredi 22\u00a0octobre, ce dernier a \u00e9t\u00e9 invit\u00e9 dans l&rsquo;\u00e9mission 1 mois\/ 1 artiste sur Nostalgie. S&rsquo;il a beaucoup parl\u00e9 de cette magnifique tourn\u00e9e, David Hallyday n&rsquo;a pas h\u00e9sit\u00e9 non plus \u00e0 parler de <strong>sa vie de famille<\/strong> et de <strong><a href=\"https:\/\/www.public.fr\/ilona-smet-maman-pour-la-2e-fois-la-petite-fille-de-johnny-hallyday-devoile-son-bebe-sur-instagram\" rel=\"nofollow noopener\" target=\"_blank\">sa fille<\/a> a\u00een\u00e9e Ilona<\/strong>. Selon lui, son avenir semble tout trac\u00e9.<\/p>\n<p>David Hallyday\u00a0: sa fille Ilona pr\u00eate \u00e0 se lancer dans un m\u00e9tier artistique\u00a0?<\/p>\n<p>En tout cas, <a href=\"https:\/\/www.google.com\/url?sa=t&amp;source=web&amp;rct=j&amp;opi=89978449&amp;url=https:\/\/vsd.fr\/89122-david-hallyday-toujours-en-couple-avec-alexandra-pastor-sa-reponse-ne-laisse-aucune-place-au-doute\/&amp;ved=2ahUKEwi-roSI67yQAxUNK_sDHVbyORgQFnoECBgQAQ&amp;usg=AOvVaw0VKpJkL2AW4Nd00LGPEUdz\" rel=\"nofollow noopener\" target=\"_blank\">son p\u00e8re<\/a> semble pr\u00eat \u00e0 la soutenir. Au cours de cet entretien, David Hallyday a ainsi r\u00e9v\u00e9l\u00e9 le talent cach\u00e9 de sa fille la plus \u00e2g\u00e9e. \u00ab\u00a0J&rsquo;aurais r\u00eav\u00e9 de savoir peindre. <strong><a href=\"https:\/\/www.google.com\/url?sa=t&amp;source=web&amp;rct=j&amp;opi=89978449&amp;url=https:\/\/vsd.fr\/20281-confidences-ilona-smet-revient-sur-lheritage-trop-lourd-du-clan-hallyday\/&amp;ved=2ahUKEwjLgs3F67yQAxVSoScCHVyPAeoQFnoECDcQAQ&amp;usg=AOvVaw3hTFCPBgP8tu09b-xrqPG7\" rel=\"nofollow noopener\" target=\"_blank\">Ma fille Ilona<\/a>, c&rsquo;est juste une dinguerie. Elle est tellement dou\u00e9e<\/strong>. Elle pourrait vraiment en faire son m\u00e9tier\u00a0\u00bb, a-t-il d\u00e9clar\u00e9 \u00e0 son sujet. \u00ab\u00a0On a pas mal de peintres dans la famille. Mon cousin germain qui est aussi com\u00e9dien. Il est aux \u00c9tats-Unis. Mon grand-p\u00e8re maternel, incroyable sculpteur. J&rsquo;aurais ador\u00e9 poser dans la nature et pouvoir peindre comme \u00e7a. Mais je suis nul. <strong>Je sais de quoi je suis capable, et l\u00e0, il n&rsquo;y a aucun espoir.<\/strong> Mais j&rsquo;aurais ador\u00e9 parce qu&rsquo;\u00e0 un moment, tu n&rsquo;as besoin de rien en fait. Tu dessines juste\u00a0\u00bb, a-t-il ajout\u00e9.<\/p>\n<p>Pour rappel, <strong><a href=\"https:\/\/www.google.com\/url?sa=t&amp;source=web&amp;rct=j&amp;opi=89978449&amp;url=https:\/\/vsd.fr\/81138-johnny-hallyday-de-nouveau-enceinte-sa-petite-fille-ilona-vole-la-vedette-des-stars-du-grand-prix-de-monaco\/&amp;ved=2ahUKEwjLgs3F67yQAxVSoScCHVyPAeoQFnoECBcQAQ&amp;usg=AOvVaw00AwS_szNqcoj7YfG4md36\" rel=\"nofollow noopener\" target=\"_blank\">Ilona <\/a>est n\u00e9e en 1995<\/strong> et sa s\u0153ur <strong>Emma en 1997<\/strong>. Toutes les deux ont pour parents David Hallyday et Estelle Lef\u00e9bure et toutes les deux sont devenues mamans il y a peu. <strong><a href=\"https:\/\/www.google.com\/url?sa=t&amp;source=web&amp;rct=j&amp;opi=89978449&amp;url=https:\/\/vsd.fr\/2343-ilona-smet-la-nouvelle-star-du-clan-hallyday\/&amp;ved=2ahUKEwjLgs3F67yQAxVSoScCHVyPAeoQFnoECC8QAQ&amp;usg=AOvVaw0kKnUtJimVvAFZ-vjDqlV-\" rel=\"nofollow noopener\" target=\"_blank\">Ilona <\/a>a deux fils<\/strong>. Quant \u00e0 Emma, elle a r\u00e9cemment accueilli son premier enfant. \u00ab\u00a0<strong>Je suis tr\u00e8s fier de mes filles<\/strong> parce que, ce qui est g\u00e9nial, c\u2019est qu\u2019elles font dans la vie ce qu\u2019elles avaient envie de faire. Et \u00e7a, c\u2019est jamais gagn\u00e9. Tu ne sais jamais si elles vont pouvoir le faire et moi, <strong>je suis super content\u00a0\u00bb<\/strong> d\u00e9clarait r\u00e9cemment <a href=\"https:\/\/www.google.com\/url?sa=t&amp;source=web&amp;rct=j&amp;opi=89978449&amp;url=https:\/\/vsd.fr\/64544-david-hallyday-se-livre-sur-sa-famille-de-dingues\/&amp;ved=2ahUKEwi-roSI67yQAxUNK_sDHVbyORgQFnoECBcQAQ&amp;usg=AOvVaw1A0iIp3XRsRRKrIj_P0kdx\" rel=\"nofollow noopener\" target=\"_blank\">leur p\u00e8re<\/a> dans l&rsquo;\u00e9mission 50&rsquo;inside sur TF1.<\/p>\n<p>\n          Hits &amp; People en continu\n        <\/p>\n<p>\n          Public Radio\n        <\/p>\n<p>      Mentionn\u00e9s dans cet article<\/p>\n<p>      Sur le m\u00eame sujet<\/p>\n","protected":false},"excerpt":{"rendered":"En avril dernier, David Hallyday a donn\u00e9 le coup d&rsquo;envoi de sa tourn\u00e9e intitul\u00e9e Requiem pour un fou&hellip;\n","protected":false},"author":2,"featured_media":488717,"comment_status":"","ping_status":"","sticky":false,"template":"","format":"standard","meta":{"footnotes":""},"categories":[1355],"tags":[1300,58,59,195,1011,27,22541,1361,873,26202,9580,1585,6552,61171],"class_list":{"0":"post-488716","1":"post","2":"type-post","3":"status-publish","4":"format-standard","5":"has-post-thumbnail","7":"category-musique","8":"tag-david-hallyday","9":"tag-divertissement","10":"tag-entertainment","11":"tag-fille","12":"tag-fr","13":"tag-france","14":"tag-ilona-smet","15":"tag-music","16":"tag-musique","17":"tag-nostalgie","18":"tag-passion","19":"tag-peinture","20":"tag-pere","21":"tag-pere-et-fille"},"share_on_mastodon":{"url":"https:\/\/pubeurope.com\/@fr\/115434019024123082","error":""},"_links":{"self":[{"href":"https:\/\/www.europesays.com\/fr\/wp-json\/wp\/v2\/posts\/488716","targetHints":{"allow":["GET"]}}],"collection":[{"href":"https:\/\/www.europesays.com\/fr\/wp-json\/wp\/v2\/posts"}],"about":[{"href":"https:\/\/www.europesays.com\/fr\/wp-json\/wp\/v2\/types\/post"}],"author":[{"embeddable":true,"href":"https:\/\/www.europesays.com\/fr\/wp-json\/wp\/v2\/users\/2"}],"replies":[{"embeddable":true,"href":"https:\/\/www.europesays.com\/fr\/wp-json\/wp\/v2\/comments?post=488716"}],"version-history":[{"count":0,"href":"https:\/\/www.europesays.com\/fr\/wp-json\/wp\/v2\/posts\/488716\/revisions"}],"wp:featuredmedia":[{"embeddable":true,"href":"https:\/\/www.europesays.com\/fr\/wp-json\/wp\/v2\/media\/488717"}],"wp:attachment":[{"href":"https:\/\/www.europesays.com\/fr\/wp-json\/wp\/v2\/media?parent=488716"}],"wp:term":[{"taxonomy":"category","embeddable":true,"href":"https:\/\/www.europesays.com\/fr\/wp-json\/wp\/v2\/categories?post=488716"},{"taxonomy":"post_tag","embeddable":true,"href":"https:\/\/www.europesays.com\/fr\/wp-json\/wp\/v2\/tags?post=488716"}],"curies":[{"name":"wp","href":"https:\/\/api.w.org\/{rel}","templated":true}]}}