{"id":488720,"date":"2025-10-25T09:09:13","date_gmt":"2025-10-25T09:09:13","guid":{"rendered":"https:\/\/www.europesays.com\/fr\/488720\/"},"modified":"2025-10-25T09:09:13","modified_gmt":"2025-10-25T09:09:13","slug":"ce-signe-sur-vos-ongles-peut-alerter-sur-une-insuffisance-renale-grave","status":"publish","type":"post","link":"https:\/\/www.europesays.com\/fr\/488720\/","title":{"rendered":"ce signe sur vos ongles peut alerter sur une insuffisance r\u00e9nale grave"},"content":{"rendered":"<p>Les ongles, ces petits bouts de k\u00e9ratine souvent d\u00e9cor\u00e9s, mais<br \/>\nrarement examin\u00e9s de pr\u00e8s, pourraient pourtant \u00eatre des lanceurs<br \/>\nd\u00a0\u00bbalerte bien plus efficaces qu\u2019on ne le pense. D\u2019apr\u00e8s les<br \/>\nsp\u00e9cialistes, un simple changement d\u2019apparence au bout des doigts<br \/>\npourrait annoncer une maladie insidieuse comme<br \/>\n<strong>l\u2019insuffisance r\u00e9nale ou une an\u00e9mie<\/strong>.<\/p>\n<p>Selon les analyses de plusieurs experts, <strong>les<br \/>\nmodifications de couleur<\/strong>, de texture ou de forme de<br \/>\nl\u2019ongle ne sont pas anodines. Elles peuvent m\u00eame pr\u00e9c\u00e9der de<br \/>\nplusieurs semaines l\u2019apparition de sympt\u00f4mes plus graves.<\/p>\n<p>Des indices invisibles \u00e0 l\u2019\u0153il inattentif<\/p>\n<p>Certains signes sont facilement ignor\u00e9s ou confondus avec de<br \/>\nsimples chocs ou carences passag\u00e8res. Toutefois, des ongles<br \/>\nblanch\u00e2tres peuvent indiquer ce que les m\u00e9decins appellent des<br \/>\n<strong>\u00ab\u00a0ongles de Terry\u00a0\u00bb<\/strong>, potentiellement li\u00e9s \u00e0 des<br \/>\npathologies comme une <a href=\"https:\/\/www.modesettravaux.fr\/beaute-bien-etre\/sante-beaute-bien-etre\/cancer-du-foie-ces-deux-signes-discrets-dans-vos-selles-doivent-vous-alerter-154101.html\" rel=\"nofollow noopener\" target=\"_blank\"><br \/>\nmaladie du foie<\/a>, une insuffisance cardiaque ou r\u00e9nale, selon la<br \/>\nclinique am\u00e9ricaine Mayo.<\/p>\n<p>Mais la vigilance ne s\u2019arr\u00eate pas \u00e0 la couleur. Les fameuses<br \/>\nlignes visibles sur <a href=\"https:\/\/www.modesettravaux.fr\/beaute-bien-etre\/sante-beaute-bien-etre\/cancer-ce-signe-meconnu-sur-vos-ongles-peut-reveler-un-risque-accru-129540.html\" rel=\"nofollow noopener\" target=\"_blank\"><br \/>\nles ongles<\/a> racontent, elles aussi, une histoire. D\u2019apr\u00e8s le<br \/>\nsite m\u00e9dical Medscape, <strong>\u00ab\u00a0Les lignes de<br \/>\nMuehrcke\u00a0\u00bb<\/strong>, blanches et horizontales, ne se d\u00e9veloppent pas<br \/>\nen m\u00eame temps que l&rsquo;ongle.\u00a0 Selon <a href=\"https:\/\/www.mariefrance.fr\/equilibre-2\/souvent-premier-signal-symptome-meconnu-niveau-ongles-peut-annoncer-insuffisance-renale-anemie-1204951.html\" rel=\"nofollow noopener\" target=\"_blank\"><br \/>\nmarie france<\/a>, elles sont souvent li\u00e9es \u00e0 une<br \/>\n<strong>insuffisance r\u00e9nale<\/strong>, l\u00e0 encore, ou \u00e0 une an\u00e9mie. \u00c0<br \/>\nne pas confondre avec <strong>\u00ab\u00a0La ligne de Mees\u00a0\u00bb<\/strong>, au<br \/>\ncontraire, suit la pousse de l&rsquo;ongle et peut \u00eatre la cons\u00e9quence<br \/>\nd&rsquo;un empoisonnement aux m\u00e9taux lourds comme l\u2019arsenic.<\/p>\n<p>Plus inqui\u00e9tant encore, une ligne fonc\u00e9e qui s\u2019\u00e9paissit peut<br \/>\nsignaler <strong>un m\u00e9lanome subungu\u00e9al<\/strong>, une forme rare de<br \/>\ncancer de la peau. Quant aux stries verticales, elles sont<br \/>\ng\u00e9n\u00e9ralement b\u00e9nignes, souvent li\u00e9es au vieillissement naturel.<\/p>\n<p><img loading=\"lazy\" decoding=\"async\" aria-describedby=\"caption-attachment-19984\" itemprop=\"thumbnailUrl\" class=\"wp-image-19984 img-responsive\" src=\"https:\/\/www.europesays.com\/fr\/wp-content\/uploads\/2025\/10\/12-1-1024x560.png\" alt=\"Stimuler la pousse des ongles\" width=\"799\" height=\"437\"\/><\/p>\n<p id=\"caption-attachment-19984\" class=\"wp-caption-text\">Couleur,<br \/>\nlignes, forme : vos ongles peuvent alerter avant m\u00eame que les vrais<br \/>\nsympt\u00f4mes apparaissent<\/p>\n<p>Quand consulter : les signaux \u00e0 ne<br \/>\njamais ignorer<\/p>\n<p>Des ongles fragiles qui se d\u00e9collent, une pousse ralentie, une<br \/>\ntexture \u00e9paissie ou des d\u00e9colorations inhabituelles : ces signes,<br \/>\nsouvent jug\u00e9s esth\u00e9tiques, peuvent trahir des troubles profonds.<br \/>\nLes personnes expos\u00e9es \u00e0 l\u2019eau ou \u00e0 des produits chimiques sont<br \/>\nd\u2019autant plus \u00e0 risque.<\/p>\n<p>Enfin, certaines d\u00e9formations plus marqu\u00e9es m\u00e9ritent une<br \/>\nattention imm\u00e9diate. <strong>\u00ab\u00a0Les lignes de Beau\u00a0\u00bb<\/strong>, qui<br \/>\nd\u00e9forment la base de l&rsquo;ongle, peuvent \u00eatre caus\u00e9es par diverses<br \/>\nmaladies : <a href=\"https:\/\/www.modesettravaux.fr\/beaute-bien-etre\/sante-beaute-bien-etre\/diabete-contre-toute-attente-cet-aliment-tres-sucre-aiderait-a-lutter-contre-selon-une-etude-135403.html\" rel=\"nofollow noopener\" target=\"_blank\"><br \/>\nle diab\u00e8te<\/a>, la scarlatine, la pneumonie, l&rsquo;h\u00e9patite, autant<br \/>\nd\u2019indices visuels qui, \u00e0 eux seuls, peuvent orienter un<br \/>\ndiagnostic.<\/p>\n<p>Alors, la prochaine fois que vous regardez vos mains, ne vous<br \/>\ncontentez pas de v\u00e9rifier si votre vernis s\u2019\u00e9caille. Vos ongles<br \/>\npourraient vous parler bien plus que vous ne l\u2019imaginez.<\/p>\n","protected":false},"excerpt":{"rendered":"Les ongles, ces petits bouts de k\u00e9ratine souvent d\u00e9cor\u00e9s, mais rarement examin\u00e9s de pr\u00e8s, pourraient pourtant \u00eatre des&hellip;\n","protected":false},"author":2,"featured_media":488721,"comment_status":"","ping_status":"","sticky":false,"template":"","format":"standard","meta":{"footnotes":""},"categories":[10],"tags":[1011,27,43274,72,71],"class_list":{"0":"post-488720","1":"post","2":"type-post","3":"status-publish","4":"format-standard","5":"has-post-thumbnail","7":"category-sante","8":"tag-fr","9":"tag-france","10":"tag-ga1","11":"tag-health","12":"tag-sante"},"share_on_mastodon":{"url":"https:\/\/pubeurope.com\/@fr\/115434027307206262","error":""},"_links":{"self":[{"href":"https:\/\/www.europesays.com\/fr\/wp-json\/wp\/v2\/posts\/488720","targetHints":{"allow":["GET"]}}],"collection":[{"href":"https:\/\/www.europesays.com\/fr\/wp-json\/wp\/v2\/posts"}],"about":[{"href":"https:\/\/www.europesays.com\/fr\/wp-json\/wp\/v2\/types\/post"}],"author":[{"embeddable":true,"href":"https:\/\/www.europesays.com\/fr\/wp-json\/wp\/v2\/users\/2"}],"replies":[{"embeddable":true,"href":"https:\/\/www.europesays.com\/fr\/wp-json\/wp\/v2\/comments?post=488720"}],"version-history":[{"count":0,"href":"https:\/\/www.europesays.com\/fr\/wp-json\/wp\/v2\/posts\/488720\/revisions"}],"wp:featuredmedia":[{"embeddable":true,"href":"https:\/\/www.europesays.com\/fr\/wp-json\/wp\/v2\/media\/488721"}],"wp:attachment":[{"href":"https:\/\/www.europesays.com\/fr\/wp-json\/wp\/v2\/media?parent=488720"}],"wp:term":[{"taxonomy":"category","embeddable":true,"href":"https:\/\/www.europesays.com\/fr\/wp-json\/wp\/v2\/categories?post=488720"},{"taxonomy":"post_tag","embeddable":true,"href":"https:\/\/www.europesays.com\/fr\/wp-json\/wp\/v2\/tags?post=488720"}],"curies":[{"name":"wp","href":"https:\/\/api.w.org\/{rel}","templated":true}]}}