{"id":488724,"date":"2025-10-25T09:11:11","date_gmt":"2025-10-25T09:11:11","guid":{"rendered":"https:\/\/www.europesays.com\/fr\/488724\/"},"modified":"2025-10-25T09:11:11","modified_gmt":"2025-10-25T09:11:11","slug":"quinte-les-4-infos-incontournables-de-la-reunion-1-a-vincennes-ce-vendredi-24-octobre","status":"publish","type":"post","link":"https:\/\/www.europesays.com\/fr\/488724\/","title":{"rendered":"Quint\u00e9+: Les 4 infos incontournables de la R\u00e9union 1 \u00e0 Vincennes ce vendredi 24 octobre"},"content":{"rendered":"<p><strong>La plus belle musique<\/strong><\/p>\n<p style=\"text-align: justify;\"><strong>R1 C8\u00a0&#8211; Prix Leto\u00a0&#8211; <a href=\"https:\/\/www.equidia.fr\/chevaux\/kentucky-danica\" onclick=\"window.open(this.href, &#039;&#039;, &#039;resizable=no,status=no,location=no,toolbar=no,menubar=no,fullscreen=no,scrollbars=no,dependent=no&#039;); return false;\" target=\"_blank\" rel=\"noopener\">Kentucky Danica<\/a> (809)<\/strong><\/p>\n<p style=\"text-align: justify;\">Sa musique : <strong>1m-1m-3m-1m-1m<\/strong><\/p>\n<p style=\"text-align: justify;\">Le pensionnaire de\u00a0<strong data-end=\"35\" data-start=\"13\">Bastien Joseph<\/strong>\u00a0ne cesse de se distinguer dans cette sp\u00e9cialit\u00e9. Sa seule sortie \u00e0 Vincennes s&rsquo;est sold\u00e9e par une disqualification, en novembre 2023, mais il s&rsquo;agit d&rsquo;un tout autre cheval d\u00e9sormais. Avec Mathieu Mottier, c&rsquo;est une premi\u00e8re chance.<\/p>\n<p><strong>La stat la plus impressionnante<\/strong><\/p>\n<p style=\"text-align: justify;\"><strong>R1 C7\u00a0&#8211; Prix Victor Regis\u00a0&#8211; <a href=\"https:\/\/www.equidia.fr\/chevaux\/mack-de-blary\" onclick=\"window.open(this.href, &#039;&#039;, &#039;resizable=no,status=no,location=no,toolbar=no,menubar=no,fullscreen=no,scrollbars=no,dependent=no&#039;); return false;\" target=\"_blank\" rel=\"noopener\"><strong data-end=\"1475\" data-start=\"1452\">Mack de Blary<\/strong><\/a> (<strong data-end=\"1475\" data-start=\"1452\">708<\/strong>)<\/strong><\/p>\n<p style=\"text-align: justify;\">\u00c0 Vincennes :\u00a0<strong data-end=\"1533\" data-start=\"1495\">8 courses \u2013 5 victoires \u2013 2 places\u00a0<\/strong><\/p>\n<p data-end=\"340\" data-is-last-node=\"\" data-is-only-node=\"\" data-start=\"0\" style=\"text-align: justify;\">Tr\u00e8s \u00e0 l\u2019aise sur la grande piste,\u00a0<strong data-end=\"52\" data-start=\"35\">Mack de Blary<\/strong>\u00a0affiche un superbe bilan \u00e0 Vincennes :\u00a0<strong data-end=\"130\" data-start=\"92\">8 courses, 5 victoires et 2 places<\/strong>. Restant sur\u00a0trois succ\u00e8s cons\u00e9cutifs, dont\u00a0les deux derniers sur cette m\u00eame pist<strong data-end=\"221\" data-start=\"179\">e<\/strong>, le pensionnaire de\u00a0<strong data-end=\"265\" data-start=\"242\">Thierry Duvaldestin<\/strong>\u00a0poss\u00e8de les moyens de\u00a0confirmer sa grande forme dans un excellent lot.<\/p>\n<p><strong>L\u2019entourage confiant<\/strong><\/p>\n<p style=\"text-align: justify;\"><strong>R1 C4 &#8211; Prix Orionis &#8211; Trot &#8211; <a href=\"https:\/\/www.equidia.fr\/chevaux\/ileo-pierji\" onclick=\"window.open(this.href, &#039;&#039;, &#039;resizable=no,status=no,location=no,toolbar=no,menubar=no,fullscreen=no,scrollbars=no,dependent=no&#039;); return false;\" target=\"_blank\" rel=\"noopener\">Il\u00e9o Pierji<\/a> (415)<\/strong><\/p>\n<p style=\"text-align: justify;\"><strong>Charles-Antoine Mary, entra\u00eeneur<\/strong> :\u00a0\u00ab Il\u00e9o Pierji (15) s&rsquo;est impos\u00e9 plaisamment \u00e0 Cordemais avec \u00c9ric Raffin. Il avait \u00e9t\u00e9 malheureux la fois pr\u00e9c\u00e9dente \u00e0 Enghien, sans quoi il aurait fait l&rsquo;arriv\u00e9e. Il est en forme et dans sa cat\u00e9gorie. Je n&rsquo;ai plus de bon pour le d\u00e9ferrer, donc il sera plaqu\u00e9 des quatre pieds. Je pense que cela ne changera pas grand-chose. Je serais d\u00e9\u00e7u de ne pas le voir \u00e0 l&rsquo;arriv\u00e9e. \u00bb<\/p>\n<p><strong>Le cheval rep\u00e9r\u00e9<\/strong><\/p>\n<p style=\"text-align: justify;\"><strong>R1 C3 &#8211; Prix Juno &#8211; Trot &#8211;\u00a0<a href=\"https:\/\/www.equidia.fr\/chevaux\/heraklion-desbois\" onclick=\"window.open(this.href, &#039;&#039;, &#039;resizable=no,status=no,location=no,toolbar=no,menubar=no,fullscreen=no,scrollbars=no,dependent=no&#039;); return false;\" target=\"_blank\" rel=\"noopener\">H\u00e9raklion Desbois<\/a> (<\/strong><b><strong>313)<\/strong><\/b><\/p>\n<p>Rep\u00e9r\u00e9 par NICOLAS LABOURASSE : \u00ab\u00a0Parti en net retrait, a recoll\u00e9 au peloton \u00e0 l&rsquo;entr\u00e9e du premier tournant, puis a patient\u00e9 aux derniers rangs et a fait un effort remarqu\u00e9 en retrait dans la ligne droite finale.\u00a0\u00bb<\/p>\n<p style=\"text-align: justify;\">\u00a0<\/p>\n","protected":false},"excerpt":{"rendered":"La plus belle musique R1 C8\u00a0&#8211; Prix Leto\u00a0&#8211; Kentucky Danica (809) Sa musique : 1m-1m-3m-1m-1m Le pensionnaire de\u00a0Bastien&hellip;\n","protected":false},"author":2,"featured_media":488725,"comment_status":"","ping_status":"","sticky":false,"template":"","format":"standard","meta":{"footnotes":""},"categories":[8],"tags":[7635,58,59,1011,27,1821,2623],"class_list":{"0":"post-488724","1":"post","2":"type-post","3":"status-publish","4":"format-standard","5":"has-post-thumbnail","7":"category-divertissement","8":"tag-attele","9":"tag-divertissement","10":"tag-entertainment","11":"tag-fr","12":"tag-france","13":"tag-pronostics","14":"tag-quinte"},"share_on_mastodon":{"url":"https:\/\/pubeurope.com\/@fr\/115434034550916572","error":""},"_links":{"self":[{"href":"https:\/\/www.europesays.com\/fr\/wp-json\/wp\/v2\/posts\/488724","targetHints":{"allow":["GET"]}}],"collection":[{"href":"https:\/\/www.europesays.com\/fr\/wp-json\/wp\/v2\/posts"}],"about":[{"href":"https:\/\/www.europesays.com\/fr\/wp-json\/wp\/v2\/types\/post"}],"author":[{"embeddable":true,"href":"https:\/\/www.europesays.com\/fr\/wp-json\/wp\/v2\/users\/2"}],"replies":[{"embeddable":true,"href":"https:\/\/www.europesays.com\/fr\/wp-json\/wp\/v2\/comments?post=488724"}],"version-history":[{"count":0,"href":"https:\/\/www.europesays.com\/fr\/wp-json\/wp\/v2\/posts\/488724\/revisions"}],"wp:featuredmedia":[{"embeddable":true,"href":"https:\/\/www.europesays.com\/fr\/wp-json\/wp\/v2\/media\/488725"}],"wp:attachment":[{"href":"https:\/\/www.europesays.com\/fr\/wp-json\/wp\/v2\/media?parent=488724"}],"wp:term":[{"taxonomy":"category","embeddable":true,"href":"https:\/\/www.europesays.com\/fr\/wp-json\/wp\/v2\/categories?post=488724"},{"taxonomy":"post_tag","embeddable":true,"href":"https:\/\/www.europesays.com\/fr\/wp-json\/wp\/v2\/tags?post=488724"}],"curies":[{"name":"wp","href":"https:\/\/api.w.org\/{rel}","templated":true}]}}